{"id":8538,"date":"2025-11-23T11:46:52","date_gmt":"2025-11-23T11:46:52","guid":{"rendered":"https:\/\/sigea.pt\/?p=8538"},"modified":"2025-11-23T11:47:08","modified_gmt":"2025-11-23T11:47:08","slug":"2025-11-17-sessao-de-sensibilizacao-e-prevencao-programa-todos-pintamos-contra-o-bullying-9-o-ano","status":"publish","type":"post","link":"https:\/\/sigea.pt\/en\/2025\/11\/2025-11-17-sessao-de-sensibilizacao-e-prevencao-programa-todos-pintamos-contra-o-bullying-9-o-ano\/","title":{"rendered":"2025-11-17 &#8211; Sess\u00e3o de sensibiliza\u00e7\u00e3o e preven\u00e7\u00e3o Programa \u201cTodos Pintamos Contra o Bullying\u201d (9.\u00ba ano)"},"content":{"rendered":"<div class=\"wp-block-image\">\n<figure class=\"aligncenter size-large\"><img fetchpriority=\"high\" decoding=\"async\" width=\"1024\" height=\"577\" src=\"https:\/\/sigea.pt\/wp-content\/uploads\/2025\/11\/IMG-20251117-WA0003-1024x577.jpg\" alt=\"\" class=\"wp-image-8540\" srcset=\"https:\/\/sigea.pt\/wp-content\/uploads\/2025\/11\/IMG-20251117-WA0003-1024x577.jpg 1024w, https:\/\/sigea.pt\/wp-content\/uploads\/2025\/11\/IMG-20251117-WA0003-300x169.jpg 300w, https:\/\/sigea.pt\/wp-content\/uploads\/2025\/11\/IMG-20251117-WA0003-768x432.jpg 768w, https:\/\/sigea.pt\/wp-content\/uploads\/2025\/11\/IMG-20251117-WA0003-1536x865.jpg 1536w, https:\/\/sigea.pt\/wp-content\/uploads\/2025\/11\/IMG-20251117-WA0003-18x10.jpg 18w, https:\/\/sigea.pt\/wp-content\/uploads\/2025\/11\/IMG-20251117-WA0003-500x282.jpg 500w, https:\/\/sigea.pt\/wp-content\/uploads\/2025\/11\/IMG-20251117-WA0003.jpg 2000w\" sizes=\"(max-width: 1024px) 100vw, 1024px\" \/><\/figure><\/div>\n\n\n<p>Pareceres dos alunos do 9\u00ba ano:<br>H\u00e1 v\u00e1rios tipos de bullying: ciber, socioemocional, verbal, sexual e f\u00edsico.<br>Para ajudar as v\u00edtimas \u00e9 preciso denunciar!<br>Temos de fazer a diferen\u00e7a: n\u00e3o compartilhar v\u00eddeos nem mensagens de bullying. N\u00e3o expor ningu\u00e9m sem o seu consentimento.<br>\u00c9 preciso chegar l\u00e1 e dizer &#8220;P\u00e1ra!&#8221;.<br>1 em cada 3 crian\u00e7as e jovens sofrem Bullying.<br>60% das v\u00edtimas n\u00e3o denunciam. As den\u00fancias s\u00e3o feitas, em m\u00e9dia, 13 meses depois.<br>H\u00e1 uma linha de apoio, \u00e9 importante pedir ajuda aos pais&nbsp;ou&nbsp;professores.<\/p>\n\n\n\n<figure class=\"wp-block-gallery has-nested-images columns-default is-cropped wp-block-gallery-1 is-layout-flex wp-block-gallery-is-layout-flex\">\n<figure class=\"wp-block-image\"><img decoding=\"async\" width=\"2000\" height=\"1126\" data-id=\"8542\" src=\"https:\/\/sigea.pt\/wp-content\/uploads\/2025\/11\/IMG-20251117-WA0005.jpg\" alt=\"\" class=\"wp-image-8542\" srcset=\"https:\/\/sigea.pt\/wp-content\/uploads\/2025\/11\/IMG-20251117-WA0005.jpg 2000w, https:\/\/sigea.pt\/wp-content\/uploads\/2025\/11\/IMG-20251117-WA0005-300x169.jpg 300w, https:\/\/sigea.pt\/wp-content\/uploads\/2025\/11\/IMG-20251117-WA0005-1024x577.jpg 1024w, https:\/\/sigea.pt\/wp-content\/uploads\/2025\/11\/IMG-20251117-WA0005-768x432.jpg 768w, https:\/\/sigea.pt\/wp-content\/uploads\/2025\/11\/IMG-20251117-WA0005-1536x865.jpg 1536w, https:\/\/sigea.pt\/wp-content\/uploads\/2025\/11\/IMG-20251117-WA0005-18x10.jpg 18w, https:\/\/sigea.pt\/wp-content\/uploads\/2025\/11\/IMG-20251117-WA0005-500x282.jpg 500w\" sizes=\"(max-width: 2000px) 100vw, 2000px\" \/><\/figure>\n\n\n\n<figure class=\"wp-block-image\"><img decoding=\"async\" width=\"2000\" height=\"1126\" data-id=\"8541\" src=\"https:\/\/sigea.pt\/wp-content\/uploads\/2025\/11\/IMG-20251117-WA0004.jpg\" alt=\"\" class=\"wp-image-8541\" srcset=\"https:\/\/sigea.pt\/wp-content\/uploads\/2025\/11\/IMG-20251117-WA0004.jpg 2000w, https:\/\/sigea.pt\/wp-content\/uploads\/2025\/11\/IMG-20251117-WA0004-300x169.jpg 300w, https:\/\/sigea.pt\/wp-content\/uploads\/2025\/11\/IMG-20251117-WA0004-1024x577.jpg 1024w, https:\/\/sigea.pt\/wp-content\/uploads\/2025\/11\/IMG-20251117-WA0004-768x432.jpg 768w, https:\/\/sigea.pt\/wp-content\/uploads\/2025\/11\/IMG-20251117-WA0004-1536x865.jpg 1536w, https:\/\/sigea.pt\/wp-content\/uploads\/2025\/11\/IMG-20251117-WA0004-18x10.jpg 18w, https:\/\/sigea.pt\/wp-content\/uploads\/2025\/11\/IMG-20251117-WA0004-500x282.jpg 500w\" sizes=\"(max-width: 2000px) 100vw, 2000px\" \/><\/figure>\n\n\n\n<figure class=\"wp-block-image\"><img loading=\"lazy\" decoding=\"async\" width=\"2000\" height=\"1126\" data-id=\"8540\" src=\"https:\/\/sigea.pt\/wp-content\/uploads\/2025\/11\/IMG-20251117-WA0003.jpg\" alt=\"\" class=\"wp-image-8540\" srcset=\"https:\/\/sigea.pt\/wp-content\/uploads\/2025\/11\/IMG-20251117-WA0003.jpg 2000w, https:\/\/sigea.pt\/wp-content\/uploads\/2025\/11\/IMG-20251117-WA0003-300x169.jpg 300w, https:\/\/sigea.pt\/wp-content\/uploads\/2025\/11\/IMG-20251117-WA0003-1024x577.jpg 1024w, https:\/\/sigea.pt\/wp-content\/uploads\/2025\/11\/IMG-20251117-WA0003-768x432.jpg 768w, https:\/\/sigea.pt\/wp-content\/uploads\/2025\/11\/IMG-20251117-WA0003-1536x865.jpg 1536w, https:\/\/sigea.pt\/wp-content\/uploads\/2025\/11\/IMG-20251117-WA0003-18x10.jpg 18w, https:\/\/sigea.pt\/wp-content\/uploads\/2025\/11\/IMG-20251117-WA0003-500x282.jpg 500w\" sizes=\"(max-width: 2000px) 100vw, 2000px\" \/><\/figure>\n\n\n\n<figure class=\"wp-block-image\"><img loading=\"lazy\" decoding=\"async\" width=\"2000\" height=\"1126\" data-id=\"8539\" src=\"https:\/\/sigea.pt\/wp-content\/uploads\/2025\/11\/IMG-20251117-WA0002.jpg\" alt=\"\" class=\"wp-image-8539\" srcset=\"https:\/\/sigea.pt\/wp-content\/uploads\/2025\/11\/IMG-20251117-WA0002.jpg 2000w, https:\/\/sigea.pt\/wp-content\/uploads\/2025\/11\/IMG-20251117-WA0002-300x169.jpg 300w, https:\/\/sigea.pt\/wp-content\/uploads\/2025\/11\/IMG-20251117-WA0002-1024x577.jpg 1024w, https:\/\/sigea.pt\/wp-content\/uploads\/2025\/11\/IMG-20251117-WA0002-768x432.jpg 768w, https:\/\/sigea.pt\/wp-content\/uploads\/2025\/11\/IMG-20251117-WA0002-1536x865.jpg 1536w, https:\/\/sigea.pt\/wp-content\/uploads\/2025\/11\/IMG-20251117-WA0002-18x10.jpg 18w, https:\/\/sigea.pt\/wp-content\/uploads\/2025\/11\/IMG-20251117-WA0002-500x282.jpg 500w\" sizes=\"(max-width: 2000px) 100vw, 2000px\" \/><\/figure>\n\n\n\n<figure class=\"wp-block-image\"><img loading=\"lazy\" decoding=\"async\" width=\"2000\" height=\"1126\" data-id=\"8537\" src=\"https:\/\/sigea.pt\/wp-content\/uploads\/2025\/11\/IMG-20251117-WA0001.jpg\" alt=\"\" class=\"wp-image-8537\" srcset=\"https:\/\/sigea.pt\/wp-content\/uploads\/2025\/11\/IMG-20251117-WA0001.jpg 2000w, https:\/\/sigea.pt\/wp-content\/uploads\/2025\/11\/IMG-20251117-WA0001-300x169.jpg 300w, https:\/\/sigea.pt\/wp-content\/uploads\/2025\/11\/IMG-20251117-WA0001-1024x577.jpg 1024w, https:\/\/sigea.pt\/wp-content\/uploads\/2025\/11\/IMG-20251117-WA0001-768x432.jpg 768w, https:\/\/sigea.pt\/wp-content\/uploads\/2025\/11\/IMG-20251117-WA0001-1536x865.jpg 1536w, https:\/\/sigea.pt\/wp-content\/uploads\/2025\/11\/IMG-20251117-WA0001-18x10.jpg 18w, https:\/\/sigea.pt\/wp-content\/uploads\/2025\/11\/IMG-20251117-WA0001-500x282.jpg 500w\" sizes=\"(max-width: 2000px) 100vw, 2000px\" \/><\/figure>\n<\/figure>","protected":false},"excerpt":{"rendered":"<p>Pareceres dos alunos do 9\u00ba ano:H\u00e1 v\u00e1rios tipos de bullying: ciber, socioemocional, verbal, sexual e f\u00edsico.Para ajudar as v\u00edtimas \u00e9 preciso denunciar!Temos de fazer a diferen\u00e7a: n\u00e3o compartilhar v\u00eddeos nem&#8230;<\/p>","protected":false},"author":2,"featured_media":0,"comment_status":"closed","ping_status":"closed","sticky":false,"template":"","format":"standard","meta":{"_acf_changed":false,"advgb_blocks_editor_width":"","advgb_blocks_columns_visual_guide":"","_joinchat":[],"footnotes":"","_links_to":"","_links_to_target":""},"categories":[5],"tags":[],"class_list":{"0":"post-8538","1":"post","2":"type-post","3":"status-publish","4":"format-standard","6":"category-atividades"},"acf":[],"yoast_head":"<!-- This site is optimized with the Yoast SEO plugin v26.2 - https:\/\/yoast.com\/wordpress\/plugins\/seo\/ -->\n<title>Col\u00e9gio SIGEA - 2025-11-17 - Sess\u00e3o de sensibiliza\u00e7\u00e3o e preven\u00e7\u00e3o Programa \u201cTodos Pintamos Contra o Bullying\u201d (9.\u00ba ano)<\/title>\n<meta name=\"robots\" content=\"index, follow, max-snippet:-1, max-image-preview:large, max-video-preview:-1\" \/>\n<link rel=\"canonical\" href=\"https:\/\/sigea.pt\/en\/2025\/11\/2025-11-17-sessao-de-sensibilizacao-e-prevencao-programa-todos-pintamos-contra-o-bullying-9-o-ano\/\" \/>\n<meta property=\"og:locale\" content=\"en_GB\" \/>\n<meta property=\"og:type\" content=\"article\" \/>\n<meta property=\"og:title\" content=\"Col\u00e9gio SIGEA - 2025-11-17 - Sess\u00e3o de sensibiliza\u00e7\u00e3o e preven\u00e7\u00e3o Programa \u201cTodos Pintamos Contra o Bullying\u201d (9.\u00ba ano)\" \/>\n<meta property=\"og:description\" content=\"Pareceres dos alunos do 9\u00ba ano:H\u00e1 v\u00e1rios tipos de bullying: ciber, socioemocional, verbal, sexual e f\u00edsico.Para ajudar as v\u00edtimas \u00e9 preciso denunciar!Temos de fazer a diferen\u00e7a: n\u00e3o compartilhar v\u00eddeos nem...\" \/>\n<meta property=\"og:url\" content=\"https:\/\/sigea.pt\/en\/2025\/11\/2025-11-17-sessao-de-sensibilizacao-e-prevencao-programa-todos-pintamos-contra-o-bullying-9-o-ano\/\" \/>\n<meta property=\"og:site_name\" content=\"Col\u00e9gio SIGEA\" \/>\n<meta property=\"article:publisher\" content=\"https:\/\/www.facebook.com\/clsigea\" \/>\n<meta property=\"article:published_time\" content=\"2025-11-23T11:46:52+00:00\" \/>\n<meta property=\"article:modified_time\" content=\"2025-11-23T11:47:08+00:00\" \/>\n<meta property=\"og:image\" content=\"https:\/\/sigea.pt\/wp-content\/uploads\/2025\/11\/IMG-20251117-WA0003.jpg\" \/>\n\t<meta property=\"og:image:width\" content=\"2000\" \/>\n\t<meta property=\"og:image:height\" content=\"1126\" \/>\n\t<meta property=\"og:image:type\" content=\"image\/jpeg\" \/>\n<meta name=\"author\" content=\"clsigea\" \/>\n<meta name=\"twitter:card\" content=\"summary_large_image\" \/>\n<meta name=\"twitter:label1\" content=\"Written by\" \/>\n\t<meta name=\"twitter:data1\" content=\"clsigea\" \/>\n\t<meta name=\"twitter:label2\" content=\"Estimated reading time\" \/>\n\t<meta name=\"twitter:data2\" content=\"2 minutes\" \/>\n<script type=\"application\/ld+json\" class=\"yoast-schema-graph\">{\"@context\":\"https:\/\/schema.org\",\"@graph\":[{\"@type\":\"Article\",\"@id\":\"https:\/\/sigea.pt\/2025\/11\/2025-11-17-sessao-de-sensibilizacao-e-prevencao-programa-todos-pintamos-contra-o-bullying-9-o-ano\/#article\",\"isPartOf\":{\"@id\":\"https:\/\/sigea.pt\/2025\/11\/2025-11-17-sessao-de-sensibilizacao-e-prevencao-programa-todos-pintamos-contra-o-bullying-9-o-ano\/\"},\"author\":{\"name\":\"clsigea\",\"@id\":\"https:\/\/sigea.pt\/#\/schema\/person\/3741f7f1e65e14f9cdacc1c4560ed0a6\"},\"headline\":\"2025-11-17 &#8211; Sess\u00e3o de sensibiliza\u00e7\u00e3o e preven\u00e7\u00e3o Programa \u201cTodos Pintamos Contra o Bullying\u201d (9.\u00ba ano)\",\"datePublished\":\"2025-11-23T11:46:52+00:00\",\"dateModified\":\"2025-11-23T11:47:08+00:00\",\"mainEntityOfPage\":{\"@id\":\"https:\/\/sigea.pt\/2025\/11\/2025-11-17-sessao-de-sensibilizacao-e-prevencao-programa-todos-pintamos-contra-o-bullying-9-o-ano\/\"},\"wordCount\":113,\"publisher\":{\"@id\":\"https:\/\/sigea.pt\/#organization\"},\"image\":{\"@id\":\"https:\/\/sigea.pt\/2025\/11\/2025-11-17-sessao-de-sensibilizacao-e-prevencao-programa-todos-pintamos-contra-o-bullying-9-o-ano\/#primaryimage\"},\"thumbnailUrl\":\"https:\/\/sigea.pt\/wp-content\/uploads\/2025\/11\/IMG-20251117-WA0003-1024x577.jpg\",\"articleSection\":[\"Atividades\"],\"inLanguage\":\"en-GB\"},{\"@type\":\"WebPage\",\"@id\":\"https:\/\/sigea.pt\/2025\/11\/2025-11-17-sessao-de-sensibilizacao-e-prevencao-programa-todos-pintamos-contra-o-bullying-9-o-ano\/\",\"url\":\"https:\/\/sigea.pt\/2025\/11\/2025-11-17-sessao-de-sensibilizacao-e-prevencao-programa-todos-pintamos-contra-o-bullying-9-o-ano\/\",\"name\":\"Col\u00e9gio SIGEA - 2025-11-17 - Sess\u00e3o de sensibiliza\u00e7\u00e3o e preven\u00e7\u00e3o Programa \u201cTodos Pintamos Contra o Bullying\u201d (9.\u00ba ano)\",\"isPartOf\":{\"@id\":\"https:\/\/sigea.pt\/#website\"},\"primaryImageOfPage\":{\"@id\":\"https:\/\/sigea.pt\/2025\/11\/2025-11-17-sessao-de-sensibilizacao-e-prevencao-programa-todos-pintamos-contra-o-bullying-9-o-ano\/#primaryimage\"},\"image\":{\"@id\":\"https:\/\/sigea.pt\/2025\/11\/2025-11-17-sessao-de-sensibilizacao-e-prevencao-programa-todos-pintamos-contra-o-bullying-9-o-ano\/#primaryimage\"},\"thumbnailUrl\":\"https:\/\/sigea.pt\/wp-content\/uploads\/2025\/11\/IMG-20251117-WA0003-1024x577.jpg\",\"datePublished\":\"2025-11-23T11:46:52+00:00\",\"dateModified\":\"2025-11-23T11:47:08+00:00\",\"breadcrumb\":{\"@id\":\"https:\/\/sigea.pt\/2025\/11\/2025-11-17-sessao-de-sensibilizacao-e-prevencao-programa-todos-pintamos-contra-o-bullying-9-o-ano\/#breadcrumb\"},\"inLanguage\":\"en-GB\",\"potentialAction\":[{\"@type\":\"ReadAction\",\"target\":[\"https:\/\/sigea.pt\/2025\/11\/2025-11-17-sessao-de-sensibilizacao-e-prevencao-programa-todos-pintamos-contra-o-bullying-9-o-ano\/\"]}]},{\"@type\":\"ImageObject\",\"inLanguage\":\"en-GB\",\"@id\":\"https:\/\/sigea.pt\/2025\/11\/2025-11-17-sessao-de-sensibilizacao-e-prevencao-programa-todos-pintamos-contra-o-bullying-9-o-ano\/#primaryimage\",\"url\":\"https:\/\/sigea.pt\/wp-content\/uploads\/2025\/11\/IMG-20251117-WA0003-1024x577.jpg\",\"contentUrl\":\"https:\/\/sigea.pt\/wp-content\/uploads\/2025\/11\/IMG-20251117-WA0003-1024x577.jpg\"},{\"@type\":\"BreadcrumbList\",\"@id\":\"https:\/\/sigea.pt\/2025\/11\/2025-11-17-sessao-de-sensibilizacao-e-prevencao-programa-todos-pintamos-contra-o-bullying-9-o-ano\/#breadcrumb\",\"itemListElement\":[{\"@type\":\"ListItem\",\"position\":1,\"name\":\"In\u00edcio\",\"item\":\"https:\/\/sigea.pt\/\"},{\"@type\":\"ListItem\",\"position\":2,\"name\":\"2025-11-17 &#8211; Sess\u00e3o de sensibiliza\u00e7\u00e3o e preven\u00e7\u00e3o Programa \u201cTodos Pintamos Contra o Bullying\u201d (9.\u00ba ano)\"}]},{\"@type\":\"WebSite\",\"@id\":\"https:\/\/sigea.pt\/#website\",\"url\":\"https:\/\/sigea.pt\/\",\"name\":\"Col\u00e9gio SIGEA\",\"description\":\"Educar o Futuro\",\"publisher\":{\"@id\":\"https:\/\/sigea.pt\/#organization\"},\"potentialAction\":[{\"@type\":\"SearchAction\",\"target\":{\"@type\":\"EntryPoint\",\"urlTemplate\":\"https:\/\/sigea.pt\/?s={search_term_string}\"},\"query-input\":{\"@type\":\"PropertyValueSpecification\",\"valueRequired\":true,\"valueName\":\"search_term_string\"}}],\"inLanguage\":\"en-GB\"},{\"@type\":\"Organization\",\"@id\":\"https:\/\/sigea.pt\/#organization\",\"name\":\"Col\u00e9gio Sigea\",\"url\":\"https:\/\/sigea.pt\/\",\"logo\":{\"@type\":\"ImageObject\",\"inLanguage\":\"en-GB\",\"@id\":\"https:\/\/sigea.pt\/#\/schema\/logo\/image\/\",\"url\":\"https:\/\/sigea.pt\/wp-content\/uploads\/2019\/04\/logo-blue.png\",\"contentUrl\":\"https:\/\/sigea.pt\/wp-content\/uploads\/2019\/04\/logo-blue.png\",\"width\":150,\"height\":150,\"caption\":\"Col\u00e9gio Sigea\"},\"image\":{\"@id\":\"https:\/\/sigea.pt\/#\/schema\/logo\/image\/\"},\"sameAs\":[\"https:\/\/www.facebook.com\/clsigea\"]},{\"@type\":\"Person\",\"@id\":\"https:\/\/sigea.pt\/#\/schema\/person\/3741f7f1e65e14f9cdacc1c4560ed0a6\",\"name\":\"clsigea\",\"image\":{\"@type\":\"ImageObject\",\"inLanguage\":\"en-GB\",\"@id\":\"https:\/\/sigea.pt\/#\/schema\/person\/image\/\",\"url\":\"https:\/\/secure.gravatar.com\/avatar\/bed593e8c4f7a64eadd793ee0c358183a074681ff2ab486862ba11ecac82ec5b?s=96&d=mm&r=g\",\"contentUrl\":\"https:\/\/secure.gravatar.com\/avatar\/bed593e8c4f7a64eadd793ee0c358183a074681ff2ab486862ba11ecac82ec5b?s=96&d=mm&r=g\",\"caption\":\"clsigea\"}}]}<\/script>\n<!-- \/ Yoast SEO plugin. -->","yoast_head_json":{"title":"Col\u00e9gio SIGEA - 2025-11-17 - Sess\u00e3o de sensibiliza\u00e7\u00e3o e preven\u00e7\u00e3o Programa \u201cTodos Pintamos Contra o Bullying\u201d (9.\u00ba ano)","robots":{"index":"index","follow":"follow","max-snippet":"max-snippet:-1","max-image-preview":"max-image-preview:large","max-video-preview":"max-video-preview:-1"},"canonical":"https:\/\/sigea.pt\/en\/2025\/11\/2025-11-17-sessao-de-sensibilizacao-e-prevencao-programa-todos-pintamos-contra-o-bullying-9-o-ano\/","og_locale":"en_GB","og_type":"article","og_title":"Col\u00e9gio SIGEA - 2025-11-17 - Sess\u00e3o de sensibiliza\u00e7\u00e3o e preven\u00e7\u00e3o Programa \u201cTodos Pintamos Contra o Bullying\u201d (9.\u00ba ano)","og_description":"Pareceres dos alunos do 9\u00ba ano:H\u00e1 v\u00e1rios tipos de bullying: ciber, socioemocional, verbal, sexual e f\u00edsico.Para ajudar as v\u00edtimas \u00e9 preciso denunciar!Temos de fazer a diferen\u00e7a: n\u00e3o compartilhar v\u00eddeos nem...","og_url":"https:\/\/sigea.pt\/en\/2025\/11\/2025-11-17-sessao-de-sensibilizacao-e-prevencao-programa-todos-pintamos-contra-o-bullying-9-o-ano\/","og_site_name":"Col\u00e9gio SIGEA","article_publisher":"https:\/\/www.facebook.com\/clsigea","article_published_time":"2025-11-23T11:46:52+00:00","article_modified_time":"2025-11-23T11:47:08+00:00","og_image":[{"width":2000,"height":1126,"url":"https:\/\/sigea.pt\/wp-content\/uploads\/2025\/11\/IMG-20251117-WA0003.jpg","type":"image\/jpeg"}],"author":"clsigea","twitter_card":"summary_large_image","twitter_misc":{"Written by":"clsigea","Estimated reading time":"2 minutes"},"schema":{"@context":"https:\/\/schema.org","@graph":[{"@type":"Article","@id":"https:\/\/sigea.pt\/2025\/11\/2025-11-17-sessao-de-sensibilizacao-e-prevencao-programa-todos-pintamos-contra-o-bullying-9-o-ano\/#article","isPartOf":{"@id":"https:\/\/sigea.pt\/2025\/11\/2025-11-17-sessao-de-sensibilizacao-e-prevencao-programa-todos-pintamos-contra-o-bullying-9-o-ano\/"},"author":{"name":"clsigea","@id":"https:\/\/sigea.pt\/#\/schema\/person\/3741f7f1e65e14f9cdacc1c4560ed0a6"},"headline":"2025-11-17 &#8211; Sess\u00e3o de sensibiliza\u00e7\u00e3o e preven\u00e7\u00e3o Programa \u201cTodos Pintamos Contra o Bullying\u201d (9.\u00ba ano)","datePublished":"2025-11-23T11:46:52+00:00","dateModified":"2025-11-23T11:47:08+00:00","mainEntityOfPage":{"@id":"https:\/\/sigea.pt\/2025\/11\/2025-11-17-sessao-de-sensibilizacao-e-prevencao-programa-todos-pintamos-contra-o-bullying-9-o-ano\/"},"wordCount":113,"publisher":{"@id":"https:\/\/sigea.pt\/#organization"},"image":{"@id":"https:\/\/sigea.pt\/2025\/11\/2025-11-17-sessao-de-sensibilizacao-e-prevencao-programa-todos-pintamos-contra-o-bullying-9-o-ano\/#primaryimage"},"thumbnailUrl":"https:\/\/sigea.pt\/wp-content\/uploads\/2025\/11\/IMG-20251117-WA0003-1024x577.jpg","articleSection":["Atividades"],"inLanguage":"en-GB"},{"@type":"WebPage","@id":"https:\/\/sigea.pt\/2025\/11\/2025-11-17-sessao-de-sensibilizacao-e-prevencao-programa-todos-pintamos-contra-o-bullying-9-o-ano\/","url":"https:\/\/sigea.pt\/2025\/11\/2025-11-17-sessao-de-sensibilizacao-e-prevencao-programa-todos-pintamos-contra-o-bullying-9-o-ano\/","name":"Col\u00e9gio SIGEA - 2025-11-17 - Sess\u00e3o de sensibiliza\u00e7\u00e3o e preven\u00e7\u00e3o Programa \u201cTodos Pintamos Contra o Bullying\u201d (9.\u00ba ano)","isPartOf":{"@id":"https:\/\/sigea.pt\/#website"},"primaryImageOfPage":{"@id":"https:\/\/sigea.pt\/2025\/11\/2025-11-17-sessao-de-sensibilizacao-e-prevencao-programa-todos-pintamos-contra-o-bullying-9-o-ano\/#primaryimage"},"image":{"@id":"https:\/\/sigea.pt\/2025\/11\/2025-11-17-sessao-de-sensibilizacao-e-prevencao-programa-todos-pintamos-contra-o-bullying-9-o-ano\/#primaryimage"},"thumbnailUrl":"https:\/\/sigea.pt\/wp-content\/uploads\/2025\/11\/IMG-20251117-WA0003-1024x577.jpg","datePublished":"2025-11-23T11:46:52+00:00","dateModified":"2025-11-23T11:47:08+00:00","breadcrumb":{"@id":"https:\/\/sigea.pt\/2025\/11\/2025-11-17-sessao-de-sensibilizacao-e-prevencao-programa-todos-pintamos-contra-o-bullying-9-o-ano\/#breadcrumb"},"inLanguage":"en-GB","potentialAction":[{"@type":"ReadAction","target":["https:\/\/sigea.pt\/2025\/11\/2025-11-17-sessao-de-sensibilizacao-e-prevencao-programa-todos-pintamos-contra-o-bullying-9-o-ano\/"]}]},{"@type":"ImageObject","inLanguage":"en-GB","@id":"https:\/\/sigea.pt\/2025\/11\/2025-11-17-sessao-de-sensibilizacao-e-prevencao-programa-todos-pintamos-contra-o-bullying-9-o-ano\/#primaryimage","url":"https:\/\/sigea.pt\/wp-content\/uploads\/2025\/11\/IMG-20251117-WA0003-1024x577.jpg","contentUrl":"https:\/\/sigea.pt\/wp-content\/uploads\/2025\/11\/IMG-20251117-WA0003-1024x577.jpg"},{"@type":"BreadcrumbList","@id":"https:\/\/sigea.pt\/2025\/11\/2025-11-17-sessao-de-sensibilizacao-e-prevencao-programa-todos-pintamos-contra-o-bullying-9-o-ano\/#breadcrumb","itemListElement":[{"@type":"ListItem","position":1,"name":"In\u00edcio","item":"https:\/\/sigea.pt\/"},{"@type":"ListItem","position":2,"name":"2025-11-17 &#8211; Sess\u00e3o de sensibiliza\u00e7\u00e3o e preven\u00e7\u00e3o Programa \u201cTodos Pintamos Contra o Bullying\u201d (9.\u00ba ano)"}]},{"@type":"WebSite","@id":"https:\/\/sigea.pt\/#website","url":"https:\/\/sigea.pt\/","name":"Our School","description":"Educating the Future","publisher":{"@id":"https:\/\/sigea.pt\/#organization"},"potentialAction":[{"@type":"SearchAction","target":{"@type":"EntryPoint","urlTemplate":"https:\/\/sigea.pt\/?s={search_term_string}"},"query-input":{"@type":"PropertyValueSpecification","valueRequired":true,"valueName":"search_term_string"}}],"inLanguage":"en-GB"},{"@type":"Organization","@id":"https:\/\/sigea.pt\/#organization","name":"Col\u00e9gio Sigea","url":"https:\/\/sigea.pt\/","logo":{"@type":"ImageObject","inLanguage":"en-GB","@id":"https:\/\/sigea.pt\/#\/schema\/logo\/image\/","url":"https:\/\/sigea.pt\/wp-content\/uploads\/2019\/04\/logo-blue.png","contentUrl":"https:\/\/sigea.pt\/wp-content\/uploads\/2019\/04\/logo-blue.png","width":150,"height":150,"caption":"Col\u00e9gio Sigea"},"image":{"@id":"https:\/\/sigea.pt\/#\/schema\/logo\/image\/"},"sameAs":["https:\/\/www.facebook.com\/clsigea"]},{"@type":"Person","@id":"https:\/\/sigea.pt\/#\/schema\/person\/3741f7f1e65e14f9cdacc1c4560ed0a6","name":"clsigea","image":{"@type":"ImageObject","inLanguage":"en-GB","@id":"https:\/\/sigea.pt\/#\/schema\/person\/image\/","url":"https:\/\/secure.gravatar.com\/avatar\/bed593e8c4f7a64eadd793ee0c358183a074681ff2ab486862ba11ecac82ec5b?s=96&d=mm&r=g","contentUrl":"https:\/\/secure.gravatar.com\/avatar\/bed593e8c4f7a64eadd793ee0c358183a074681ff2ab486862ba11ecac82ec5b?s=96&d=mm&r=g","caption":"clsigea"}}]}},"author_meta":{"display_name":"clsigea","author_link":"https:\/\/sigea.pt\/en\/author\/clsigea\/"},"featured_img":null,"coauthors":[],"tax_additional":{"categories":{"linked":["<a href=\"https:\/\/sigea.pt\/en\/category\/atividades\/\" class=\"advgb-post-tax-term\">Atividades<\/a>"],"unlinked":["<span class=\"advgb-post-tax-term\">Atividades<\/span>"]}},"comment_count":"0","relative_dates":{"created":"Posted 5 months ago","modified":"Updated 5 months ago"},"absolute_dates":{"created":"Posted on 23\/11\/2025","modified":"Updated on 23\/11\/2025"},"absolute_dates_time":{"created":"Posted on 23\/11\/2025 11:46","modified":"Updated on 23\/11\/2025 11:47"},"featured_img_caption":"","series_order":"","_links":{"self":[{"href":"https:\/\/sigea.pt\/en\/wp-json\/wp\/v2\/posts\/8538","targetHints":{"allow":["GET"]}}],"collection":[{"href":"https:\/\/sigea.pt\/en\/wp-json\/wp\/v2\/posts"}],"about":[{"href":"https:\/\/sigea.pt\/en\/wp-json\/wp\/v2\/types\/post"}],"author":[{"embeddable":true,"href":"https:\/\/sigea.pt\/en\/wp-json\/wp\/v2\/users\/2"}],"replies":[{"embeddable":true,"href":"https:\/\/sigea.pt\/en\/wp-json\/wp\/v2\/comments?post=8538"}],"version-history":[{"count":1,"href":"https:\/\/sigea.pt\/en\/wp-json\/wp\/v2\/posts\/8538\/revisions"}],"predecessor-version":[{"id":8543,"href":"https:\/\/sigea.pt\/en\/wp-json\/wp\/v2\/posts\/8538\/revisions\/8543"}],"wp:attachment":[{"href":"https:\/\/sigea.pt\/en\/wp-json\/wp\/v2\/media?parent=8538"}],"wp:term":[{"taxonomy":"category","embeddable":true,"href":"https:\/\/sigea.pt\/en\/wp-json\/wp\/v2\/categories?post=8538"},{"taxonomy":"post_tag","embeddable":true,"href":"https:\/\/sigea.pt\/en\/wp-json\/wp\/v2\/tags?post=8538"}],"curies":[{"name":"wp","href":"https:\/\/api.w.org\/{rel}","templated":true}]}}