{"id":8489,"date":"2025-10-12T18:41:24","date_gmt":"2025-10-12T17:41:24","guid":{"rendered":"https:\/\/sigea.pt\/?p=8489"},"modified":"2025-10-12T18:41:27","modified_gmt":"2025-10-12T17:41:27","slug":"um-milhao-de-criancas-rezam-o-terco-e-o-ceu-escuta","status":"publish","type":"post","link":"https:\/\/sigea.pt\/en\/2025\/10\/um-milhao-de-criancas-rezam-o-terco-e-o-ceu-escuta\/","title":{"rendered":"Um milh\u00e3o de crian\u00e7as rezam o Ter\u00e7o \u2013 e o C\u00e9u escuta!"},"content":{"rendered":"<div class=\"wp-block-image\">\n<figure class=\"aligncenter size-large\"><img fetchpriority=\"high\" decoding=\"async\" width=\"576\" height=\"1024\" src=\"https:\/\/sigea.pt\/wp-content\/uploads\/2025\/10\/IMG-20251007-WA0003-576x1024.jpg\" alt=\"\" class=\"wp-image-8486\" srcset=\"https:\/\/sigea.pt\/wp-content\/uploads\/2025\/10\/IMG-20251007-WA0003-576x1024.jpg 576w, https:\/\/sigea.pt\/wp-content\/uploads\/2025\/10\/IMG-20251007-WA0003-169x300.jpg 169w, https:\/\/sigea.pt\/wp-content\/uploads\/2025\/10\/IMG-20251007-WA0003-768x1365.jpg 768w, https:\/\/sigea.pt\/wp-content\/uploads\/2025\/10\/IMG-20251007-WA0003-864x1536.jpg 864w, https:\/\/sigea.pt\/wp-content\/uploads\/2025\/10\/IMG-20251007-WA0003-7x12.jpg 7w, https:\/\/sigea.pt\/wp-content\/uploads\/2025\/10\/IMG-20251007-WA0003-500x889.jpg 500w, https:\/\/sigea.pt\/wp-content\/uploads\/2025\/10\/IMG-20251007-WA0003.jpg 900w\" sizes=\"(max-width: 576px) 100vw, 576px\" \/><\/figure><\/div>\n\n\n<p>O Col\u00e9gio associou-se \u00e0 iniciativa \u201cUm milh\u00e3o de crian\u00e7as rezam o Ter\u00e7o\u201d, dinamizada pela Funda\u00e7\u00e3o AIS, participando assim nesta ora\u00e7\u00e3o global pela Paz. Nesta iniciativa n\u00e3o rezamos sozinhos, em todo o mundo, nas escolas, nas igrejas ou nas suas casas, centenas de crian\u00e7as juntam-se para rezar o Ter\u00e7o e pedir a Paz no mundo.<br>Perante o contexto do atual Ano Santo 2025, que tem como lema \u201cPeregrinos de Esperan\u00e7a\u201d, as crian\u00e7as que rezam o Ter\u00e7o s\u00e3o pequenos peregrinos de esperan\u00e7a: peregrinam com Maria e Jesus pelos mist\u00e9rios da f\u00e9 crist\u00e3, levando a esperan\u00e7a para as suas fam\u00edlias, os seus pa\u00edses e&nbsp;o&nbsp;nosso&nbsp;tempo.<\/p>\n\n\n\n<figure class=\"wp-block-gallery has-nested-images columns-default is-cropped wp-block-gallery-1 is-layout-flex wp-block-gallery-is-layout-flex\">\n<figure class=\"wp-block-image size-large\"><img decoding=\"async\" width=\"736\" height=\"736\" data-id=\"8488\" src=\"https:\/\/sigea.pt\/wp-content\/uploads\/2025\/10\/IMG-20251007-WA0001.jpg\" alt=\"\" class=\"wp-image-8488\" srcset=\"https:\/\/sigea.pt\/wp-content\/uploads\/2025\/10\/IMG-20251007-WA0001.jpg 736w, https:\/\/sigea.pt\/wp-content\/uploads\/2025\/10\/IMG-20251007-WA0001-300x300.jpg 300w, https:\/\/sigea.pt\/wp-content\/uploads\/2025\/10\/IMG-20251007-WA0001-150x150.jpg 150w, https:\/\/sigea.pt\/wp-content\/uploads\/2025\/10\/IMG-20251007-WA0001-12x12.jpg 12w, https:\/\/sigea.pt\/wp-content\/uploads\/2025\/10\/IMG-20251007-WA0001-500x500.jpg 500w, https:\/\/sigea.pt\/wp-content\/uploads\/2025\/10\/IMG-20251007-WA0001-100x100.jpg 100w, https:\/\/sigea.pt\/wp-content\/uploads\/2025\/10\/IMG-20251007-WA0001-140x140.jpg 140w, https:\/\/sigea.pt\/wp-content\/uploads\/2025\/10\/IMG-20251007-WA0001-350x350.jpg 350w\" sizes=\"(max-width: 736px) 100vw, 736px\" \/><\/figure>\n\n\n\n<figure class=\"wp-block-image size-large\"><img decoding=\"async\" width=\"768\" height=\"1024\" data-id=\"8485\" src=\"https:\/\/sigea.pt\/wp-content\/uploads\/2025\/10\/IMG-20251007-WA0004-768x1024.jpg\" alt=\"\" class=\"wp-image-8485\" srcset=\"https:\/\/sigea.pt\/wp-content\/uploads\/2025\/10\/IMG-20251007-WA0004-768x1024.jpg 768w, https:\/\/sigea.pt\/wp-content\/uploads\/2025\/10\/IMG-20251007-WA0004-225x300.jpg 225w, https:\/\/sigea.pt\/wp-content\/uploads\/2025\/10\/IMG-20251007-WA0004-1152x1536.jpg 1152w, https:\/\/sigea.pt\/wp-content\/uploads\/2025\/10\/IMG-20251007-WA0004-9x12.jpg 9w, https:\/\/sigea.pt\/wp-content\/uploads\/2025\/10\/IMG-20251007-WA0004-500x667.jpg 500w, https:\/\/sigea.pt\/wp-content\/uploads\/2025\/10\/IMG-20251007-WA0004.jpg 1200w\" sizes=\"(max-width: 768px) 100vw, 768px\" \/><\/figure>\n\n\n\n<figure class=\"wp-block-image size-large\"><img loading=\"lazy\" decoding=\"async\" width=\"576\" height=\"1024\" data-id=\"8487\" src=\"https:\/\/sigea.pt\/wp-content\/uploads\/2025\/10\/IMG-20251007-WA0002-576x1024.jpg\" alt=\"\" class=\"wp-image-8487\" srcset=\"https:\/\/sigea.pt\/wp-content\/uploads\/2025\/10\/IMG-20251007-WA0002-576x1024.jpg 576w, https:\/\/sigea.pt\/wp-content\/uploads\/2025\/10\/IMG-20251007-WA0002-169x300.jpg 169w, https:\/\/sigea.pt\/wp-content\/uploads\/2025\/10\/IMG-20251007-WA0002-768x1365.jpg 768w, https:\/\/sigea.pt\/wp-content\/uploads\/2025\/10\/IMG-20251007-WA0002-864x1536.jpg 864w, https:\/\/sigea.pt\/wp-content\/uploads\/2025\/10\/IMG-20251007-WA0002-7x12.jpg 7w, https:\/\/sigea.pt\/wp-content\/uploads\/2025\/10\/IMG-20251007-WA0002-500x889.jpg 500w, https:\/\/sigea.pt\/wp-content\/uploads\/2025\/10\/IMG-20251007-WA0002.jpg 900w\" sizes=\"(max-width: 576px) 100vw, 576px\" \/><\/figure>\n\n\n\n<figure class=\"wp-block-image size-large\"><img loading=\"lazy\" decoding=\"async\" width=\"576\" height=\"1024\" data-id=\"8486\" src=\"https:\/\/sigea.pt\/wp-content\/uploads\/2025\/10\/IMG-20251007-WA0003-576x1024.jpg\" alt=\"\" class=\"wp-image-8486\" srcset=\"https:\/\/sigea.pt\/wp-content\/uploads\/2025\/10\/IMG-20251007-WA0003-576x1024.jpg 576w, https:\/\/sigea.pt\/wp-content\/uploads\/2025\/10\/IMG-20251007-WA0003-169x300.jpg 169w, https:\/\/sigea.pt\/wp-content\/uploads\/2025\/10\/IMG-20251007-WA0003-768x1365.jpg 768w, https:\/\/sigea.pt\/wp-content\/uploads\/2025\/10\/IMG-20251007-WA0003-864x1536.jpg 864w, https:\/\/sigea.pt\/wp-content\/uploads\/2025\/10\/IMG-20251007-WA0003-7x12.jpg 7w, https:\/\/sigea.pt\/wp-content\/uploads\/2025\/10\/IMG-20251007-WA0003-500x889.jpg 500w, https:\/\/sigea.pt\/wp-content\/uploads\/2025\/10\/IMG-20251007-WA0003.jpg 900w\" sizes=\"(max-width: 576px) 100vw, 576px\" \/><\/figure>\n<\/figure>","protected":false},"excerpt":{"rendered":"<p>O Col\u00e9gio associou-se \u00e0 iniciativa \u201cUm milh\u00e3o de crian\u00e7as rezam o Ter\u00e7o\u201d, dinamizada pela Funda\u00e7\u00e3o AIS, participando assim nesta ora\u00e7\u00e3o global pela Paz. Nesta iniciativa n\u00e3o rezamos sozinhos, em todo&#8230;<\/p>","protected":false},"author":2,"featured_media":0,"comment_status":"open","ping_status":"closed","sticky":false,"template":"","format":"standard","meta":{"_acf_changed":false,"advgb_blocks_editor_width":"","advgb_blocks_columns_visual_guide":"","_joinchat":[],"footnotes":"","_links_to":"","_links_to_target":""},"categories":[5],"tags":[],"class_list":{"0":"post-8489","1":"post","2":"type-post","3":"status-publish","4":"format-standard","6":"category-atividades"},"acf":[],"yoast_head":"<!-- This site is optimized with the Yoast SEO plugin v26.2 - https:\/\/yoast.com\/wordpress\/plugins\/seo\/ -->\n<title>Col\u00e9gio SIGEA - Um milh\u00e3o de crian\u00e7as rezam o Ter\u00e7o \u2013 e o C\u00e9u escuta!<\/title>\n<meta name=\"robots\" content=\"index, follow, max-snippet:-1, max-image-preview:large, max-video-preview:-1\" \/>\n<link rel=\"canonical\" href=\"https:\/\/sigea.pt\/en\/2025\/10\/um-milhao-de-criancas-rezam-o-terco-e-o-ceu-escuta\/\" \/>\n<meta property=\"og:locale\" content=\"en_GB\" \/>\n<meta property=\"og:type\" content=\"article\" \/>\n<meta property=\"og:title\" content=\"Col\u00e9gio SIGEA - Um milh\u00e3o de crian\u00e7as rezam o Ter\u00e7o \u2013 e o C\u00e9u escuta!\" \/>\n<meta property=\"og:description\" content=\"O Col\u00e9gio associou-se \u00e0 iniciativa \u201cUm milh\u00e3o de crian\u00e7as rezam o Ter\u00e7o\u201d, dinamizada pela Funda\u00e7\u00e3o AIS, participando assim nesta ora\u00e7\u00e3o global pela Paz. Nesta iniciativa n\u00e3o rezamos sozinhos, em todo...\" \/>\n<meta property=\"og:url\" content=\"https:\/\/sigea.pt\/en\/2025\/10\/um-milhao-de-criancas-rezam-o-terco-e-o-ceu-escuta\/\" \/>\n<meta property=\"og:site_name\" content=\"Col\u00e9gio SIGEA\" \/>\n<meta property=\"article:publisher\" content=\"https:\/\/www.facebook.com\/clsigea\" \/>\n<meta property=\"article:published_time\" content=\"2025-10-12T17:41:24+00:00\" \/>\n<meta property=\"article:modified_time\" content=\"2025-10-12T17:41:27+00:00\" \/>\n<meta property=\"og:image\" content=\"https:\/\/sigea.pt\/wp-content\/uploads\/2025\/10\/IMG-20251007-WA0003.jpg\" \/>\n\t<meta property=\"og:image:width\" content=\"900\" \/>\n\t<meta property=\"og:image:height\" content=\"1600\" \/>\n\t<meta property=\"og:image:type\" content=\"image\/jpeg\" \/>\n<meta name=\"author\" content=\"clsigea\" \/>\n<meta name=\"twitter:card\" content=\"summary_large_image\" \/>\n<meta name=\"twitter:label1\" content=\"Written by\" \/>\n\t<meta name=\"twitter:data1\" content=\"clsigea\" \/>\n\t<meta name=\"twitter:label2\" content=\"Estimated reading time\" \/>\n\t<meta name=\"twitter:data2\" content=\"2 minutes\" \/>\n<script type=\"application\/ld+json\" class=\"yoast-schema-graph\">{\"@context\":\"https:\/\/schema.org\",\"@graph\":[{\"@type\":\"Article\",\"@id\":\"https:\/\/sigea.pt\/2025\/10\/um-milhao-de-criancas-rezam-o-terco-e-o-ceu-escuta\/#article\",\"isPartOf\":{\"@id\":\"https:\/\/sigea.pt\/2025\/10\/um-milhao-de-criancas-rezam-o-terco-e-o-ceu-escuta\/\"},\"author\":{\"name\":\"clsigea\",\"@id\":\"https:\/\/sigea.pt\/#\/schema\/person\/3741f7f1e65e14f9cdacc1c4560ed0a6\"},\"headline\":\"Um milh\u00e3o de crian\u00e7as rezam o Ter\u00e7o \u2013 e o C\u00e9u escuta!\",\"datePublished\":\"2025-10-12T17:41:24+00:00\",\"dateModified\":\"2025-10-12T17:41:27+00:00\",\"mainEntityOfPage\":{\"@id\":\"https:\/\/sigea.pt\/2025\/10\/um-milhao-de-criancas-rezam-o-terco-e-o-ceu-escuta\/\"},\"wordCount\":138,\"commentCount\":0,\"publisher\":{\"@id\":\"https:\/\/sigea.pt\/#organization\"},\"image\":{\"@id\":\"https:\/\/sigea.pt\/2025\/10\/um-milhao-de-criancas-rezam-o-terco-e-o-ceu-escuta\/#primaryimage\"},\"thumbnailUrl\":\"https:\/\/sigea.pt\/wp-content\/uploads\/2025\/10\/IMG-20251007-WA0003-576x1024.jpg\",\"articleSection\":[\"Atividades\"],\"inLanguage\":\"en-GB\",\"potentialAction\":[{\"@type\":\"CommentAction\",\"name\":\"Comment\",\"target\":[\"https:\/\/sigea.pt\/2025\/10\/um-milhao-de-criancas-rezam-o-terco-e-o-ceu-escuta\/#respond\"]}]},{\"@type\":\"WebPage\",\"@id\":\"https:\/\/sigea.pt\/2025\/10\/um-milhao-de-criancas-rezam-o-terco-e-o-ceu-escuta\/\",\"url\":\"https:\/\/sigea.pt\/2025\/10\/um-milhao-de-criancas-rezam-o-terco-e-o-ceu-escuta\/\",\"name\":\"Col\u00e9gio SIGEA - Um milh\u00e3o de crian\u00e7as rezam o Ter\u00e7o \u2013 e o C\u00e9u escuta!\",\"isPartOf\":{\"@id\":\"https:\/\/sigea.pt\/#website\"},\"primaryImageOfPage\":{\"@id\":\"https:\/\/sigea.pt\/2025\/10\/um-milhao-de-criancas-rezam-o-terco-e-o-ceu-escuta\/#primaryimage\"},\"image\":{\"@id\":\"https:\/\/sigea.pt\/2025\/10\/um-milhao-de-criancas-rezam-o-terco-e-o-ceu-escuta\/#primaryimage\"},\"thumbnailUrl\":\"https:\/\/sigea.pt\/wp-content\/uploads\/2025\/10\/IMG-20251007-WA0003-576x1024.jpg\",\"datePublished\":\"2025-10-12T17:41:24+00:00\",\"dateModified\":\"2025-10-12T17:41:27+00:00\",\"breadcrumb\":{\"@id\":\"https:\/\/sigea.pt\/2025\/10\/um-milhao-de-criancas-rezam-o-terco-e-o-ceu-escuta\/#breadcrumb\"},\"inLanguage\":\"en-GB\",\"potentialAction\":[{\"@type\":\"ReadAction\",\"target\":[\"https:\/\/sigea.pt\/2025\/10\/um-milhao-de-criancas-rezam-o-terco-e-o-ceu-escuta\/\"]}]},{\"@type\":\"ImageObject\",\"inLanguage\":\"en-GB\",\"@id\":\"https:\/\/sigea.pt\/2025\/10\/um-milhao-de-criancas-rezam-o-terco-e-o-ceu-escuta\/#primaryimage\",\"url\":\"https:\/\/sigea.pt\/wp-content\/uploads\/2025\/10\/IMG-20251007-WA0003-576x1024.jpg\",\"contentUrl\":\"https:\/\/sigea.pt\/wp-content\/uploads\/2025\/10\/IMG-20251007-WA0003-576x1024.jpg\"},{\"@type\":\"BreadcrumbList\",\"@id\":\"https:\/\/sigea.pt\/2025\/10\/um-milhao-de-criancas-rezam-o-terco-e-o-ceu-escuta\/#breadcrumb\",\"itemListElement\":[{\"@type\":\"ListItem\",\"position\":1,\"name\":\"In\u00edcio\",\"item\":\"https:\/\/sigea.pt\/\"},{\"@type\":\"ListItem\",\"position\":2,\"name\":\"Um milh\u00e3o de crian\u00e7as rezam o Ter\u00e7o \u2013 e o C\u00e9u escuta!\"}]},{\"@type\":\"WebSite\",\"@id\":\"https:\/\/sigea.pt\/#website\",\"url\":\"https:\/\/sigea.pt\/\",\"name\":\"Col\u00e9gio SIGEA\",\"description\":\"Educar o Futuro\",\"publisher\":{\"@id\":\"https:\/\/sigea.pt\/#organization\"},\"potentialAction\":[{\"@type\":\"SearchAction\",\"target\":{\"@type\":\"EntryPoint\",\"urlTemplate\":\"https:\/\/sigea.pt\/?s={search_term_string}\"},\"query-input\":{\"@type\":\"PropertyValueSpecification\",\"valueRequired\":true,\"valueName\":\"search_term_string\"}}],\"inLanguage\":\"en-GB\"},{\"@type\":\"Organization\",\"@id\":\"https:\/\/sigea.pt\/#organization\",\"name\":\"Col\u00e9gio Sigea\",\"url\":\"https:\/\/sigea.pt\/\",\"logo\":{\"@type\":\"ImageObject\",\"inLanguage\":\"en-GB\",\"@id\":\"https:\/\/sigea.pt\/#\/schema\/logo\/image\/\",\"url\":\"https:\/\/sigea.pt\/wp-content\/uploads\/2019\/04\/logo-blue.png\",\"contentUrl\":\"https:\/\/sigea.pt\/wp-content\/uploads\/2019\/04\/logo-blue.png\",\"width\":150,\"height\":150,\"caption\":\"Col\u00e9gio Sigea\"},\"image\":{\"@id\":\"https:\/\/sigea.pt\/#\/schema\/logo\/image\/\"},\"sameAs\":[\"https:\/\/www.facebook.com\/clsigea\"]},{\"@type\":\"Person\",\"@id\":\"https:\/\/sigea.pt\/#\/schema\/person\/3741f7f1e65e14f9cdacc1c4560ed0a6\",\"name\":\"clsigea\",\"image\":{\"@type\":\"ImageObject\",\"inLanguage\":\"en-GB\",\"@id\":\"https:\/\/sigea.pt\/#\/schema\/person\/image\/\",\"url\":\"https:\/\/secure.gravatar.com\/avatar\/bed593e8c4f7a64eadd793ee0c358183a074681ff2ab486862ba11ecac82ec5b?s=96&d=mm&r=g\",\"contentUrl\":\"https:\/\/secure.gravatar.com\/avatar\/bed593e8c4f7a64eadd793ee0c358183a074681ff2ab486862ba11ecac82ec5b?s=96&d=mm&r=g\",\"caption\":\"clsigea\"}}]}<\/script>\n<!-- \/ Yoast SEO plugin. -->","yoast_head_json":{"title":"Col\u00e9gio SIGEA - Um milh\u00e3o de crian\u00e7as rezam o Ter\u00e7o \u2013 e o C\u00e9u escuta!","robots":{"index":"index","follow":"follow","max-snippet":"max-snippet:-1","max-image-preview":"max-image-preview:large","max-video-preview":"max-video-preview:-1"},"canonical":"https:\/\/sigea.pt\/en\/2025\/10\/um-milhao-de-criancas-rezam-o-terco-e-o-ceu-escuta\/","og_locale":"en_GB","og_type":"article","og_title":"Col\u00e9gio SIGEA - Um milh\u00e3o de crian\u00e7as rezam o Ter\u00e7o \u2013 e o C\u00e9u escuta!","og_description":"O Col\u00e9gio associou-se \u00e0 iniciativa \u201cUm milh\u00e3o de crian\u00e7as rezam o Ter\u00e7o\u201d, dinamizada pela Funda\u00e7\u00e3o AIS, participando assim nesta ora\u00e7\u00e3o global pela Paz. Nesta iniciativa n\u00e3o rezamos sozinhos, em todo...","og_url":"https:\/\/sigea.pt\/en\/2025\/10\/um-milhao-de-criancas-rezam-o-terco-e-o-ceu-escuta\/","og_site_name":"Col\u00e9gio SIGEA","article_publisher":"https:\/\/www.facebook.com\/clsigea","article_published_time":"2025-10-12T17:41:24+00:00","article_modified_time":"2025-10-12T17:41:27+00:00","og_image":[{"width":900,"height":1600,"url":"https:\/\/sigea.pt\/wp-content\/uploads\/2025\/10\/IMG-20251007-WA0003.jpg","type":"image\/jpeg"}],"author":"clsigea","twitter_card":"summary_large_image","twitter_misc":{"Written by":"clsigea","Estimated reading time":"2 minutes"},"schema":{"@context":"https:\/\/schema.org","@graph":[{"@type":"Article","@id":"https:\/\/sigea.pt\/2025\/10\/um-milhao-de-criancas-rezam-o-terco-e-o-ceu-escuta\/#article","isPartOf":{"@id":"https:\/\/sigea.pt\/2025\/10\/um-milhao-de-criancas-rezam-o-terco-e-o-ceu-escuta\/"},"author":{"name":"clsigea","@id":"https:\/\/sigea.pt\/#\/schema\/person\/3741f7f1e65e14f9cdacc1c4560ed0a6"},"headline":"Um milh\u00e3o de crian\u00e7as rezam o Ter\u00e7o \u2013 e o C\u00e9u escuta!","datePublished":"2025-10-12T17:41:24+00:00","dateModified":"2025-10-12T17:41:27+00:00","mainEntityOfPage":{"@id":"https:\/\/sigea.pt\/2025\/10\/um-milhao-de-criancas-rezam-o-terco-e-o-ceu-escuta\/"},"wordCount":138,"commentCount":0,"publisher":{"@id":"https:\/\/sigea.pt\/#organization"},"image":{"@id":"https:\/\/sigea.pt\/2025\/10\/um-milhao-de-criancas-rezam-o-terco-e-o-ceu-escuta\/#primaryimage"},"thumbnailUrl":"https:\/\/sigea.pt\/wp-content\/uploads\/2025\/10\/IMG-20251007-WA0003-576x1024.jpg","articleSection":["Atividades"],"inLanguage":"en-GB","potentialAction":[{"@type":"CommentAction","name":"Comment","target":["https:\/\/sigea.pt\/2025\/10\/um-milhao-de-criancas-rezam-o-terco-e-o-ceu-escuta\/#respond"]}]},{"@type":"WebPage","@id":"https:\/\/sigea.pt\/2025\/10\/um-milhao-de-criancas-rezam-o-terco-e-o-ceu-escuta\/","url":"https:\/\/sigea.pt\/2025\/10\/um-milhao-de-criancas-rezam-o-terco-e-o-ceu-escuta\/","name":"Col\u00e9gio SIGEA - Um milh\u00e3o de crian\u00e7as rezam o Ter\u00e7o \u2013 e o C\u00e9u escuta!","isPartOf":{"@id":"https:\/\/sigea.pt\/#website"},"primaryImageOfPage":{"@id":"https:\/\/sigea.pt\/2025\/10\/um-milhao-de-criancas-rezam-o-terco-e-o-ceu-escuta\/#primaryimage"},"image":{"@id":"https:\/\/sigea.pt\/2025\/10\/um-milhao-de-criancas-rezam-o-terco-e-o-ceu-escuta\/#primaryimage"},"thumbnailUrl":"https:\/\/sigea.pt\/wp-content\/uploads\/2025\/10\/IMG-20251007-WA0003-576x1024.jpg","datePublished":"2025-10-12T17:41:24+00:00","dateModified":"2025-10-12T17:41:27+00:00","breadcrumb":{"@id":"https:\/\/sigea.pt\/2025\/10\/um-milhao-de-criancas-rezam-o-terco-e-o-ceu-escuta\/#breadcrumb"},"inLanguage":"en-GB","potentialAction":[{"@type":"ReadAction","target":["https:\/\/sigea.pt\/2025\/10\/um-milhao-de-criancas-rezam-o-terco-e-o-ceu-escuta\/"]}]},{"@type":"ImageObject","inLanguage":"en-GB","@id":"https:\/\/sigea.pt\/2025\/10\/um-milhao-de-criancas-rezam-o-terco-e-o-ceu-escuta\/#primaryimage","url":"https:\/\/sigea.pt\/wp-content\/uploads\/2025\/10\/IMG-20251007-WA0003-576x1024.jpg","contentUrl":"https:\/\/sigea.pt\/wp-content\/uploads\/2025\/10\/IMG-20251007-WA0003-576x1024.jpg"},{"@type":"BreadcrumbList","@id":"https:\/\/sigea.pt\/2025\/10\/um-milhao-de-criancas-rezam-o-terco-e-o-ceu-escuta\/#breadcrumb","itemListElement":[{"@type":"ListItem","position":1,"name":"In\u00edcio","item":"https:\/\/sigea.pt\/"},{"@type":"ListItem","position":2,"name":"Um milh\u00e3o de crian\u00e7as rezam o Ter\u00e7o \u2013 e o C\u00e9u escuta!"}]},{"@type":"WebSite","@id":"https:\/\/sigea.pt\/#website","url":"https:\/\/sigea.pt\/","name":"Our School","description":"Educating the Future","publisher":{"@id":"https:\/\/sigea.pt\/#organization"},"potentialAction":[{"@type":"SearchAction","target":{"@type":"EntryPoint","urlTemplate":"https:\/\/sigea.pt\/?s={search_term_string}"},"query-input":{"@type":"PropertyValueSpecification","valueRequired":true,"valueName":"search_term_string"}}],"inLanguage":"en-GB"},{"@type":"Organization","@id":"https:\/\/sigea.pt\/#organization","name":"Col\u00e9gio Sigea","url":"https:\/\/sigea.pt\/","logo":{"@type":"ImageObject","inLanguage":"en-GB","@id":"https:\/\/sigea.pt\/#\/schema\/logo\/image\/","url":"https:\/\/sigea.pt\/wp-content\/uploads\/2019\/04\/logo-blue.png","contentUrl":"https:\/\/sigea.pt\/wp-content\/uploads\/2019\/04\/logo-blue.png","width":150,"height":150,"caption":"Col\u00e9gio Sigea"},"image":{"@id":"https:\/\/sigea.pt\/#\/schema\/logo\/image\/"},"sameAs":["https:\/\/www.facebook.com\/clsigea"]},{"@type":"Person","@id":"https:\/\/sigea.pt\/#\/schema\/person\/3741f7f1e65e14f9cdacc1c4560ed0a6","name":"clsigea","image":{"@type":"ImageObject","inLanguage":"en-GB","@id":"https:\/\/sigea.pt\/#\/schema\/person\/image\/","url":"https:\/\/secure.gravatar.com\/avatar\/bed593e8c4f7a64eadd793ee0c358183a074681ff2ab486862ba11ecac82ec5b?s=96&d=mm&r=g","contentUrl":"https:\/\/secure.gravatar.com\/avatar\/bed593e8c4f7a64eadd793ee0c358183a074681ff2ab486862ba11ecac82ec5b?s=96&d=mm&r=g","caption":"clsigea"}}]}},"author_meta":{"display_name":"clsigea","author_link":"https:\/\/sigea.pt\/en\/author\/clsigea\/"},"featured_img":null,"coauthors":[],"tax_additional":{"categories":{"linked":["<a href=\"https:\/\/sigea.pt\/en\/category\/atividades\/\" class=\"advgb-post-tax-term\">Atividades<\/a>"],"unlinked":["<span class=\"advgb-post-tax-term\">Atividades<\/span>"]}},"comment_count":"0","relative_dates":{"created":"Posted 7 months ago","modified":"Updated 7 months ago"},"absolute_dates":{"created":"Posted on 12\/10\/2025","modified":"Updated on 12\/10\/2025"},"absolute_dates_time":{"created":"Posted on 12\/10\/2025 18:41","modified":"Updated on 12\/10\/2025 18:41"},"featured_img_caption":"","series_order":"","_links":{"self":[{"href":"https:\/\/sigea.pt\/en\/wp-json\/wp\/v2\/posts\/8489","targetHints":{"allow":["GET"]}}],"collection":[{"href":"https:\/\/sigea.pt\/en\/wp-json\/wp\/v2\/posts"}],"about":[{"href":"https:\/\/sigea.pt\/en\/wp-json\/wp\/v2\/types\/post"}],"author":[{"embeddable":true,"href":"https:\/\/sigea.pt\/en\/wp-json\/wp\/v2\/users\/2"}],"replies":[{"embeddable":true,"href":"https:\/\/sigea.pt\/en\/wp-json\/wp\/v2\/comments?post=8489"}],"version-history":[{"count":1,"href":"https:\/\/sigea.pt\/en\/wp-json\/wp\/v2\/posts\/8489\/revisions"}],"predecessor-version":[{"id":8490,"href":"https:\/\/sigea.pt\/en\/wp-json\/wp\/v2\/posts\/8489\/revisions\/8490"}],"wp:attachment":[{"href":"https:\/\/sigea.pt\/en\/wp-json\/wp\/v2\/media?parent=8489"}],"wp:term":[{"taxonomy":"category","embeddable":true,"href":"https:\/\/sigea.pt\/en\/wp-json\/wp\/v2\/categories?post=8489"},{"taxonomy":"post_tag","embeddable":true,"href":"https:\/\/sigea.pt\/en\/wp-json\/wp\/v2\/tags?post=8489"}],"curies":[{"name":"wp","href":"https:\/\/api.w.org\/{rel}","templated":true}]}}