{"id":6474,"date":"2023-07-17T09:42:11","date_gmt":"2023-07-17T09:42:11","guid":{"rendered":"https:\/\/sigea.pt\/?p=6474"},"modified":"2023-07-17T09:42:13","modified_gmt":"2023-07-17T09:42:13","slug":"artistas-sigea-cores-quentes-e-cores-frias","status":"publish","type":"post","link":"https:\/\/sigea.pt\/en\/2023\/07\/artistas-sigea-cores-quentes-e-cores-frias\/","title":{"rendered":"Artistas Sigea &#8211; Cores quentes e cores frias"},"content":{"rendered":"<div class=\"wp-block-image\">\n<figure class=\"aligncenter size-full\"><img fetchpriority=\"high\" decoding=\"async\" width=\"1020\" height=\"715\" src=\"https:\/\/sigea.pt\/wp-content\/uploads\/2023\/07\/cores-quentes-6.001.jpg\" alt=\"\" class=\"wp-image-6476\" srcset=\"https:\/\/sigea.pt\/wp-content\/uploads\/2023\/07\/cores-quentes-6.001.jpg 1020w, https:\/\/sigea.pt\/wp-content\/uploads\/2023\/07\/cores-quentes-6.001-300x210.jpg 300w, https:\/\/sigea.pt\/wp-content\/uploads\/2023\/07\/cores-quentes-6.001-768x538.jpg 768w, https:\/\/sigea.pt\/wp-content\/uploads\/2023\/07\/cores-quentes-6.001-18x12.jpg 18w, https:\/\/sigea.pt\/wp-content\/uploads\/2023\/07\/cores-quentes-6.001-500x350.jpg 500w\" sizes=\"(max-width: 1020px) 100vw, 1020px\" \/><\/figure><\/div>\n\n\n<p>Ao entrarem no mundo das cores, a turma do 6.\u00ba ano desenvolveu trabalhos cheios de vida! Tiveram de evidenciar diferen\u00e7as entre cores frias e cores quentes em composi\u00e7\u00f5es pessoais e muito criativas!<\/p>\n\n\n\n<figure class=\"wp-block-gallery has-nested-images columns-default is-cropped wp-block-gallery-1 is-layout-flex wp-block-gallery-is-layout-flex\">\n<figure class=\"wp-block-image size-large\"><img decoding=\"async\" width=\"541\" height=\"757\" data-id=\"6481\" src=\"https:\/\/sigea.pt\/wp-content\/uploads\/2023\/07\/cores-quentes-4.001.jpg\" alt=\"\" class=\"wp-image-6481\" srcset=\"https:\/\/sigea.pt\/wp-content\/uploads\/2023\/07\/cores-quentes-4.001.jpg 541w, https:\/\/sigea.pt\/wp-content\/uploads\/2023\/07\/cores-quentes-4.001-214x300.jpg 214w, https:\/\/sigea.pt\/wp-content\/uploads\/2023\/07\/cores-quentes-4.001-9x12.jpg 9w, https:\/\/sigea.pt\/wp-content\/uploads\/2023\/07\/cores-quentes-4.001-500x700.jpg 500w\" sizes=\"(max-width: 541px) 100vw, 541px\" \/><\/figure>\n\n\n\n<figure class=\"wp-block-image size-large\"><img decoding=\"async\" width=\"534\" height=\"762\" data-id=\"6480\" src=\"https:\/\/sigea.pt\/wp-content\/uploads\/2023\/07\/cores-quentes-3.001.jpg\" alt=\"\" class=\"wp-image-6480\" srcset=\"https:\/\/sigea.pt\/wp-content\/uploads\/2023\/07\/cores-quentes-3.001.jpg 534w, https:\/\/sigea.pt\/wp-content\/uploads\/2023\/07\/cores-quentes-3.001-210x300.jpg 210w, https:\/\/sigea.pt\/wp-content\/uploads\/2023\/07\/cores-quentes-3.001-8x12.jpg 8w, https:\/\/sigea.pt\/wp-content\/uploads\/2023\/07\/cores-quentes-3.001-500x713.jpg 500w\" sizes=\"(max-width: 534px) 100vw, 534px\" \/><\/figure>\n\n\n\n<figure class=\"wp-block-image size-large\"><img loading=\"lazy\" decoding=\"async\" width=\"1022\" height=\"719\" data-id=\"6479\" src=\"https:\/\/sigea.pt\/wp-content\/uploads\/2023\/07\/cores-quentes-1.001.jpg\" alt=\"\" class=\"wp-image-6479\" srcset=\"https:\/\/sigea.pt\/wp-content\/uploads\/2023\/07\/cores-quentes-1.001.jpg 1022w, https:\/\/sigea.pt\/wp-content\/uploads\/2023\/07\/cores-quentes-1.001-300x211.jpg 300w, https:\/\/sigea.pt\/wp-content\/uploads\/2023\/07\/cores-quentes-1.001-768x540.jpg 768w, https:\/\/sigea.pt\/wp-content\/uploads\/2023\/07\/cores-quentes-1.001-18x12.jpg 18w, https:\/\/sigea.pt\/wp-content\/uploads\/2023\/07\/cores-quentes-1.001-500x352.jpg 500w\" sizes=\"(max-width: 1022px) 100vw, 1022px\" \/><\/figure>\n\n\n\n<figure class=\"wp-block-image size-large\"><img loading=\"lazy\" decoding=\"async\" width=\"976\" height=\"656\" data-id=\"6478\" src=\"https:\/\/sigea.pt\/wp-content\/uploads\/2023\/07\/cores-quentes-8.001.jpg\" alt=\"\" class=\"wp-image-6478\" srcset=\"https:\/\/sigea.pt\/wp-content\/uploads\/2023\/07\/cores-quentes-8.001.jpg 976w, https:\/\/sigea.pt\/wp-content\/uploads\/2023\/07\/cores-quentes-8.001-300x202.jpg 300w, https:\/\/sigea.pt\/wp-content\/uploads\/2023\/07\/cores-quentes-8.001-768x516.jpg 768w, https:\/\/sigea.pt\/wp-content\/uploads\/2023\/07\/cores-quentes-8.001-18x12.jpg 18w, https:\/\/sigea.pt\/wp-content\/uploads\/2023\/07\/cores-quentes-8.001-500x336.jpg 500w, https:\/\/sigea.pt\/wp-content\/uploads\/2023\/07\/cores-quentes-8.001-900x604.jpg 900w, https:\/\/sigea.pt\/wp-content\/uploads\/2023\/07\/cores-quentes-8.001-600x403.jpg 600w, https:\/\/sigea.pt\/wp-content\/uploads\/2023\/07\/cores-quentes-8.001-400x269.jpg 400w\" sizes=\"(max-width: 976px) 100vw, 976px\" \/><\/figure>\n\n\n\n<figure class=\"wp-block-image size-large\"><img loading=\"lazy\" decoding=\"async\" width=\"1024\" height=\"768\" data-id=\"6477\" src=\"https:\/\/sigea.pt\/wp-content\/uploads\/2023\/07\/cores-quentes-7.001.jpg\" alt=\"\" class=\"wp-image-6477\" srcset=\"https:\/\/sigea.pt\/wp-content\/uploads\/2023\/07\/cores-quentes-7.001.jpg 1024w, https:\/\/sigea.pt\/wp-content\/uploads\/2023\/07\/cores-quentes-7.001-300x225.jpg 300w, https:\/\/sigea.pt\/wp-content\/uploads\/2023\/07\/cores-quentes-7.001-768x576.jpg 768w, https:\/\/sigea.pt\/wp-content\/uploads\/2023\/07\/cores-quentes-7.001-16x12.jpg 16w, https:\/\/sigea.pt\/wp-content\/uploads\/2023\/07\/cores-quentes-7.001-500x375.jpg 500w\" sizes=\"(max-width: 1024px) 100vw, 1024px\" \/><\/figure>\n\n\n\n<figure class=\"wp-block-image size-large\"><img loading=\"lazy\" decoding=\"async\" width=\"1020\" height=\"715\" data-id=\"6476\" src=\"https:\/\/sigea.pt\/wp-content\/uploads\/2023\/07\/cores-quentes-6.001.jpg\" alt=\"\" class=\"wp-image-6476\" srcset=\"https:\/\/sigea.pt\/wp-content\/uploads\/2023\/07\/cores-quentes-6.001.jpg 1020w, https:\/\/sigea.pt\/wp-content\/uploads\/2023\/07\/cores-quentes-6.001-300x210.jpg 300w, https:\/\/sigea.pt\/wp-content\/uploads\/2023\/07\/cores-quentes-6.001-768x538.jpg 768w, https:\/\/sigea.pt\/wp-content\/uploads\/2023\/07\/cores-quentes-6.001-18x12.jpg 18w, https:\/\/sigea.pt\/wp-content\/uploads\/2023\/07\/cores-quentes-6.001-500x350.jpg 500w\" sizes=\"(max-width: 1020px) 100vw, 1020px\" \/><\/figure>\n\n\n\n<figure class=\"wp-block-image size-large\"><img loading=\"lazy\" decoding=\"async\" width=\"530\" height=\"755\" data-id=\"6475\" src=\"https:\/\/sigea.pt\/wp-content\/uploads\/2023\/07\/cores-quentes-5.001.jpg\" alt=\"\" class=\"wp-image-6475\" srcset=\"https:\/\/sigea.pt\/wp-content\/uploads\/2023\/07\/cores-quentes-5.001.jpg 530w, https:\/\/sigea.pt\/wp-content\/uploads\/2023\/07\/cores-quentes-5.001-211x300.jpg 211w, https:\/\/sigea.pt\/wp-content\/uploads\/2023\/07\/cores-quentes-5.001-8x12.jpg 8w, https:\/\/sigea.pt\/wp-content\/uploads\/2023\/07\/cores-quentes-5.001-500x712.jpg 500w\" sizes=\"(max-width: 530px) 100vw, 530px\" \/><\/figure>\n<\/figure>","protected":false},"excerpt":{"rendered":"<p>Ao entrarem no mundo das cores, a turma do 6.\u00ba ano desenvolveu trabalhos cheios de vida! Tiveram de evidenciar diferen\u00e7as entre cores frias e cores quentes em composi\u00e7\u00f5es pessoais e&#8230;<\/p>","protected":false},"author":2,"featured_media":0,"comment_status":"closed","ping_status":"closed","sticky":false,"template":"","format":"standard","meta":{"_acf_changed":false,"advgb_blocks_editor_width":"","advgb_blocks_columns_visual_guide":"","_joinchat":[],"footnotes":"","_links_to":"","_links_to_target":""},"categories":[1],"tags":[],"class_list":{"0":"post-6474","1":"post","2":"type-post","3":"status-publish","4":"format-standard","6":"category-sem-categoria"},"acf":[],"yoast_head":"<!-- This site is optimized with the Yoast SEO plugin v26.2 - https:\/\/yoast.com\/wordpress\/plugins\/seo\/ -->\n<title>Col\u00e9gio SIGEA - Artistas Sigea - Cores quentes e cores frias<\/title>\n<meta name=\"robots\" content=\"index, follow, max-snippet:-1, max-image-preview:large, max-video-preview:-1\" \/>\n<link rel=\"canonical\" href=\"https:\/\/sigea.pt\/en\/2023\/07\/artistas-sigea-cores-quentes-e-cores-frias\/\" \/>\n<meta property=\"og:locale\" content=\"en_GB\" \/>\n<meta property=\"og:type\" content=\"article\" \/>\n<meta property=\"og:title\" content=\"Col\u00e9gio SIGEA - Artistas Sigea - Cores quentes e cores frias\" \/>\n<meta property=\"og:description\" content=\"Ao entrarem no mundo das cores, a turma do 6.\u00ba ano desenvolveu trabalhos cheios de vida! Tiveram de evidenciar diferen\u00e7as entre cores frias e cores quentes em composi\u00e7\u00f5es pessoais e...\" \/>\n<meta property=\"og:url\" content=\"https:\/\/sigea.pt\/en\/2023\/07\/artistas-sigea-cores-quentes-e-cores-frias\/\" \/>\n<meta property=\"og:site_name\" content=\"Col\u00e9gio SIGEA\" \/>\n<meta property=\"article:publisher\" content=\"https:\/\/www.facebook.com\/clsigea\" \/>\n<meta property=\"article:published_time\" content=\"2023-07-17T09:42:11+00:00\" \/>\n<meta property=\"article:modified_time\" content=\"2023-07-17T09:42:13+00:00\" \/>\n<meta property=\"og:image\" content=\"https:\/\/sigea.pt\/wp-content\/uploads\/2023\/07\/cores-quentes-6.001.jpg\" \/>\n<meta name=\"author\" content=\"clsigea\" \/>\n<meta name=\"twitter:card\" content=\"summary_large_image\" \/>\n<meta name=\"twitter:label1\" content=\"Written by\" \/>\n\t<meta name=\"twitter:data1\" content=\"clsigea\" \/>\n\t<meta name=\"twitter:label2\" content=\"Estimated reading time\" \/>\n\t<meta name=\"twitter:data2\" content=\"2 minutes\" \/>\n<script type=\"application\/ld+json\" class=\"yoast-schema-graph\">{\"@context\":\"https:\/\/schema.org\",\"@graph\":[{\"@type\":\"Article\",\"@id\":\"https:\/\/sigea.pt\/en\/2023\/07\/artistas-sigea-cores-quentes-e-cores-frias\/#article\",\"isPartOf\":{\"@id\":\"https:\/\/sigea.pt\/en\/2023\/07\/artistas-sigea-cores-quentes-e-cores-frias\/\"},\"author\":{\"name\":\"clsigea\",\"@id\":\"https:\/\/sigea.pt\/#\/schema\/person\/3741f7f1e65e14f9cdacc1c4560ed0a6\"},\"headline\":\"Artistas Sigea &#8211; Cores quentes e cores frias\",\"datePublished\":\"2023-07-17T09:42:11+00:00\",\"dateModified\":\"2023-07-17T09:42:13+00:00\",\"mainEntityOfPage\":{\"@id\":\"https:\/\/sigea.pt\/en\/2023\/07\/artistas-sigea-cores-quentes-e-cores-frias\/\"},\"wordCount\":41,\"publisher\":{\"@id\":\"https:\/\/sigea.pt\/#organization\"},\"image\":{\"@id\":\"https:\/\/sigea.pt\/en\/2023\/07\/artistas-sigea-cores-quentes-e-cores-frias\/#primaryimage\"},\"thumbnailUrl\":\"https:\/\/sigea.pt\/wp-content\/uploads\/2023\/07\/cores-quentes-6.001.jpg\",\"articleSection\":[\"Sem categoria\"],\"inLanguage\":\"en-GB\"},{\"@type\":\"WebPage\",\"@id\":\"https:\/\/sigea.pt\/en\/2023\/07\/artistas-sigea-cores-quentes-e-cores-frias\/\",\"url\":\"https:\/\/sigea.pt\/en\/2023\/07\/artistas-sigea-cores-quentes-e-cores-frias\/\",\"name\":\"Col\u00e9gio SIGEA - Artistas Sigea - Cores quentes e cores frias\",\"isPartOf\":{\"@id\":\"https:\/\/sigea.pt\/#website\"},\"primaryImageOfPage\":{\"@id\":\"https:\/\/sigea.pt\/en\/2023\/07\/artistas-sigea-cores-quentes-e-cores-frias\/#primaryimage\"},\"image\":{\"@id\":\"https:\/\/sigea.pt\/en\/2023\/07\/artistas-sigea-cores-quentes-e-cores-frias\/#primaryimage\"},\"thumbnailUrl\":\"https:\/\/sigea.pt\/wp-content\/uploads\/2023\/07\/cores-quentes-6.001.jpg\",\"datePublished\":\"2023-07-17T09:42:11+00:00\",\"dateModified\":\"2023-07-17T09:42:13+00:00\",\"breadcrumb\":{\"@id\":\"https:\/\/sigea.pt\/en\/2023\/07\/artistas-sigea-cores-quentes-e-cores-frias\/#breadcrumb\"},\"inLanguage\":\"en-GB\",\"potentialAction\":[{\"@type\":\"ReadAction\",\"target\":[\"https:\/\/sigea.pt\/en\/2023\/07\/artistas-sigea-cores-quentes-e-cores-frias\/\"]}]},{\"@type\":\"ImageObject\",\"inLanguage\":\"en-GB\",\"@id\":\"https:\/\/sigea.pt\/en\/2023\/07\/artistas-sigea-cores-quentes-e-cores-frias\/#primaryimage\",\"url\":\"https:\/\/sigea.pt\/wp-content\/uploads\/2023\/07\/cores-quentes-6.001.jpg\",\"contentUrl\":\"https:\/\/sigea.pt\/wp-content\/uploads\/2023\/07\/cores-quentes-6.001.jpg\"},{\"@type\":\"BreadcrumbList\",\"@id\":\"https:\/\/sigea.pt\/en\/2023\/07\/artistas-sigea-cores-quentes-e-cores-frias\/#breadcrumb\",\"itemListElement\":[{\"@type\":\"ListItem\",\"position\":1,\"name\":\"In\u00edcio\",\"item\":\"https:\/\/sigea.pt\/\"},{\"@type\":\"ListItem\",\"position\":2,\"name\":\"Artistas Sigea &#8211; Cores quentes e cores frias\"}]},{\"@type\":\"WebSite\",\"@id\":\"https:\/\/sigea.pt\/#website\",\"url\":\"https:\/\/sigea.pt\/\",\"name\":\"Col\u00e9gio SIGEA\",\"description\":\"Educar o Futuro\",\"publisher\":{\"@id\":\"https:\/\/sigea.pt\/#organization\"},\"potentialAction\":[{\"@type\":\"SearchAction\",\"target\":{\"@type\":\"EntryPoint\",\"urlTemplate\":\"https:\/\/sigea.pt\/?s={search_term_string}\"},\"query-input\":{\"@type\":\"PropertyValueSpecification\",\"valueRequired\":true,\"valueName\":\"search_term_string\"}}],\"inLanguage\":\"en-GB\"},{\"@type\":\"Organization\",\"@id\":\"https:\/\/sigea.pt\/#organization\",\"name\":\"Col\u00e9gio Sigea\",\"url\":\"https:\/\/sigea.pt\/\",\"logo\":{\"@type\":\"ImageObject\",\"inLanguage\":\"en-GB\",\"@id\":\"https:\/\/sigea.pt\/#\/schema\/logo\/image\/\",\"url\":\"https:\/\/sigea.pt\/wp-content\/uploads\/2019\/04\/logo-blue.png\",\"contentUrl\":\"https:\/\/sigea.pt\/wp-content\/uploads\/2019\/04\/logo-blue.png\",\"width\":150,\"height\":150,\"caption\":\"Col\u00e9gio Sigea\"},\"image\":{\"@id\":\"https:\/\/sigea.pt\/#\/schema\/logo\/image\/\"},\"sameAs\":[\"https:\/\/www.facebook.com\/clsigea\"]},{\"@type\":\"Person\",\"@id\":\"https:\/\/sigea.pt\/#\/schema\/person\/3741f7f1e65e14f9cdacc1c4560ed0a6\",\"name\":\"clsigea\",\"image\":{\"@type\":\"ImageObject\",\"inLanguage\":\"en-GB\",\"@id\":\"https:\/\/sigea.pt\/#\/schema\/person\/image\/\",\"url\":\"https:\/\/secure.gravatar.com\/avatar\/bed593e8c4f7a64eadd793ee0c358183a074681ff2ab486862ba11ecac82ec5b?s=96&d=mm&r=g\",\"contentUrl\":\"https:\/\/secure.gravatar.com\/avatar\/bed593e8c4f7a64eadd793ee0c358183a074681ff2ab486862ba11ecac82ec5b?s=96&d=mm&r=g\",\"caption\":\"clsigea\"}}]}<\/script>\n<!-- \/ Yoast SEO plugin. -->","yoast_head_json":{"title":"Col\u00e9gio SIGEA - Artistas Sigea - Cores quentes e cores frias","robots":{"index":"index","follow":"follow","max-snippet":"max-snippet:-1","max-image-preview":"max-image-preview:large","max-video-preview":"max-video-preview:-1"},"canonical":"https:\/\/sigea.pt\/en\/2023\/07\/artistas-sigea-cores-quentes-e-cores-frias\/","og_locale":"en_GB","og_type":"article","og_title":"Col\u00e9gio SIGEA - Artistas Sigea - Cores quentes e cores frias","og_description":"Ao entrarem no mundo das cores, a turma do 6.\u00ba ano desenvolveu trabalhos cheios de vida! Tiveram de evidenciar diferen\u00e7as entre cores frias e cores quentes em composi\u00e7\u00f5es pessoais e...","og_url":"https:\/\/sigea.pt\/en\/2023\/07\/artistas-sigea-cores-quentes-e-cores-frias\/","og_site_name":"Col\u00e9gio SIGEA","article_publisher":"https:\/\/www.facebook.com\/clsigea","article_published_time":"2023-07-17T09:42:11+00:00","article_modified_time":"2023-07-17T09:42:13+00:00","og_image":[{"url":"https:\/\/sigea.pt\/wp-content\/uploads\/2023\/07\/cores-quentes-6.001.jpg","type":"","width":"","height":""}],"author":"clsigea","twitter_card":"summary_large_image","twitter_misc":{"Written by":"clsigea","Estimated reading time":"2 minutes"},"schema":{"@context":"https:\/\/schema.org","@graph":[{"@type":"Article","@id":"https:\/\/sigea.pt\/en\/2023\/07\/artistas-sigea-cores-quentes-e-cores-frias\/#article","isPartOf":{"@id":"https:\/\/sigea.pt\/en\/2023\/07\/artistas-sigea-cores-quentes-e-cores-frias\/"},"author":{"name":"clsigea","@id":"https:\/\/sigea.pt\/#\/schema\/person\/3741f7f1e65e14f9cdacc1c4560ed0a6"},"headline":"Artistas Sigea &#8211; Cores quentes e cores frias","datePublished":"2023-07-17T09:42:11+00:00","dateModified":"2023-07-17T09:42:13+00:00","mainEntityOfPage":{"@id":"https:\/\/sigea.pt\/en\/2023\/07\/artistas-sigea-cores-quentes-e-cores-frias\/"},"wordCount":41,"publisher":{"@id":"https:\/\/sigea.pt\/#organization"},"image":{"@id":"https:\/\/sigea.pt\/en\/2023\/07\/artistas-sigea-cores-quentes-e-cores-frias\/#primaryimage"},"thumbnailUrl":"https:\/\/sigea.pt\/wp-content\/uploads\/2023\/07\/cores-quentes-6.001.jpg","articleSection":["Sem categoria"],"inLanguage":"en-GB"},{"@type":"WebPage","@id":"https:\/\/sigea.pt\/en\/2023\/07\/artistas-sigea-cores-quentes-e-cores-frias\/","url":"https:\/\/sigea.pt\/en\/2023\/07\/artistas-sigea-cores-quentes-e-cores-frias\/","name":"Col\u00e9gio SIGEA - Artistas Sigea - Cores quentes e cores frias","isPartOf":{"@id":"https:\/\/sigea.pt\/#website"},"primaryImageOfPage":{"@id":"https:\/\/sigea.pt\/en\/2023\/07\/artistas-sigea-cores-quentes-e-cores-frias\/#primaryimage"},"image":{"@id":"https:\/\/sigea.pt\/en\/2023\/07\/artistas-sigea-cores-quentes-e-cores-frias\/#primaryimage"},"thumbnailUrl":"https:\/\/sigea.pt\/wp-content\/uploads\/2023\/07\/cores-quentes-6.001.jpg","datePublished":"2023-07-17T09:42:11+00:00","dateModified":"2023-07-17T09:42:13+00:00","breadcrumb":{"@id":"https:\/\/sigea.pt\/en\/2023\/07\/artistas-sigea-cores-quentes-e-cores-frias\/#breadcrumb"},"inLanguage":"en-GB","potentialAction":[{"@type":"ReadAction","target":["https:\/\/sigea.pt\/en\/2023\/07\/artistas-sigea-cores-quentes-e-cores-frias\/"]}]},{"@type":"ImageObject","inLanguage":"en-GB","@id":"https:\/\/sigea.pt\/en\/2023\/07\/artistas-sigea-cores-quentes-e-cores-frias\/#primaryimage","url":"https:\/\/sigea.pt\/wp-content\/uploads\/2023\/07\/cores-quentes-6.001.jpg","contentUrl":"https:\/\/sigea.pt\/wp-content\/uploads\/2023\/07\/cores-quentes-6.001.jpg"},{"@type":"BreadcrumbList","@id":"https:\/\/sigea.pt\/en\/2023\/07\/artistas-sigea-cores-quentes-e-cores-frias\/#breadcrumb","itemListElement":[{"@type":"ListItem","position":1,"name":"In\u00edcio","item":"https:\/\/sigea.pt\/"},{"@type":"ListItem","position":2,"name":"Artistas Sigea &#8211; Cores quentes e cores frias"}]},{"@type":"WebSite","@id":"https:\/\/sigea.pt\/#website","url":"https:\/\/sigea.pt\/","name":"Our School","description":"Educating the Future","publisher":{"@id":"https:\/\/sigea.pt\/#organization"},"potentialAction":[{"@type":"SearchAction","target":{"@type":"EntryPoint","urlTemplate":"https:\/\/sigea.pt\/?s={search_term_string}"},"query-input":{"@type":"PropertyValueSpecification","valueRequired":true,"valueName":"search_term_string"}}],"inLanguage":"en-GB"},{"@type":"Organization","@id":"https:\/\/sigea.pt\/#organization","name":"Col\u00e9gio Sigea","url":"https:\/\/sigea.pt\/","logo":{"@type":"ImageObject","inLanguage":"en-GB","@id":"https:\/\/sigea.pt\/#\/schema\/logo\/image\/","url":"https:\/\/sigea.pt\/wp-content\/uploads\/2019\/04\/logo-blue.png","contentUrl":"https:\/\/sigea.pt\/wp-content\/uploads\/2019\/04\/logo-blue.png","width":150,"height":150,"caption":"Col\u00e9gio Sigea"},"image":{"@id":"https:\/\/sigea.pt\/#\/schema\/logo\/image\/"},"sameAs":["https:\/\/www.facebook.com\/clsigea"]},{"@type":"Person","@id":"https:\/\/sigea.pt\/#\/schema\/person\/3741f7f1e65e14f9cdacc1c4560ed0a6","name":"clsigea","image":{"@type":"ImageObject","inLanguage":"en-GB","@id":"https:\/\/sigea.pt\/#\/schema\/person\/image\/","url":"https:\/\/secure.gravatar.com\/avatar\/bed593e8c4f7a64eadd793ee0c358183a074681ff2ab486862ba11ecac82ec5b?s=96&d=mm&r=g","contentUrl":"https:\/\/secure.gravatar.com\/avatar\/bed593e8c4f7a64eadd793ee0c358183a074681ff2ab486862ba11ecac82ec5b?s=96&d=mm&r=g","caption":"clsigea"}}]}},"author_meta":{"display_name":"clsigea","author_link":"https:\/\/sigea.pt\/en\/author\/clsigea\/"},"featured_img":null,"coauthors":[],"tax_additional":{"categories":{"linked":["<a href=\"https:\/\/sigea.pt\/en\/category\/sem-categoria\/\" class=\"advgb-post-tax-term\">Sem categoria<\/a>"],"unlinked":["<span class=\"advgb-post-tax-term\">Sem categoria<\/span>"]}},"comment_count":"0","relative_dates":{"created":"Posted 3 years ago","modified":"Updated 3 years ago"},"absolute_dates":{"created":"Posted on 17\/07\/2023","modified":"Updated on 17\/07\/2023"},"absolute_dates_time":{"created":"Posted on 17\/07\/2023 9:42","modified":"Updated on 17\/07\/2023 9:42"},"featured_img_caption":"","series_order":"","_links":{"self":[{"href":"https:\/\/sigea.pt\/en\/wp-json\/wp\/v2\/posts\/6474","targetHints":{"allow":["GET"]}}],"collection":[{"href":"https:\/\/sigea.pt\/en\/wp-json\/wp\/v2\/posts"}],"about":[{"href":"https:\/\/sigea.pt\/en\/wp-json\/wp\/v2\/types\/post"}],"author":[{"embeddable":true,"href":"https:\/\/sigea.pt\/en\/wp-json\/wp\/v2\/users\/2"}],"replies":[{"embeddable":true,"href":"https:\/\/sigea.pt\/en\/wp-json\/wp\/v2\/comments?post=6474"}],"version-history":[{"count":0,"href":"https:\/\/sigea.pt\/en\/wp-json\/wp\/v2\/posts\/6474\/revisions"}],"wp:attachment":[{"href":"https:\/\/sigea.pt\/en\/wp-json\/wp\/v2\/media?parent=6474"}],"wp:term":[{"taxonomy":"category","embeddable":true,"href":"https:\/\/sigea.pt\/en\/wp-json\/wp\/v2\/categories?post=6474"},{"taxonomy":"post_tag","embeddable":true,"href":"https:\/\/sigea.pt\/en\/wp-json\/wp\/v2\/tags?post=6474"}],"curies":[{"name":"wp","href":"https:\/\/api.w.org\/{rel}","templated":true}]}}