{"id":4555,"date":"2022-04-20T05:41:05","date_gmt":"2022-04-20T05:41:05","guid":{"rendered":"https:\/\/sigea.pt\/?p=4555"},"modified":"2022-04-20T05:41:07","modified_gmt":"2022-04-20T05:41:07","slug":"uma-viagem-pela-sustentabilidade-2-o-e-3-o-ciclos","status":"publish","type":"post","link":"https:\/\/sigea.pt\/en\/2022\/04\/uma-viagem-pela-sustentabilidade-2-o-e-3-o-ciclos\/","title":{"rendered":"Uma viagem pela sustentabilidade (2.\u00ba e 3.\u00ba Ciclos)"},"content":{"rendered":"<figure class=\"wp-block-image size-large\"><img fetchpriority=\"high\" decoding=\"async\" width=\"1024\" height=\"576\" src=\"https:\/\/sigea.pt\/wp-content\/uploads\/2022\/04\/Image-001-2-1024x576.jpg\" alt=\"\" class=\"wp-image-4557\" srcset=\"https:\/\/sigea.pt\/wp-content\/uploads\/2022\/04\/Image-001-2-1024x576.jpg 1024w, https:\/\/sigea.pt\/wp-content\/uploads\/2022\/04\/Image-001-2-300x169.jpg 300w, https:\/\/sigea.pt\/wp-content\/uploads\/2022\/04\/Image-001-2-768x432.jpg 768w, https:\/\/sigea.pt\/wp-content\/uploads\/2022\/04\/Image-001-2-18x10.jpg 18w, https:\/\/sigea.pt\/wp-content\/uploads\/2022\/04\/Image-001-2-500x281.jpg 500w, https:\/\/sigea.pt\/wp-content\/uploads\/2022\/04\/Image-001-2.jpg 1277w\" sizes=\"(max-width: 1024px) 100vw, 1024px\" \/><\/figure>\n\n\n\n<p>As turmas dos 2.\u00ba e 3.\u00ba ciclo do Sigea tiveram oportunidade de participar numa a\u00e7\u00e3o de sensibiliza\u00e7\u00e3o, patrocinada pela Mobi Cascais, visando dar a conhecer e sensibilizar para o uso de transportes p\u00fablicos do Concelho de Cascais. Desdobrada em sess\u00f5es te\u00f3ricas e pr\u00e1ticas, os nossos jovens mun\u00edcipes tiveram oportunidade de conhecer a rede de transportes gratuitos, e de perceber que, em muitos casos, n\u00e3o h\u00e1 raz\u00e3o para andar de carro quando podemos deslocar-nos r\u00e1pida e facilmente de transportes p\u00fablicos, de uma forma econ\u00f3mica e muito mais ecol\u00f3gica. A sustentabilidade \u00e9 muito mais do que uma palavra, \u00e9 uma a\u00e7\u00e3o que devemos interiorizar e tornar di\u00e1ria, nos pequenos gestos e decis\u00f5es e o nosso Col\u00e9gio n\u00e3o se poderia alhear a este grande objetivo.<\/p>\n\n\n\n<figure class=\"wp-block-video\"><video controls src=\"https:\/\/fb.watch\/cvlAf8qrXl\/\"><\/video><\/figure>\n\n\n\n<figure class=\"wp-block-gallery has-nested-images columns-default is-cropped wp-block-gallery-1 is-layout-flex wp-block-gallery-is-layout-flex\">\n<figure class=\"wp-block-image size-large\"><img decoding=\"async\" width=\"1024\" height=\"572\" data-id=\"4562\" src=\"https:\/\/sigea.pt\/wp-content\/uploads\/2022\/04\/Image-002-1024x572.jpg\" alt=\"\" class=\"wp-image-4562\" srcset=\"https:\/\/sigea.pt\/wp-content\/uploads\/2022\/04\/Image-002-1024x572.jpg 1024w, https:\/\/sigea.pt\/wp-content\/uploads\/2022\/04\/Image-002-300x168.jpg 300w, https:\/\/sigea.pt\/wp-content\/uploads\/2022\/04\/Image-002-768x429.jpg 768w, https:\/\/sigea.pt\/wp-content\/uploads\/2022\/04\/Image-002-18x10.jpg 18w, https:\/\/sigea.pt\/wp-content\/uploads\/2022\/04\/Image-002-500x279.jpg 500w, https:\/\/sigea.pt\/wp-content\/uploads\/2022\/04\/Image-002.jpg 1276w\" sizes=\"(max-width: 1024px) 100vw, 1024px\" \/><\/figure>\n\n\n\n<figure class=\"wp-block-image size-large\"><img decoding=\"async\" width=\"1024\" height=\"576\" data-id=\"4561\" src=\"https:\/\/sigea.pt\/wp-content\/uploads\/2022\/04\/Image-003-1024x576.jpg\" alt=\"\" class=\"wp-image-4561\" srcset=\"https:\/\/sigea.pt\/wp-content\/uploads\/2022\/04\/Image-003-1024x576.jpg 1024w, https:\/\/sigea.pt\/wp-content\/uploads\/2022\/04\/Image-003-300x169.jpg 300w, https:\/\/sigea.pt\/wp-content\/uploads\/2022\/04\/Image-003-768x432.jpg 768w, https:\/\/sigea.pt\/wp-content\/uploads\/2022\/04\/Image-003-18x10.jpg 18w, https:\/\/sigea.pt\/wp-content\/uploads\/2022\/04\/Image-003-500x281.jpg 500w, https:\/\/sigea.pt\/wp-content\/uploads\/2022\/04\/Image-003.jpg 1279w\" sizes=\"(max-width: 1024px) 100vw, 1024px\" \/><\/figure>\n\n\n\n<figure class=\"wp-block-image size-large\"><img loading=\"lazy\" decoding=\"async\" width=\"1024\" height=\"577\" data-id=\"4558\" src=\"https:\/\/sigea.pt\/wp-content\/uploads\/2022\/04\/Image-004-1024x577.jpg\" alt=\"\" class=\"wp-image-4558\" srcset=\"https:\/\/sigea.pt\/wp-content\/uploads\/2022\/04\/Image-004-1024x577.jpg 1024w, https:\/\/sigea.pt\/wp-content\/uploads\/2022\/04\/Image-004-300x169.jpg 300w, https:\/\/sigea.pt\/wp-content\/uploads\/2022\/04\/Image-004-768x432.jpg 768w, https:\/\/sigea.pt\/wp-content\/uploads\/2022\/04\/Image-004-18x10.jpg 18w, https:\/\/sigea.pt\/wp-content\/uploads\/2022\/04\/Image-004-500x282.jpg 500w, https:\/\/sigea.pt\/wp-content\/uploads\/2022\/04\/Image-004.jpg 1268w\" sizes=\"(max-width: 1024px) 100vw, 1024px\" \/><\/figure>\n\n\n\n<figure class=\"wp-block-image size-large\"><img loading=\"lazy\" decoding=\"async\" width=\"1024\" height=\"579\" data-id=\"4559\" src=\"https:\/\/sigea.pt\/wp-content\/uploads\/2022\/04\/Image-005-1024x579.jpg\" alt=\"\" class=\"wp-image-4559\" srcset=\"https:\/\/sigea.pt\/wp-content\/uploads\/2022\/04\/Image-005-1024x579.jpg 1024w, https:\/\/sigea.pt\/wp-content\/uploads\/2022\/04\/Image-005-300x170.jpg 300w, https:\/\/sigea.pt\/wp-content\/uploads\/2022\/04\/Image-005-768x434.jpg 768w, https:\/\/sigea.pt\/wp-content\/uploads\/2022\/04\/Image-005-18x10.jpg 18w, https:\/\/sigea.pt\/wp-content\/uploads\/2022\/04\/Image-005-500x283.jpg 500w, https:\/\/sigea.pt\/wp-content\/uploads\/2022\/04\/Image-005.jpg 1272w\" sizes=\"(max-width: 1024px) 100vw, 1024px\" \/><\/figure>\n\n\n\n<figure class=\"wp-block-image size-large\"><img loading=\"lazy\" decoding=\"async\" width=\"1024\" height=\"569\" data-id=\"4560\" src=\"https:\/\/sigea.pt\/wp-content\/uploads\/2022\/04\/Image-007-1024x569.jpg\" alt=\"\" class=\"wp-image-4560\" srcset=\"https:\/\/sigea.pt\/wp-content\/uploads\/2022\/04\/Image-007-1024x569.jpg 1024w, https:\/\/sigea.pt\/wp-content\/uploads\/2022\/04\/Image-007-300x167.jpg 300w, https:\/\/sigea.pt\/wp-content\/uploads\/2022\/04\/Image-007-768x427.jpg 768w, https:\/\/sigea.pt\/wp-content\/uploads\/2022\/04\/Image-007-18x10.jpg 18w, https:\/\/sigea.pt\/wp-content\/uploads\/2022\/04\/Image-007-500x278.jpg 500w, https:\/\/sigea.pt\/wp-content\/uploads\/2022\/04\/Image-007.jpg 1276w\" sizes=\"(max-width: 1024px) 100vw, 1024px\" \/><\/figure>\n<\/figure>","protected":false},"excerpt":{"rendered":"<p>As turmas dos 2.\u00ba e 3.\u00ba ciclo do Sigea tiveram oportunidade de participar numa a\u00e7\u00e3o de sensibiliza\u00e7\u00e3o, patrocinada pela Mobi Cascais, visando dar a conhecer e sensibilizar para o uso&#8230;<\/p>","protected":false},"author":2,"featured_media":0,"comment_status":"closed","ping_status":"closed","sticky":false,"template":"","format":"standard","meta":{"_acf_changed":false,"advgb_blocks_editor_width":"","advgb_blocks_columns_visual_guide":"","_joinchat":[],"footnotes":"","_links_to":"","_links_to_target":""},"categories":[5],"tags":[],"class_list":{"0":"post-4555","1":"post","2":"type-post","3":"status-publish","4":"format-standard","6":"category-atividades"},"acf":[],"yoast_head":"<!-- This site is optimized with the Yoast SEO plugin v26.2 - https:\/\/yoast.com\/wordpress\/plugins\/seo\/ -->\n<title>Col\u00e9gio SIGEA - Uma viagem pela sustentabilidade (2.\u00ba e 3.\u00ba Ciclos)<\/title>\n<meta name=\"robots\" content=\"index, follow, max-snippet:-1, max-image-preview:large, max-video-preview:-1\" \/>\n<link rel=\"canonical\" href=\"https:\/\/sigea.pt\/en\/2022\/04\/uma-viagem-pela-sustentabilidade-2-o-e-3-o-ciclos\/\" \/>\n<meta property=\"og:locale\" content=\"en_GB\" \/>\n<meta property=\"og:type\" content=\"article\" \/>\n<meta property=\"og:title\" content=\"Col\u00e9gio SIGEA - Uma viagem pela sustentabilidade (2.\u00ba e 3.\u00ba Ciclos)\" \/>\n<meta property=\"og:description\" content=\"As turmas dos 2.\u00ba e 3.\u00ba ciclo do Sigea tiveram oportunidade de participar numa a\u00e7\u00e3o de sensibiliza\u00e7\u00e3o, patrocinada pela Mobi Cascais, visando dar a conhecer e sensibilizar para o uso...\" \/>\n<meta property=\"og:url\" content=\"https:\/\/sigea.pt\/en\/2022\/04\/uma-viagem-pela-sustentabilidade-2-o-e-3-o-ciclos\/\" \/>\n<meta property=\"og:site_name\" content=\"Col\u00e9gio SIGEA\" \/>\n<meta property=\"article:publisher\" content=\"https:\/\/www.facebook.com\/clsigea\" \/>\n<meta property=\"article:published_time\" content=\"2022-04-20T05:41:05+00:00\" \/>\n<meta property=\"article:modified_time\" content=\"2022-04-20T05:41:07+00:00\" \/>\n<meta property=\"og:image\" content=\"https:\/\/sigea.pt\/wp-content\/uploads\/2022\/04\/Image-001-2-1024x576.jpg\" \/>\n<meta name=\"author\" content=\"clsigea\" \/>\n<meta name=\"twitter:card\" content=\"summary_large_image\" \/>\n<meta name=\"twitter:label1\" content=\"Written by\" \/>\n\t<meta name=\"twitter:data1\" content=\"clsigea\" \/>\n\t<meta name=\"twitter:label2\" content=\"Estimated reading time\" \/>\n\t<meta name=\"twitter:data2\" content=\"2 minutes\" \/>\n<script type=\"application\/ld+json\" class=\"yoast-schema-graph\">{\"@context\":\"https:\/\/schema.org\",\"@graph\":[{\"@type\":\"Article\",\"@id\":\"https:\/\/sigea.pt\/2022\/04\/uma-viagem-pela-sustentabilidade-2-o-e-3-o-ciclos\/#article\",\"isPartOf\":{\"@id\":\"https:\/\/sigea.pt\/2022\/04\/uma-viagem-pela-sustentabilidade-2-o-e-3-o-ciclos\/\"},\"author\":{\"name\":\"clsigea\",\"@id\":\"https:\/\/sigea.pt\/#\/schema\/person\/3741f7f1e65e14f9cdacc1c4560ed0a6\"},\"headline\":\"Uma viagem pela sustentabilidade (2.\u00ba e 3.\u00ba Ciclos)\",\"datePublished\":\"2022-04-20T05:41:05+00:00\",\"dateModified\":\"2022-04-20T05:41:07+00:00\",\"mainEntityOfPage\":{\"@id\":\"https:\/\/sigea.pt\/2022\/04\/uma-viagem-pela-sustentabilidade-2-o-e-3-o-ciclos\/\"},\"wordCount\":142,\"publisher\":{\"@id\":\"https:\/\/sigea.pt\/#organization\"},\"image\":{\"@id\":\"https:\/\/sigea.pt\/2022\/04\/uma-viagem-pela-sustentabilidade-2-o-e-3-o-ciclos\/#primaryimage\"},\"thumbnailUrl\":\"https:\/\/sigea.pt\/wp-content\/uploads\/2022\/04\/Image-001-2-1024x576.jpg\",\"articleSection\":[\"Atividades\"],\"inLanguage\":\"en-GB\"},{\"@type\":\"WebPage\",\"@id\":\"https:\/\/sigea.pt\/2022\/04\/uma-viagem-pela-sustentabilidade-2-o-e-3-o-ciclos\/\",\"url\":\"https:\/\/sigea.pt\/2022\/04\/uma-viagem-pela-sustentabilidade-2-o-e-3-o-ciclos\/\",\"name\":\"Col\u00e9gio SIGEA - Uma viagem pela sustentabilidade (2.\u00ba e 3.\u00ba Ciclos)\",\"isPartOf\":{\"@id\":\"https:\/\/sigea.pt\/#website\"},\"primaryImageOfPage\":{\"@id\":\"https:\/\/sigea.pt\/2022\/04\/uma-viagem-pela-sustentabilidade-2-o-e-3-o-ciclos\/#primaryimage\"},\"image\":{\"@id\":\"https:\/\/sigea.pt\/2022\/04\/uma-viagem-pela-sustentabilidade-2-o-e-3-o-ciclos\/#primaryimage\"},\"thumbnailUrl\":\"https:\/\/sigea.pt\/wp-content\/uploads\/2022\/04\/Image-001-2-1024x576.jpg\",\"datePublished\":\"2022-04-20T05:41:05+00:00\",\"dateModified\":\"2022-04-20T05:41:07+00:00\",\"breadcrumb\":{\"@id\":\"https:\/\/sigea.pt\/2022\/04\/uma-viagem-pela-sustentabilidade-2-o-e-3-o-ciclos\/#breadcrumb\"},\"inLanguage\":\"en-GB\",\"potentialAction\":[{\"@type\":\"ReadAction\",\"target\":[\"https:\/\/sigea.pt\/2022\/04\/uma-viagem-pela-sustentabilidade-2-o-e-3-o-ciclos\/\"]}]},{\"@type\":\"ImageObject\",\"inLanguage\":\"en-GB\",\"@id\":\"https:\/\/sigea.pt\/2022\/04\/uma-viagem-pela-sustentabilidade-2-o-e-3-o-ciclos\/#primaryimage\",\"url\":\"https:\/\/sigea.pt\/wp-content\/uploads\/2022\/04\/Image-001-2-1024x576.jpg\",\"contentUrl\":\"https:\/\/sigea.pt\/wp-content\/uploads\/2022\/04\/Image-001-2-1024x576.jpg\"},{\"@type\":\"BreadcrumbList\",\"@id\":\"https:\/\/sigea.pt\/2022\/04\/uma-viagem-pela-sustentabilidade-2-o-e-3-o-ciclos\/#breadcrumb\",\"itemListElement\":[{\"@type\":\"ListItem\",\"position\":1,\"name\":\"In\u00edcio\",\"item\":\"https:\/\/sigea.pt\/\"},{\"@type\":\"ListItem\",\"position\":2,\"name\":\"Uma viagem pela sustentabilidade (2.\u00ba e 3.\u00ba Ciclos)\"}]},{\"@type\":\"WebSite\",\"@id\":\"https:\/\/sigea.pt\/#website\",\"url\":\"https:\/\/sigea.pt\/\",\"name\":\"Col\u00e9gio SIGEA\",\"description\":\"Educar o Futuro\",\"publisher\":{\"@id\":\"https:\/\/sigea.pt\/#organization\"},\"potentialAction\":[{\"@type\":\"SearchAction\",\"target\":{\"@type\":\"EntryPoint\",\"urlTemplate\":\"https:\/\/sigea.pt\/?s={search_term_string}\"},\"query-input\":{\"@type\":\"PropertyValueSpecification\",\"valueRequired\":true,\"valueName\":\"search_term_string\"}}],\"inLanguage\":\"en-GB\"},{\"@type\":\"Organization\",\"@id\":\"https:\/\/sigea.pt\/#organization\",\"name\":\"Col\u00e9gio Sigea\",\"url\":\"https:\/\/sigea.pt\/\",\"logo\":{\"@type\":\"ImageObject\",\"inLanguage\":\"en-GB\",\"@id\":\"https:\/\/sigea.pt\/#\/schema\/logo\/image\/\",\"url\":\"https:\/\/sigea.pt\/wp-content\/uploads\/2019\/04\/logo-blue.png\",\"contentUrl\":\"https:\/\/sigea.pt\/wp-content\/uploads\/2019\/04\/logo-blue.png\",\"width\":150,\"height\":150,\"caption\":\"Col\u00e9gio Sigea\"},\"image\":{\"@id\":\"https:\/\/sigea.pt\/#\/schema\/logo\/image\/\"},\"sameAs\":[\"https:\/\/www.facebook.com\/clsigea\"]},{\"@type\":\"Person\",\"@id\":\"https:\/\/sigea.pt\/#\/schema\/person\/3741f7f1e65e14f9cdacc1c4560ed0a6\",\"name\":\"clsigea\",\"image\":{\"@type\":\"ImageObject\",\"inLanguage\":\"en-GB\",\"@id\":\"https:\/\/sigea.pt\/#\/schema\/person\/image\/\",\"url\":\"https:\/\/secure.gravatar.com\/avatar\/bed593e8c4f7a64eadd793ee0c358183a074681ff2ab486862ba11ecac82ec5b?s=96&d=mm&r=g\",\"contentUrl\":\"https:\/\/secure.gravatar.com\/avatar\/bed593e8c4f7a64eadd793ee0c358183a074681ff2ab486862ba11ecac82ec5b?s=96&d=mm&r=g\",\"caption\":\"clsigea\"}}]}<\/script>\n<!-- \/ Yoast SEO plugin. -->","yoast_head_json":{"title":"Col\u00e9gio SIGEA - Uma viagem pela sustentabilidade (2.\u00ba e 3.\u00ba Ciclos)","robots":{"index":"index","follow":"follow","max-snippet":"max-snippet:-1","max-image-preview":"max-image-preview:large","max-video-preview":"max-video-preview:-1"},"canonical":"https:\/\/sigea.pt\/en\/2022\/04\/uma-viagem-pela-sustentabilidade-2-o-e-3-o-ciclos\/","og_locale":"en_GB","og_type":"article","og_title":"Col\u00e9gio SIGEA - Uma viagem pela sustentabilidade (2.\u00ba e 3.\u00ba Ciclos)","og_description":"As turmas dos 2.\u00ba e 3.\u00ba ciclo do Sigea tiveram oportunidade de participar numa a\u00e7\u00e3o de sensibiliza\u00e7\u00e3o, patrocinada pela Mobi Cascais, visando dar a conhecer e sensibilizar para o uso...","og_url":"https:\/\/sigea.pt\/en\/2022\/04\/uma-viagem-pela-sustentabilidade-2-o-e-3-o-ciclos\/","og_site_name":"Col\u00e9gio SIGEA","article_publisher":"https:\/\/www.facebook.com\/clsigea","article_published_time":"2022-04-20T05:41:05+00:00","article_modified_time":"2022-04-20T05:41:07+00:00","og_image":[{"url":"https:\/\/sigea.pt\/wp-content\/uploads\/2022\/04\/Image-001-2-1024x576.jpg","type":"","width":"","height":""}],"author":"clsigea","twitter_card":"summary_large_image","twitter_misc":{"Written by":"clsigea","Estimated reading time":"2 minutes"},"schema":{"@context":"https:\/\/schema.org","@graph":[{"@type":"Article","@id":"https:\/\/sigea.pt\/2022\/04\/uma-viagem-pela-sustentabilidade-2-o-e-3-o-ciclos\/#article","isPartOf":{"@id":"https:\/\/sigea.pt\/2022\/04\/uma-viagem-pela-sustentabilidade-2-o-e-3-o-ciclos\/"},"author":{"name":"clsigea","@id":"https:\/\/sigea.pt\/#\/schema\/person\/3741f7f1e65e14f9cdacc1c4560ed0a6"},"headline":"Uma viagem pela sustentabilidade (2.\u00ba e 3.\u00ba Ciclos)","datePublished":"2022-04-20T05:41:05+00:00","dateModified":"2022-04-20T05:41:07+00:00","mainEntityOfPage":{"@id":"https:\/\/sigea.pt\/2022\/04\/uma-viagem-pela-sustentabilidade-2-o-e-3-o-ciclos\/"},"wordCount":142,"publisher":{"@id":"https:\/\/sigea.pt\/#organization"},"image":{"@id":"https:\/\/sigea.pt\/2022\/04\/uma-viagem-pela-sustentabilidade-2-o-e-3-o-ciclos\/#primaryimage"},"thumbnailUrl":"https:\/\/sigea.pt\/wp-content\/uploads\/2022\/04\/Image-001-2-1024x576.jpg","articleSection":["Atividades"],"inLanguage":"en-GB"},{"@type":"WebPage","@id":"https:\/\/sigea.pt\/2022\/04\/uma-viagem-pela-sustentabilidade-2-o-e-3-o-ciclos\/","url":"https:\/\/sigea.pt\/2022\/04\/uma-viagem-pela-sustentabilidade-2-o-e-3-o-ciclos\/","name":"Col\u00e9gio SIGEA - Uma viagem pela sustentabilidade (2.\u00ba e 3.\u00ba Ciclos)","isPartOf":{"@id":"https:\/\/sigea.pt\/#website"},"primaryImageOfPage":{"@id":"https:\/\/sigea.pt\/2022\/04\/uma-viagem-pela-sustentabilidade-2-o-e-3-o-ciclos\/#primaryimage"},"image":{"@id":"https:\/\/sigea.pt\/2022\/04\/uma-viagem-pela-sustentabilidade-2-o-e-3-o-ciclos\/#primaryimage"},"thumbnailUrl":"https:\/\/sigea.pt\/wp-content\/uploads\/2022\/04\/Image-001-2-1024x576.jpg","datePublished":"2022-04-20T05:41:05+00:00","dateModified":"2022-04-20T05:41:07+00:00","breadcrumb":{"@id":"https:\/\/sigea.pt\/2022\/04\/uma-viagem-pela-sustentabilidade-2-o-e-3-o-ciclos\/#breadcrumb"},"inLanguage":"en-GB","potentialAction":[{"@type":"ReadAction","target":["https:\/\/sigea.pt\/2022\/04\/uma-viagem-pela-sustentabilidade-2-o-e-3-o-ciclos\/"]}]},{"@type":"ImageObject","inLanguage":"en-GB","@id":"https:\/\/sigea.pt\/2022\/04\/uma-viagem-pela-sustentabilidade-2-o-e-3-o-ciclos\/#primaryimage","url":"https:\/\/sigea.pt\/wp-content\/uploads\/2022\/04\/Image-001-2-1024x576.jpg","contentUrl":"https:\/\/sigea.pt\/wp-content\/uploads\/2022\/04\/Image-001-2-1024x576.jpg"},{"@type":"BreadcrumbList","@id":"https:\/\/sigea.pt\/2022\/04\/uma-viagem-pela-sustentabilidade-2-o-e-3-o-ciclos\/#breadcrumb","itemListElement":[{"@type":"ListItem","position":1,"name":"In\u00edcio","item":"https:\/\/sigea.pt\/"},{"@type":"ListItem","position":2,"name":"Uma viagem pela sustentabilidade (2.\u00ba e 3.\u00ba Ciclos)"}]},{"@type":"WebSite","@id":"https:\/\/sigea.pt\/#website","url":"https:\/\/sigea.pt\/","name":"Our School","description":"Educating the Future","publisher":{"@id":"https:\/\/sigea.pt\/#organization"},"potentialAction":[{"@type":"SearchAction","target":{"@type":"EntryPoint","urlTemplate":"https:\/\/sigea.pt\/?s={search_term_string}"},"query-input":{"@type":"PropertyValueSpecification","valueRequired":true,"valueName":"search_term_string"}}],"inLanguage":"en-GB"},{"@type":"Organization","@id":"https:\/\/sigea.pt\/#organization","name":"Col\u00e9gio Sigea","url":"https:\/\/sigea.pt\/","logo":{"@type":"ImageObject","inLanguage":"en-GB","@id":"https:\/\/sigea.pt\/#\/schema\/logo\/image\/","url":"https:\/\/sigea.pt\/wp-content\/uploads\/2019\/04\/logo-blue.png","contentUrl":"https:\/\/sigea.pt\/wp-content\/uploads\/2019\/04\/logo-blue.png","width":150,"height":150,"caption":"Col\u00e9gio Sigea"},"image":{"@id":"https:\/\/sigea.pt\/#\/schema\/logo\/image\/"},"sameAs":["https:\/\/www.facebook.com\/clsigea"]},{"@type":"Person","@id":"https:\/\/sigea.pt\/#\/schema\/person\/3741f7f1e65e14f9cdacc1c4560ed0a6","name":"clsigea","image":{"@type":"ImageObject","inLanguage":"en-GB","@id":"https:\/\/sigea.pt\/#\/schema\/person\/image\/","url":"https:\/\/secure.gravatar.com\/avatar\/bed593e8c4f7a64eadd793ee0c358183a074681ff2ab486862ba11ecac82ec5b?s=96&d=mm&r=g","contentUrl":"https:\/\/secure.gravatar.com\/avatar\/bed593e8c4f7a64eadd793ee0c358183a074681ff2ab486862ba11ecac82ec5b?s=96&d=mm&r=g","caption":"clsigea"}}]}},"author_meta":{"display_name":"clsigea","author_link":"https:\/\/sigea.pt\/en\/author\/clsigea\/"},"featured_img":null,"coauthors":[],"tax_additional":{"categories":{"linked":["<a href=\"https:\/\/sigea.pt\/en\/category\/atividades\/\" class=\"advgb-post-tax-term\">Atividades<\/a>"],"unlinked":["<span class=\"advgb-post-tax-term\">Atividades<\/span>"]}},"comment_count":"0","relative_dates":{"created":"Posted 4 years ago","modified":"Updated 4 years ago"},"absolute_dates":{"created":"Posted on 20\/04\/2022","modified":"Updated on 20\/04\/2022"},"absolute_dates_time":{"created":"Posted on 20\/04\/2022 5:41","modified":"Updated on 20\/04\/2022 5:41"},"featured_img_caption":"","series_order":"","_links":{"self":[{"href":"https:\/\/sigea.pt\/en\/wp-json\/wp\/v2\/posts\/4555","targetHints":{"allow":["GET"]}}],"collection":[{"href":"https:\/\/sigea.pt\/en\/wp-json\/wp\/v2\/posts"}],"about":[{"href":"https:\/\/sigea.pt\/en\/wp-json\/wp\/v2\/types\/post"}],"author":[{"embeddable":true,"href":"https:\/\/sigea.pt\/en\/wp-json\/wp\/v2\/users\/2"}],"replies":[{"embeddable":true,"href":"https:\/\/sigea.pt\/en\/wp-json\/wp\/v2\/comments?post=4555"}],"version-history":[{"count":0,"href":"https:\/\/sigea.pt\/en\/wp-json\/wp\/v2\/posts\/4555\/revisions"}],"wp:attachment":[{"href":"https:\/\/sigea.pt\/en\/wp-json\/wp\/v2\/media?parent=4555"}],"wp:term":[{"taxonomy":"category","embeddable":true,"href":"https:\/\/sigea.pt\/en\/wp-json\/wp\/v2\/categories?post=4555"},{"taxonomy":"post_tag","embeddable":true,"href":"https:\/\/sigea.pt\/en\/wp-json\/wp\/v2\/tags?post=4555"}],"curies":[{"name":"wp","href":"https:\/\/api.w.org\/{rel}","templated":true}]}}