{"id":3273,"date":"2020-09-25T15:19:00","date_gmt":"2020-09-25T15:19:00","guid":{"rendered":"https:\/\/sigea.pt\/?p=3273"},"modified":"2020-11-09T13:40:27","modified_gmt":"2020-11-09T13:40:27","slug":"2020-09-25-dia-europeu-do-desporto-escolar","status":"publish","type":"post","link":"https:\/\/sigea.pt\/en\/2020\/09\/2020-09-25-dia-europeu-do-desporto-escolar\/","title":{"rendered":"2020-09-25 &#8211; Dia Europeu do Desporto Escolar"},"content":{"rendered":"<figure class=\"wp-block-image size-large\"><img fetchpriority=\"high\" decoding=\"async\" width=\"1024\" height=\"576\" src=\"https:\/\/sigea.pt\/wp-content\/uploads\/2020\/10\/WhatsApp-Image-2020-10-20-at-10.41.01-2-1024x576.jpeg\" alt=\"\" class=\"wp-image-3274\" srcset=\"https:\/\/sigea.pt\/wp-content\/uploads\/2020\/10\/WhatsApp-Image-2020-10-20-at-10.41.01-2-1024x576.jpeg 1024w, https:\/\/sigea.pt\/wp-content\/uploads\/2020\/10\/WhatsApp-Image-2020-10-20-at-10.41.01-2-300x169.jpeg 300w, https:\/\/sigea.pt\/wp-content\/uploads\/2020\/10\/WhatsApp-Image-2020-10-20-at-10.41.01-2-768x432.jpeg 768w, https:\/\/sigea.pt\/wp-content\/uploads\/2020\/10\/WhatsApp-Image-2020-10-20-at-10.41.01-2-1536x864.jpeg 1536w, https:\/\/sigea.pt\/wp-content\/uploads\/2020\/10\/WhatsApp-Image-2020-10-20-at-10.41.01-2-16x9.jpeg 16w, https:\/\/sigea.pt\/wp-content\/uploads\/2020\/10\/WhatsApp-Image-2020-10-20-at-10.41.01-2-500x281.jpeg 500w, https:\/\/sigea.pt\/wp-content\/uploads\/2020\/10\/WhatsApp-Image-2020-10-20-at-10.41.01-2.jpeg 1920w\" sizes=\"(max-width: 1024px) 100vw, 1024px\" \/><\/figure>\n\n\n\n<p>No&nbsp; passado dia 25 de setembro celebrou-se o Dia Europeu do Desporto Escolar. O Col\u00e9gio associou-se, mais uma vez, a esta iniciativa de maneira a incentivar os nossos alunos \u00e0 pr\u00e1tica de atividade f\u00edsica.<\/p>\n\n\n\n<p>Uma vez que a zona envolvente do Col\u00e9gio \u00e9 apropriada e apelativa para a realiza\u00e7\u00e3o de atividades desportivas, as turmas aproveitaram para realizar uns jogos divertidos nos jardins do Casino.<\/p>\n\n\n\n<p>Com esta atividade demonstr\u00e1mos que o nosso Col\u00e9gio \u00e9 uma escola ativa e procura promover a sa\u00fade e o desporto, especialmente neste tempo em que vivemos.<\/p>\n\n\n\n<figure class=\"wp-block-gallery columns-3 is-cropped wp-block-gallery-1\"><ul class=\"blocks-gallery-grid\"><li class=\"blocks-gallery-item\"><figure><img decoding=\"async\" width=\"576\" height=\"1024\" src=\"https:\/\/sigea.pt\/wp-content\/uploads\/2020\/10\/WhatsApp-Image-2020-10-20-at-10.41.01-1-576x1024.jpeg\" alt=\"\" data-id=\"3275\" data-full-url=\"https:\/\/sigea.pt\/wp-content\/uploads\/2020\/10\/WhatsApp-Image-2020-10-20-at-10.41.01-1.jpeg\" data-link=\"https:\/\/sigea.pt\/?attachment_id=3275\" class=\"wp-image-3275\" srcset=\"https:\/\/sigea.pt\/wp-content\/uploads\/2020\/10\/WhatsApp-Image-2020-10-20-at-10.41.01-1-576x1024.jpeg 576w, https:\/\/sigea.pt\/wp-content\/uploads\/2020\/10\/WhatsApp-Image-2020-10-20-at-10.41.01-1-169x300.jpeg 169w, https:\/\/sigea.pt\/wp-content\/uploads\/2020\/10\/WhatsApp-Image-2020-10-20-at-10.41.01-1-768x1365.jpeg 768w, https:\/\/sigea.pt\/wp-content\/uploads\/2020\/10\/WhatsApp-Image-2020-10-20-at-10.41.01-1-864x1536.jpeg 864w, https:\/\/sigea.pt\/wp-content\/uploads\/2020\/10\/WhatsApp-Image-2020-10-20-at-10.41.01-1-7x12.jpeg 7w, https:\/\/sigea.pt\/wp-content\/uploads\/2020\/10\/WhatsApp-Image-2020-10-20-at-10.41.01-1-500x889.jpeg 500w, https:\/\/sigea.pt\/wp-content\/uploads\/2020\/10\/WhatsApp-Image-2020-10-20-at-10.41.01-1.jpeg 1080w\" sizes=\"(max-width: 576px) 100vw, 576px\" \/><\/figure><\/li><li class=\"blocks-gallery-item\"><figure><img decoding=\"async\" width=\"1024\" height=\"576\" src=\"https:\/\/sigea.pt\/wp-content\/uploads\/2020\/10\/WhatsApp-Image-2020-10-20-at-10.41.01-2-1-1024x576.jpeg\" alt=\"\" data-id=\"3276\" data-full-url=\"https:\/\/sigea.pt\/wp-content\/uploads\/2020\/10\/WhatsApp-Image-2020-10-20-at-10.41.01-2-1.jpeg\" data-link=\"https:\/\/sigea.pt\/?attachment_id=3276\" class=\"wp-image-3276\" srcset=\"https:\/\/sigea.pt\/wp-content\/uploads\/2020\/10\/WhatsApp-Image-2020-10-20-at-10.41.01-2-1-1024x576.jpeg 1024w, https:\/\/sigea.pt\/wp-content\/uploads\/2020\/10\/WhatsApp-Image-2020-10-20-at-10.41.01-2-1-300x169.jpeg 300w, https:\/\/sigea.pt\/wp-content\/uploads\/2020\/10\/WhatsApp-Image-2020-10-20-at-10.41.01-2-1-768x432.jpeg 768w, https:\/\/sigea.pt\/wp-content\/uploads\/2020\/10\/WhatsApp-Image-2020-10-20-at-10.41.01-2-1-1536x864.jpeg 1536w, https:\/\/sigea.pt\/wp-content\/uploads\/2020\/10\/WhatsApp-Image-2020-10-20-at-10.41.01-2-1-16x9.jpeg 16w, https:\/\/sigea.pt\/wp-content\/uploads\/2020\/10\/WhatsApp-Image-2020-10-20-at-10.41.01-2-1-500x281.jpeg 500w, https:\/\/sigea.pt\/wp-content\/uploads\/2020\/10\/WhatsApp-Image-2020-10-20-at-10.41.01-2-1.jpeg 1920w\" sizes=\"(max-width: 1024px) 100vw, 1024px\" \/><\/figure><\/li><li class=\"blocks-gallery-item\"><figure><img loading=\"lazy\" decoding=\"async\" width=\"576\" height=\"1024\" src=\"https:\/\/sigea.pt\/wp-content\/uploads\/2020\/10\/WhatsApp-Image-2020-10-20-at-10.41.01-576x1024.jpeg\" alt=\"\" data-id=\"3277\" data-full-url=\"https:\/\/sigea.pt\/wp-content\/uploads\/2020\/10\/WhatsApp-Image-2020-10-20-at-10.41.01.jpeg\" data-link=\"https:\/\/sigea.pt\/?attachment_id=3277\" class=\"wp-image-3277\" srcset=\"https:\/\/sigea.pt\/wp-content\/uploads\/2020\/10\/WhatsApp-Image-2020-10-20-at-10.41.01-576x1024.jpeg 576w, https:\/\/sigea.pt\/wp-content\/uploads\/2020\/10\/WhatsApp-Image-2020-10-20-at-10.41.01-169x300.jpeg 169w, https:\/\/sigea.pt\/wp-content\/uploads\/2020\/10\/WhatsApp-Image-2020-10-20-at-10.41.01-768x1365.jpeg 768w, https:\/\/sigea.pt\/wp-content\/uploads\/2020\/10\/WhatsApp-Image-2020-10-20-at-10.41.01-864x1536.jpeg 864w, https:\/\/sigea.pt\/wp-content\/uploads\/2020\/10\/WhatsApp-Image-2020-10-20-at-10.41.01-7x12.jpeg 7w, https:\/\/sigea.pt\/wp-content\/uploads\/2020\/10\/WhatsApp-Image-2020-10-20-at-10.41.01-500x889.jpeg 500w, https:\/\/sigea.pt\/wp-content\/uploads\/2020\/10\/WhatsApp-Image-2020-10-20-at-10.41.01.jpeg 1080w\" sizes=\"(max-width: 576px) 100vw, 576px\" \/><\/figure><\/li><li class=\"blocks-gallery-item\"><figure><img loading=\"lazy\" decoding=\"async\" width=\"576\" height=\"1024\" src=\"https:\/\/sigea.pt\/wp-content\/uploads\/2020\/10\/WhatsApp-Image-2020-10-20-at-10.41.02-1-576x1024.jpeg\" alt=\"\" data-id=\"3278\" data-full-url=\"https:\/\/sigea.pt\/wp-content\/uploads\/2020\/10\/WhatsApp-Image-2020-10-20-at-10.41.02-1.jpeg\" data-link=\"https:\/\/sigea.pt\/?attachment_id=3278\" class=\"wp-image-3278\" srcset=\"https:\/\/sigea.pt\/wp-content\/uploads\/2020\/10\/WhatsApp-Image-2020-10-20-at-10.41.02-1-576x1024.jpeg 576w, https:\/\/sigea.pt\/wp-content\/uploads\/2020\/10\/WhatsApp-Image-2020-10-20-at-10.41.02-1-169x300.jpeg 169w, https:\/\/sigea.pt\/wp-content\/uploads\/2020\/10\/WhatsApp-Image-2020-10-20-at-10.41.02-1-768x1365.jpeg 768w, https:\/\/sigea.pt\/wp-content\/uploads\/2020\/10\/WhatsApp-Image-2020-10-20-at-10.41.02-1-864x1536.jpeg 864w, https:\/\/sigea.pt\/wp-content\/uploads\/2020\/10\/WhatsApp-Image-2020-10-20-at-10.41.02-1-7x12.jpeg 7w, https:\/\/sigea.pt\/wp-content\/uploads\/2020\/10\/WhatsApp-Image-2020-10-20-at-10.41.02-1-500x889.jpeg 500w, https:\/\/sigea.pt\/wp-content\/uploads\/2020\/10\/WhatsApp-Image-2020-10-20-at-10.41.02-1.jpeg 1080w\" sizes=\"(max-width: 576px) 100vw, 576px\" \/><\/figure><\/li><li class=\"blocks-gallery-item\"><figure><img loading=\"lazy\" decoding=\"async\" width=\"576\" height=\"1024\" src=\"https:\/\/sigea.pt\/wp-content\/uploads\/2020\/10\/WhatsApp-Image-2020-10-20-at-10.41.02-576x1024.jpeg\" alt=\"\" data-id=\"3279\" data-full-url=\"https:\/\/sigea.pt\/wp-content\/uploads\/2020\/10\/WhatsApp-Image-2020-10-20-at-10.41.02.jpeg\" data-link=\"https:\/\/sigea.pt\/?attachment_id=3279\" class=\"wp-image-3279 is-layout-flex wp-block-gallery-is-layout-flex\" srcset=\"https:\/\/sigea.pt\/wp-content\/uploads\/2020\/10\/WhatsApp-Image-2020-10-20-at-10.41.02-576x1024.jpeg 576w, https:\/\/sigea.pt\/wp-content\/uploads\/2020\/10\/WhatsApp-Image-2020-10-20-at-10.41.02-169x300.jpeg 169w, https:\/\/sigea.pt\/wp-content\/uploads\/2020\/10\/WhatsApp-Image-2020-10-20-at-10.41.02-768x1365.jpeg 768w, https:\/\/sigea.pt\/wp-content\/uploads\/2020\/10\/WhatsApp-Image-2020-10-20-at-10.41.02-864x1536.jpeg 864w, https:\/\/sigea.pt\/wp-content\/uploads\/2020\/10\/WhatsApp-Image-2020-10-20-at-10.41.02-7x12.jpeg 7w, https:\/\/sigea.pt\/wp-content\/uploads\/2020\/10\/WhatsApp-Image-2020-10-20-at-10.41.02-500x889.jpeg 500w, https:\/\/sigea.pt\/wp-content\/uploads\/2020\/10\/WhatsApp-Image-2020-10-20-at-10.41.02.jpeg 1080w\" sizes=\"(max-width: 576px) 100vw, 576px\" \/><\/figure><\/li><\/ul><\/figure>","protected":false},"excerpt":{"rendered":"<p>No&nbsp; passado dia 25 de setembro celebrou-se o Dia Europeu do Desporto Escolar. O Col\u00e9gio associou-se, mais uma vez, a esta iniciativa de maneira a incentivar os nossos alunos \u00e0&#8230;<\/p>","protected":false},"author":2,"featured_media":0,"comment_status":"closed","ping_status":"closed","sticky":false,"template":"","format":"standard","meta":{"_acf_changed":false,"advgb_blocks_editor_width":"","advgb_blocks_columns_visual_guide":"","_joinchat":[],"footnotes":"","_links_to":"","_links_to_target":""},"categories":[5],"tags":[],"class_list":{"0":"post-3273","1":"post","2":"type-post","3":"status-publish","4":"format-standard","6":"category-atividades"},"acf":[],"yoast_head":"<!-- This site is optimized with the Yoast SEO plugin v26.2 - https:\/\/yoast.com\/wordpress\/plugins\/seo\/ -->\n<title>Col\u00e9gio SIGEA - 2020-09-25 - Dia Europeu do Desporto Escolar<\/title>\n<meta name=\"robots\" content=\"index, follow, max-snippet:-1, max-image-preview:large, max-video-preview:-1\" \/>\n<link rel=\"canonical\" href=\"https:\/\/sigea.pt\/en\/2020\/09\/2020-09-25-dia-europeu-do-desporto-escolar\/\" \/>\n<meta property=\"og:locale\" content=\"en_GB\" \/>\n<meta property=\"og:type\" content=\"article\" \/>\n<meta property=\"og:title\" content=\"Col\u00e9gio SIGEA - 2020-09-25 - Dia Europeu do Desporto Escolar\" \/>\n<meta property=\"og:description\" content=\"No&nbsp; passado dia 25 de setembro celebrou-se o Dia Europeu do Desporto Escolar. O Col\u00e9gio associou-se, mais uma vez, a esta iniciativa de maneira a incentivar os nossos alunos \u00e0...\" \/>\n<meta property=\"og:url\" content=\"https:\/\/sigea.pt\/en\/2020\/09\/2020-09-25-dia-europeu-do-desporto-escolar\/\" \/>\n<meta property=\"og:site_name\" content=\"Col\u00e9gio SIGEA\" \/>\n<meta property=\"article:publisher\" content=\"https:\/\/www.facebook.com\/clsigea\" \/>\n<meta property=\"article:published_time\" content=\"2020-09-25T15:19:00+00:00\" \/>\n<meta property=\"article:modified_time\" content=\"2020-11-09T13:40:27+00:00\" \/>\n<meta property=\"og:image\" content=\"https:\/\/sigea.pt\/wp-content\/uploads\/2020\/10\/WhatsApp-Image-2020-10-20-at-10.41.01-2-1024x576.jpeg\" \/>\n<meta name=\"author\" content=\"clsigea\" \/>\n<meta name=\"twitter:card\" content=\"summary_large_image\" \/>\n<meta name=\"twitter:label1\" content=\"Written by\" \/>\n\t<meta name=\"twitter:data1\" content=\"clsigea\" \/>\n<script type=\"application\/ld+json\" class=\"yoast-schema-graph\">{\"@context\":\"https:\/\/schema.org\",\"@graph\":[{\"@type\":\"Article\",\"@id\":\"https:\/\/sigea.pt\/2020\/09\/2020-09-25-dia-europeu-do-desporto-escolar\/#article\",\"isPartOf\":{\"@id\":\"https:\/\/sigea.pt\/2020\/09\/2020-09-25-dia-europeu-do-desporto-escolar\/\"},\"author\":{\"name\":\"clsigea\",\"@id\":\"https:\/\/sigea.pt\/#\/schema\/person\/3741f7f1e65e14f9cdacc1c4560ed0a6\"},\"headline\":\"2020-09-25 &#8211; Dia Europeu do Desporto Escolar\",\"datePublished\":\"2020-09-25T15:19:00+00:00\",\"dateModified\":\"2020-11-09T13:40:27+00:00\",\"mainEntityOfPage\":{\"@id\":\"https:\/\/sigea.pt\/2020\/09\/2020-09-25-dia-europeu-do-desporto-escolar\/\"},\"wordCount\":103,\"publisher\":{\"@id\":\"https:\/\/sigea.pt\/#organization\"},\"image\":{\"@id\":\"https:\/\/sigea.pt\/2020\/09\/2020-09-25-dia-europeu-do-desporto-escolar\/#primaryimage\"},\"thumbnailUrl\":\"https:\/\/sigea.pt\/wp-content\/uploads\/2020\/10\/WhatsApp-Image-2020-10-20-at-10.41.01-2-1024x576.jpeg\",\"articleSection\":[\"Atividades\"],\"inLanguage\":\"en-GB\"},{\"@type\":\"WebPage\",\"@id\":\"https:\/\/sigea.pt\/2020\/09\/2020-09-25-dia-europeu-do-desporto-escolar\/\",\"url\":\"https:\/\/sigea.pt\/2020\/09\/2020-09-25-dia-europeu-do-desporto-escolar\/\",\"name\":\"Col\u00e9gio SIGEA - 2020-09-25 - Dia Europeu do Desporto Escolar\",\"isPartOf\":{\"@id\":\"https:\/\/sigea.pt\/#website\"},\"primaryImageOfPage\":{\"@id\":\"https:\/\/sigea.pt\/2020\/09\/2020-09-25-dia-europeu-do-desporto-escolar\/#primaryimage\"},\"image\":{\"@id\":\"https:\/\/sigea.pt\/2020\/09\/2020-09-25-dia-europeu-do-desporto-escolar\/#primaryimage\"},\"thumbnailUrl\":\"https:\/\/sigea.pt\/wp-content\/uploads\/2020\/10\/WhatsApp-Image-2020-10-20-at-10.41.01-2-1024x576.jpeg\",\"datePublished\":\"2020-09-25T15:19:00+00:00\",\"dateModified\":\"2020-11-09T13:40:27+00:00\",\"breadcrumb\":{\"@id\":\"https:\/\/sigea.pt\/2020\/09\/2020-09-25-dia-europeu-do-desporto-escolar\/#breadcrumb\"},\"inLanguage\":\"en-GB\",\"potentialAction\":[{\"@type\":\"ReadAction\",\"target\":[\"https:\/\/sigea.pt\/2020\/09\/2020-09-25-dia-europeu-do-desporto-escolar\/\"]}]},{\"@type\":\"ImageObject\",\"inLanguage\":\"en-GB\",\"@id\":\"https:\/\/sigea.pt\/2020\/09\/2020-09-25-dia-europeu-do-desporto-escolar\/#primaryimage\",\"url\":\"https:\/\/sigea.pt\/wp-content\/uploads\/2020\/10\/WhatsApp-Image-2020-10-20-at-10.41.01-2-1024x576.jpeg\",\"contentUrl\":\"https:\/\/sigea.pt\/wp-content\/uploads\/2020\/10\/WhatsApp-Image-2020-10-20-at-10.41.01-2-1024x576.jpeg\"},{\"@type\":\"BreadcrumbList\",\"@id\":\"https:\/\/sigea.pt\/2020\/09\/2020-09-25-dia-europeu-do-desporto-escolar\/#breadcrumb\",\"itemListElement\":[{\"@type\":\"ListItem\",\"position\":1,\"name\":\"In\u00edcio\",\"item\":\"https:\/\/sigea.pt\/\"},{\"@type\":\"ListItem\",\"position\":2,\"name\":\"2020-09-25 &#8211; Dia Europeu do Desporto Escolar\"}]},{\"@type\":\"WebSite\",\"@id\":\"https:\/\/sigea.pt\/#website\",\"url\":\"https:\/\/sigea.pt\/\",\"name\":\"Col\u00e9gio SIGEA\",\"description\":\"Educar o Futuro\",\"publisher\":{\"@id\":\"https:\/\/sigea.pt\/#organization\"},\"potentialAction\":[{\"@type\":\"SearchAction\",\"target\":{\"@type\":\"EntryPoint\",\"urlTemplate\":\"https:\/\/sigea.pt\/?s={search_term_string}\"},\"query-input\":{\"@type\":\"PropertyValueSpecification\",\"valueRequired\":true,\"valueName\":\"search_term_string\"}}],\"inLanguage\":\"en-GB\"},{\"@type\":\"Organization\",\"@id\":\"https:\/\/sigea.pt\/#organization\",\"name\":\"Col\u00e9gio Sigea\",\"url\":\"https:\/\/sigea.pt\/\",\"logo\":{\"@type\":\"ImageObject\",\"inLanguage\":\"en-GB\",\"@id\":\"https:\/\/sigea.pt\/#\/schema\/logo\/image\/\",\"url\":\"https:\/\/sigea.pt\/wp-content\/uploads\/2019\/04\/logo-blue.png\",\"contentUrl\":\"https:\/\/sigea.pt\/wp-content\/uploads\/2019\/04\/logo-blue.png\",\"width\":150,\"height\":150,\"caption\":\"Col\u00e9gio Sigea\"},\"image\":{\"@id\":\"https:\/\/sigea.pt\/#\/schema\/logo\/image\/\"},\"sameAs\":[\"https:\/\/www.facebook.com\/clsigea\"]},{\"@type\":\"Person\",\"@id\":\"https:\/\/sigea.pt\/#\/schema\/person\/3741f7f1e65e14f9cdacc1c4560ed0a6\",\"name\":\"clsigea\",\"image\":{\"@type\":\"ImageObject\",\"inLanguage\":\"en-GB\",\"@id\":\"https:\/\/sigea.pt\/#\/schema\/person\/image\/\",\"url\":\"https:\/\/secure.gravatar.com\/avatar\/bed593e8c4f7a64eadd793ee0c358183a074681ff2ab486862ba11ecac82ec5b?s=96&d=mm&r=g\",\"contentUrl\":\"https:\/\/secure.gravatar.com\/avatar\/bed593e8c4f7a64eadd793ee0c358183a074681ff2ab486862ba11ecac82ec5b?s=96&d=mm&r=g\",\"caption\":\"clsigea\"}}]}<\/script>\n<!-- \/ Yoast SEO plugin. -->","yoast_head_json":{"title":"Col\u00e9gio SIGEA - 2020-09-25 - Dia Europeu do Desporto Escolar","robots":{"index":"index","follow":"follow","max-snippet":"max-snippet:-1","max-image-preview":"max-image-preview:large","max-video-preview":"max-video-preview:-1"},"canonical":"https:\/\/sigea.pt\/en\/2020\/09\/2020-09-25-dia-europeu-do-desporto-escolar\/","og_locale":"en_GB","og_type":"article","og_title":"Col\u00e9gio SIGEA - 2020-09-25 - Dia Europeu do Desporto Escolar","og_description":"No&nbsp; passado dia 25 de setembro celebrou-se o Dia Europeu do Desporto Escolar. O Col\u00e9gio associou-se, mais uma vez, a esta iniciativa de maneira a incentivar os nossos alunos \u00e0...","og_url":"https:\/\/sigea.pt\/en\/2020\/09\/2020-09-25-dia-europeu-do-desporto-escolar\/","og_site_name":"Col\u00e9gio SIGEA","article_publisher":"https:\/\/www.facebook.com\/clsigea","article_published_time":"2020-09-25T15:19:00+00:00","article_modified_time":"2020-11-09T13:40:27+00:00","og_image":[{"url":"https:\/\/sigea.pt\/wp-content\/uploads\/2020\/10\/WhatsApp-Image-2020-10-20-at-10.41.01-2-1024x576.jpeg","type":"","width":"","height":""}],"author":"clsigea","twitter_card":"summary_large_image","twitter_misc":{"Written by":"clsigea"},"schema":{"@context":"https:\/\/schema.org","@graph":[{"@type":"Article","@id":"https:\/\/sigea.pt\/2020\/09\/2020-09-25-dia-europeu-do-desporto-escolar\/#article","isPartOf":{"@id":"https:\/\/sigea.pt\/2020\/09\/2020-09-25-dia-europeu-do-desporto-escolar\/"},"author":{"name":"clsigea","@id":"https:\/\/sigea.pt\/#\/schema\/person\/3741f7f1e65e14f9cdacc1c4560ed0a6"},"headline":"2020-09-25 &#8211; Dia Europeu do Desporto Escolar","datePublished":"2020-09-25T15:19:00+00:00","dateModified":"2020-11-09T13:40:27+00:00","mainEntityOfPage":{"@id":"https:\/\/sigea.pt\/2020\/09\/2020-09-25-dia-europeu-do-desporto-escolar\/"},"wordCount":103,"publisher":{"@id":"https:\/\/sigea.pt\/#organization"},"image":{"@id":"https:\/\/sigea.pt\/2020\/09\/2020-09-25-dia-europeu-do-desporto-escolar\/#primaryimage"},"thumbnailUrl":"https:\/\/sigea.pt\/wp-content\/uploads\/2020\/10\/WhatsApp-Image-2020-10-20-at-10.41.01-2-1024x576.jpeg","articleSection":["Atividades"],"inLanguage":"en-GB"},{"@type":"WebPage","@id":"https:\/\/sigea.pt\/2020\/09\/2020-09-25-dia-europeu-do-desporto-escolar\/","url":"https:\/\/sigea.pt\/2020\/09\/2020-09-25-dia-europeu-do-desporto-escolar\/","name":"Col\u00e9gio SIGEA - 2020-09-25 - Dia Europeu do Desporto Escolar","isPartOf":{"@id":"https:\/\/sigea.pt\/#website"},"primaryImageOfPage":{"@id":"https:\/\/sigea.pt\/2020\/09\/2020-09-25-dia-europeu-do-desporto-escolar\/#primaryimage"},"image":{"@id":"https:\/\/sigea.pt\/2020\/09\/2020-09-25-dia-europeu-do-desporto-escolar\/#primaryimage"},"thumbnailUrl":"https:\/\/sigea.pt\/wp-content\/uploads\/2020\/10\/WhatsApp-Image-2020-10-20-at-10.41.01-2-1024x576.jpeg","datePublished":"2020-09-25T15:19:00+00:00","dateModified":"2020-11-09T13:40:27+00:00","breadcrumb":{"@id":"https:\/\/sigea.pt\/2020\/09\/2020-09-25-dia-europeu-do-desporto-escolar\/#breadcrumb"},"inLanguage":"en-GB","potentialAction":[{"@type":"ReadAction","target":["https:\/\/sigea.pt\/2020\/09\/2020-09-25-dia-europeu-do-desporto-escolar\/"]}]},{"@type":"ImageObject","inLanguage":"en-GB","@id":"https:\/\/sigea.pt\/2020\/09\/2020-09-25-dia-europeu-do-desporto-escolar\/#primaryimage","url":"https:\/\/sigea.pt\/wp-content\/uploads\/2020\/10\/WhatsApp-Image-2020-10-20-at-10.41.01-2-1024x576.jpeg","contentUrl":"https:\/\/sigea.pt\/wp-content\/uploads\/2020\/10\/WhatsApp-Image-2020-10-20-at-10.41.01-2-1024x576.jpeg"},{"@type":"BreadcrumbList","@id":"https:\/\/sigea.pt\/2020\/09\/2020-09-25-dia-europeu-do-desporto-escolar\/#breadcrumb","itemListElement":[{"@type":"ListItem","position":1,"name":"In\u00edcio","item":"https:\/\/sigea.pt\/"},{"@type":"ListItem","position":2,"name":"2020-09-25 &#8211; Dia Europeu do Desporto Escolar"}]},{"@type":"WebSite","@id":"https:\/\/sigea.pt\/#website","url":"https:\/\/sigea.pt\/","name":"Our School","description":"Educating the Future","publisher":{"@id":"https:\/\/sigea.pt\/#organization"},"potentialAction":[{"@type":"SearchAction","target":{"@type":"EntryPoint","urlTemplate":"https:\/\/sigea.pt\/?s={search_term_string}"},"query-input":{"@type":"PropertyValueSpecification","valueRequired":true,"valueName":"search_term_string"}}],"inLanguage":"en-GB"},{"@type":"Organization","@id":"https:\/\/sigea.pt\/#organization","name":"Col\u00e9gio Sigea","url":"https:\/\/sigea.pt\/","logo":{"@type":"ImageObject","inLanguage":"en-GB","@id":"https:\/\/sigea.pt\/#\/schema\/logo\/image\/","url":"https:\/\/sigea.pt\/wp-content\/uploads\/2019\/04\/logo-blue.png","contentUrl":"https:\/\/sigea.pt\/wp-content\/uploads\/2019\/04\/logo-blue.png","width":150,"height":150,"caption":"Col\u00e9gio Sigea"},"image":{"@id":"https:\/\/sigea.pt\/#\/schema\/logo\/image\/"},"sameAs":["https:\/\/www.facebook.com\/clsigea"]},{"@type":"Person","@id":"https:\/\/sigea.pt\/#\/schema\/person\/3741f7f1e65e14f9cdacc1c4560ed0a6","name":"clsigea","image":{"@type":"ImageObject","inLanguage":"en-GB","@id":"https:\/\/sigea.pt\/#\/schema\/person\/image\/","url":"https:\/\/secure.gravatar.com\/avatar\/bed593e8c4f7a64eadd793ee0c358183a074681ff2ab486862ba11ecac82ec5b?s=96&d=mm&r=g","contentUrl":"https:\/\/secure.gravatar.com\/avatar\/bed593e8c4f7a64eadd793ee0c358183a074681ff2ab486862ba11ecac82ec5b?s=96&d=mm&r=g","caption":"clsigea"}}]}},"author_meta":{"display_name":"clsigea","author_link":"https:\/\/sigea.pt\/en\/author\/clsigea\/"},"featured_img":null,"coauthors":[],"tax_additional":{"categories":{"linked":["<a href=\"https:\/\/sigea.pt\/en\/category\/atividades\/\" class=\"advgb-post-tax-term\">Atividades<\/a>"],"unlinked":["<span class=\"advgb-post-tax-term\">Atividades<\/span>"]}},"comment_count":"0","relative_dates":{"created":"Posted 6 years ago","modified":"Updated 5 years ago"},"absolute_dates":{"created":"Posted on 25\/09\/2020","modified":"Updated on 09\/11\/2020"},"absolute_dates_time":{"created":"Posted on 25\/09\/2020 15:19","modified":"Updated on 09\/11\/2020 13:40"},"featured_img_caption":"","series_order":"","_links":{"self":[{"href":"https:\/\/sigea.pt\/en\/wp-json\/wp\/v2\/posts\/3273","targetHints":{"allow":["GET"]}}],"collection":[{"href":"https:\/\/sigea.pt\/en\/wp-json\/wp\/v2\/posts"}],"about":[{"href":"https:\/\/sigea.pt\/en\/wp-json\/wp\/v2\/types\/post"}],"author":[{"embeddable":true,"href":"https:\/\/sigea.pt\/en\/wp-json\/wp\/v2\/users\/2"}],"replies":[{"embeddable":true,"href":"https:\/\/sigea.pt\/en\/wp-json\/wp\/v2\/comments?post=3273"}],"version-history":[{"count":0,"href":"https:\/\/sigea.pt\/en\/wp-json\/wp\/v2\/posts\/3273\/revisions"}],"wp:attachment":[{"href":"https:\/\/sigea.pt\/en\/wp-json\/wp\/v2\/media?parent=3273"}],"wp:term":[{"taxonomy":"category","embeddable":true,"href":"https:\/\/sigea.pt\/en\/wp-json\/wp\/v2\/categories?post=3273"},{"taxonomy":"post_tag","embeddable":true,"href":"https:\/\/sigea.pt\/en\/wp-json\/wp\/v2\/tags?post=3273"}],"curies":[{"name":"wp","href":"https:\/\/api.w.org\/{rel}","templated":true}]}}