{"id":2914,"date":"2020-07-08T09:28:40","date_gmt":"2020-07-08T09:28:40","guid":{"rendered":"https:\/\/sigea.pt\/?p=2914"},"modified":"2020-07-08T09:29:11","modified_gmt":"2020-07-08T09:29:11","slug":"artistas-da-pandemia-exp-plastica-4-o-ano","status":"publish","type":"post","link":"https:\/\/sigea.pt\/en\/2020\/07\/artistas-da-pandemia-exp-plastica-4-o-ano\/","title":{"rendered":"Artistas da pandemia (Exp. Pl\u00e1stica 4.\u00ba ano)"},"content":{"rendered":"<p>Apesar das conting\u00eancias do 3.\u00ba per\u00edodo, a turma do 4.\u00ba ano foi capaz de participar no concurso dos tronos de Santo Ant\u00f3nio. Mal foi lan\u00e7ada a proposta, os alunos reagiram com bastante entusiasmo, desenvolvendo trabalhos bastante diferentes entre si, sempre com muita dedica\u00e7\u00e3o.<\/p>\n\n\n\n<p>Atrav\u00e9s do desenho, realizaram pequenas reflex\u00f5es sobre o que viam da sua janela, com a qual teriam de conviver mais do que o costume, e tamb\u00e9m exploraram o mundo animal atrav\u00e9s de recortes, colagens e dobragens, concretizando trabalhos de muita qualidade!<\/p>\n\n\n\n<p>Assim, foram capazes de superar os desafios pr\u00f3prios de um per\u00edodo que lhes pediu mais autonomia e responsabilidade, e por isso est\u00e3o de parab\u00e9ns!<\/p>\n\n\n\n<p><strong>Tronos de Santo Ant\u00f3nio<\/strong><\/p>\n\n\n\n<figure class=\"wp-block-gallery columns-3 is-cropped wp-block-gallery-1\"><ul class=\"blocks-gallery-grid\"><li class=\"blocks-gallery-item\"><figure><img fetchpriority=\"high\" decoding=\"async\" width=\"460\" height=\"600\" src=\"https:\/\/sigea.pt\/wp-content\/uploads\/2020\/07\/Bernardo-Caruso_4\u00ba-ano_trono-santo-anto\u0301nio.jpg\" alt=\"\" data-id=\"2915\" data-full-url=\"https:\/\/sigea.pt\/wp-content\/uploads\/2020\/07\/Bernardo-Caruso_4\u00ba-ano_trono-santo-anto\u0301nio.jpg\" data-link=\"https:\/\/sigea.pt\/?attachment_id=2915\" class=\"wp-image-2915\" srcset=\"https:\/\/sigea.pt\/wp-content\/uploads\/2020\/07\/Bernardo-Caruso_4\u00ba-ano_trono-santo-anto\u0301nio.jpg 460w, https:\/\/sigea.pt\/wp-content\/uploads\/2020\/07\/Bernardo-Caruso_4\u00ba-ano_trono-santo-anto\u0301nio-230x300.jpg 230w\" sizes=\"(max-width: 460px) 100vw, 460px\" \/><\/figure><\/li><li class=\"blocks-gallery-item\"><figure><img decoding=\"async\" width=\"393\" height=\"600\" src=\"https:\/\/sigea.pt\/wp-content\/uploads\/2020\/07\/Julia-Silveira_4\u00ba-ano_trono-concurso.jpg\" alt=\"\" data-id=\"2916\" data-full-url=\"https:\/\/sigea.pt\/wp-content\/uploads\/2020\/07\/Julia-Silveira_4\u00ba-ano_trono-concurso.jpg\" data-link=\"https:\/\/sigea.pt\/?attachment_id=2916\" class=\"wp-image-2916\" srcset=\"https:\/\/sigea.pt\/wp-content\/uploads\/2020\/07\/Julia-Silveira_4\u00ba-ano_trono-concurso.jpg 393w, https:\/\/sigea.pt\/wp-content\/uploads\/2020\/07\/Julia-Silveira_4\u00ba-ano_trono-concurso-197x300.jpg 197w\" sizes=\"(max-width: 393px) 100vw, 393px\" \/><\/figure><\/li><li class=\"blocks-gallery-item\"><figure><img decoding=\"async\" width=\"338\" height=\"600\" src=\"https:\/\/sigea.pt\/wp-content\/uploads\/2020\/07\/Laura-Pinto_4\u00ba-ano_trono-santo-anto\u0301nio.jpg\" alt=\"\" data-id=\"2917\" data-full-url=\"https:\/\/sigea.pt\/wp-content\/uploads\/2020\/07\/Laura-Pinto_4\u00ba-ano_trono-santo-anto\u0301nio.jpg\" data-link=\"https:\/\/sigea.pt\/?attachment_id=2917\" class=\"wp-image-2917\" srcset=\"https:\/\/sigea.pt\/wp-content\/uploads\/2020\/07\/Laura-Pinto_4\u00ba-ano_trono-santo-anto\u0301nio.jpg 338w, https:\/\/sigea.pt\/wp-content\/uploads\/2020\/07\/Laura-Pinto_4\u00ba-ano_trono-santo-anto\u0301nio-169x300.jpg 169w\" sizes=\"(max-width: 338px) 100vw, 338px\" \/><\/figure><\/li><li class=\"blocks-gallery-item\"><figure><img loading=\"lazy\" decoding=\"async\" width=\"489\" height=\"600\" src=\"https:\/\/sigea.pt\/wp-content\/uploads\/2020\/07\/Maria-Gomes_4\u00ba-ano_trono-santo-anto\u0301nio.001.jpg\" alt=\"\" data-id=\"2918\" data-full-url=\"https:\/\/sigea.pt\/wp-content\/uploads\/2020\/07\/Maria-Gomes_4\u00ba-ano_trono-santo-anto\u0301nio.001.jpg\" data-link=\"https:\/\/sigea.pt\/?attachment_id=2918\" class=\"wp-image-2918\" srcset=\"https:\/\/sigea.pt\/wp-content\/uploads\/2020\/07\/Maria-Gomes_4\u00ba-ano_trono-santo-anto\u0301nio.001.jpg 489w, https:\/\/sigea.pt\/wp-content\/uploads\/2020\/07\/Maria-Gomes_4\u00ba-ano_trono-santo-anto\u0301nio.001-245x300.jpg 245w\" sizes=\"(max-width: 489px) 100vw, 489px\" \/><\/figure><\/li><li class=\"blocks-gallery-item\"><figure><img loading=\"lazy\" decoding=\"async\" width=\"450\" height=\"600\" src=\"https:\/\/sigea.pt\/wp-content\/uploads\/2020\/07\/Matilde-Gaspar_4\u00ba-ano_trono-santo-anto\u0301nio.jpg\" alt=\"\" data-id=\"2919\" data-full-url=\"https:\/\/sigea.pt\/wp-content\/uploads\/2020\/07\/Matilde-Gaspar_4\u00ba-ano_trono-santo-anto\u0301nio.jpg\" data-link=\"https:\/\/sigea.pt\/?attachment_id=2919\" class=\"wp-image-2919\" srcset=\"https:\/\/sigea.pt\/wp-content\/uploads\/2020\/07\/Matilde-Gaspar_4\u00ba-ano_trono-santo-anto\u0301nio.jpg 450w, https:\/\/sigea.pt\/wp-content\/uploads\/2020\/07\/Matilde-Gaspar_4\u00ba-ano_trono-santo-anto\u0301nio-225x300.jpg 225w\" sizes=\"(max-width: 450px) 100vw, 450px\" \/><\/figure><\/li><li class=\"blocks-gallery-item\"><figure><img loading=\"lazy\" decoding=\"async\" width=\"800\" height=\"595\" src=\"https:\/\/sigea.pt\/wp-content\/uploads\/2020\/07\/Max-Lopes_4\u00ba-ano_trono-santo-anto\u0301nio.jpg\" alt=\"\" data-id=\"2920\" data-full-url=\"https:\/\/sigea.pt\/wp-content\/uploads\/2020\/07\/Max-Lopes_4\u00ba-ano_trono-santo-anto\u0301nio.jpg\" data-link=\"https:\/\/sigea.pt\/?attachment_id=2920\" class=\"wp-image-2920\" srcset=\"https:\/\/sigea.pt\/wp-content\/uploads\/2020\/07\/Max-Lopes_4\u00ba-ano_trono-santo-anto\u0301nio.jpg 800w, https:\/\/sigea.pt\/wp-content\/uploads\/2020\/07\/Max-Lopes_4\u00ba-ano_trono-santo-anto\u0301nio-300x223.jpg 300w, https:\/\/sigea.pt\/wp-content\/uploads\/2020\/07\/Max-Lopes_4\u00ba-ano_trono-santo-anto\u0301nio-768x571.jpg 768w, https:\/\/sigea.pt\/wp-content\/uploads\/2020\/07\/Max-Lopes_4\u00ba-ano_trono-santo-anto\u0301nio-500x372.jpg 500w\" sizes=\"(max-width: 800px) 100vw, 800px\" \/><\/figure><\/li><li class=\"blocks-gallery-item\"><figure><img loading=\"lazy\" decoding=\"async\" width=\"450\" height=\"600\" src=\"https:\/\/sigea.pt\/wp-content\/uploads\/2020\/07\/Sancha-Nunes_4\u00ba-ano_trono-santo-anto\u0301nio-concurso.jpg\" alt=\"\" data-id=\"2921\" data-full-url=\"https:\/\/sigea.pt\/wp-content\/uploads\/2020\/07\/Sancha-Nunes_4\u00ba-ano_trono-santo-anto\u0301nio-concurso.jpg\" data-link=\"https:\/\/sigea.pt\/?attachment_id=2921\" class=\"wp-image-2921\" srcset=\"https:\/\/sigea.pt\/wp-content\/uploads\/2020\/07\/Sancha-Nunes_4\u00ba-ano_trono-santo-anto\u0301nio-concurso.jpg 450w, https:\/\/sigea.pt\/wp-content\/uploads\/2020\/07\/Sancha-Nunes_4\u00ba-ano_trono-santo-anto\u0301nio-concurso-225x300.jpg 225w\" sizes=\"(max-width: 450px) 100vw, 450px\" \/><\/figure><\/li><li class=\"blocks-gallery-item\"><figure><img loading=\"lazy\" decoding=\"async\" width=\"400\" height=\"600\" src=\"https:\/\/sigea.pt\/wp-content\/uploads\/2020\/07\/Santiago-Franco_4\u00ba_tronos-santo-anto\u0301nio.jpg\" alt=\"\" data-id=\"2922\" data-full-url=\"https:\/\/sigea.pt\/wp-content\/uploads\/2020\/07\/Santiago-Franco_4\u00ba_tronos-santo-anto\u0301nio.jpg\" data-link=\"https:\/\/sigea.pt\/?attachment_id=2922\" class=\"wp-image-2922\" srcset=\"https:\/\/sigea.pt\/wp-content\/uploads\/2020\/07\/Santiago-Franco_4\u00ba_tronos-santo-anto\u0301nio.jpg 400w, https:\/\/sigea.pt\/wp-content\/uploads\/2020\/07\/Santiago-Franco_4\u00ba_tronos-santo-anto\u0301nio-200x300.jpg 200w\" sizes=\"(max-width: 400px) 100vw, 400px\" \/><\/figure><\/li><li class=\"blocks-gallery-item\"><figure><img loading=\"lazy\" decoding=\"async\" width=\"800\" height=\"600\" src=\"https:\/\/sigea.pt\/wp-content\/uploads\/2020\/07\/Tamar-Zolondez_4\u00ba-ano_trono-santo-anto\u0301nio.jpg\" alt=\"\" data-id=\"2923\" data-full-url=\"https:\/\/sigea.pt\/wp-content\/uploads\/2020\/07\/Tamar-Zolondez_4\u00ba-ano_trono-santo-anto\u0301nio.jpg\" data-link=\"https:\/\/sigea.pt\/?attachment_id=2923\" class=\"wp-image-2923 is-layout-flex wp-block-gallery-is-layout-flex\" srcset=\"https:\/\/sigea.pt\/wp-content\/uploads\/2020\/07\/Tamar-Zolondez_4\u00ba-ano_trono-santo-anto\u0301nio.jpg 800w, https:\/\/sigea.pt\/wp-content\/uploads\/2020\/07\/Tamar-Zolondez_4\u00ba-ano_trono-santo-anto\u0301nio-300x225.jpg 300w, https:\/\/sigea.pt\/wp-content\/uploads\/2020\/07\/Tamar-Zolondez_4\u00ba-ano_trono-santo-anto\u0301nio-768x576.jpg 768w, https:\/\/sigea.pt\/wp-content\/uploads\/2020\/07\/Tamar-Zolondez_4\u00ba-ano_trono-santo-anto\u0301nio-500x375.jpg 500w\" sizes=\"(max-width: 800px) 100vw, 800px\" \/><\/figure><\/li><\/ul><\/figure>\n\n\n\n<p><strong>A minha janela<\/strong><\/p>\n\n\n\n<figure class=\"wp-block-gallery columns-3 is-cropped wp-block-gallery-2\"><ul class=\"blocks-gallery-grid\"><li class=\"blocks-gallery-item\"><figure><img loading=\"lazy\" decoding=\"async\" width=\"502\" height=\"600\" src=\"https:\/\/sigea.pt\/wp-content\/uploads\/2020\/07\/Bernardo-Caruso_4\u00ba-ano_a-minha-janela.jpg\" alt=\"\" data-id=\"2924\" data-full-url=\"https:\/\/sigea.pt\/wp-content\/uploads\/2020\/07\/Bernardo-Caruso_4\u00ba-ano_a-minha-janela.jpg\" data-link=\"https:\/\/sigea.pt\/?attachment_id=2924\" class=\"wp-image-2924\" srcset=\"https:\/\/sigea.pt\/wp-content\/uploads\/2020\/07\/Bernardo-Caruso_4\u00ba-ano_a-minha-janela.jpg 502w, https:\/\/sigea.pt\/wp-content\/uploads\/2020\/07\/Bernardo-Caruso_4\u00ba-ano_a-minha-janela-251x300.jpg 251w, https:\/\/sigea.pt\/wp-content\/uploads\/2020\/07\/Bernardo-Caruso_4\u00ba-ano_a-minha-janela-500x598.jpg 500w\" sizes=\"(max-width: 502px) 100vw, 502px\" \/><\/figure><\/li><li class=\"blocks-gallery-item\"><figure><img loading=\"lazy\" decoding=\"async\" width=\"800\" height=\"566\" src=\"https:\/\/sigea.pt\/wp-content\/uploads\/2020\/07\/David-Blanco_4\u00ba-ano_a-minha-janela.jpg\" alt=\"\" data-id=\"2925\" data-full-url=\"https:\/\/sigea.pt\/wp-content\/uploads\/2020\/07\/David-Blanco_4\u00ba-ano_a-minha-janela.jpg\" data-link=\"https:\/\/sigea.pt\/?attachment_id=2925\" class=\"wp-image-2925\" srcset=\"https:\/\/sigea.pt\/wp-content\/uploads\/2020\/07\/David-Blanco_4\u00ba-ano_a-minha-janela.jpg 800w, https:\/\/sigea.pt\/wp-content\/uploads\/2020\/07\/David-Blanco_4\u00ba-ano_a-minha-janela-300x212.jpg 300w, https:\/\/sigea.pt\/wp-content\/uploads\/2020\/07\/David-Blanco_4\u00ba-ano_a-minha-janela-768x543.jpg 768w, https:\/\/sigea.pt\/wp-content\/uploads\/2020\/07\/David-Blanco_4\u00ba-ano_a-minha-janela-500x354.jpg 500w\" sizes=\"(max-width: 800px) 100vw, 800px\" \/><\/figure><\/li><li class=\"blocks-gallery-item\"><figure><img loading=\"lazy\" decoding=\"async\" width=\"800\" height=\"548\" src=\"https:\/\/sigea.pt\/wp-content\/uploads\/2020\/07\/Maria-Gomes_4\u00ba-ano_a-minha-janela.jpg\" alt=\"\" data-id=\"2926\" data-full-url=\"https:\/\/sigea.pt\/wp-content\/uploads\/2020\/07\/Maria-Gomes_4\u00ba-ano_a-minha-janela.jpg\" data-link=\"https:\/\/sigea.pt\/?attachment_id=2926\" class=\"wp-image-2926\" srcset=\"https:\/\/sigea.pt\/wp-content\/uploads\/2020\/07\/Maria-Gomes_4\u00ba-ano_a-minha-janela.jpg 800w, https:\/\/sigea.pt\/wp-content\/uploads\/2020\/07\/Maria-Gomes_4\u00ba-ano_a-minha-janela-300x206.jpg 300w, https:\/\/sigea.pt\/wp-content\/uploads\/2020\/07\/Maria-Gomes_4\u00ba-ano_a-minha-janela-768x526.jpg 768w, https:\/\/sigea.pt\/wp-content\/uploads\/2020\/07\/Maria-Gomes_4\u00ba-ano_a-minha-janela-500x343.jpg 500w\" sizes=\"(max-width: 800px) 100vw, 800px\" \/><\/figure><\/li><li class=\"blocks-gallery-item\"><figure><img loading=\"lazy\" decoding=\"async\" width=\"427\" height=\"600\" src=\"https:\/\/sigea.pt\/wp-content\/uploads\/2020\/07\/Matilde-Gaspar_4\u00ba-ano_a-minha-janela.jpg\" alt=\"\" data-id=\"2927\" data-full-url=\"https:\/\/sigea.pt\/wp-content\/uploads\/2020\/07\/Matilde-Gaspar_4\u00ba-ano_a-minha-janela.jpg\" data-link=\"https:\/\/sigea.pt\/?attachment_id=2927\" class=\"wp-image-2927\" srcset=\"https:\/\/sigea.pt\/wp-content\/uploads\/2020\/07\/Matilde-Gaspar_4\u00ba-ano_a-minha-janela.jpg 427w, https:\/\/sigea.pt\/wp-content\/uploads\/2020\/07\/Matilde-Gaspar_4\u00ba-ano_a-minha-janela-214x300.jpg 214w\" sizes=\"(max-width: 427px) 100vw, 427px\" \/><\/figure><\/li><li class=\"blocks-gallery-item\"><figure><img loading=\"lazy\" decoding=\"async\" width=\"424\" height=\"600\" src=\"https:\/\/sigea.pt\/wp-content\/uploads\/2020\/07\/Max-Lopes_4\u00ba-ano_a-minha-janela.jpg\" alt=\"\" data-id=\"2928\" data-full-url=\"https:\/\/sigea.pt\/wp-content\/uploads\/2020\/07\/Max-Lopes_4\u00ba-ano_a-minha-janela.jpg\" data-link=\"https:\/\/sigea.pt\/?attachment_id=2928\" class=\"wp-image-2928\" srcset=\"https:\/\/sigea.pt\/wp-content\/uploads\/2020\/07\/Max-Lopes_4\u00ba-ano_a-minha-janela.jpg 424w, https:\/\/sigea.pt\/wp-content\/uploads\/2020\/07\/Max-Lopes_4\u00ba-ano_a-minha-janela-212x300.jpg 212w\" sizes=\"(max-width: 424px) 100vw, 424px\" \/><\/figure><\/li><li class=\"blocks-gallery-item\"><figure><img loading=\"lazy\" decoding=\"async\" width=\"800\" height=\"562\" src=\"https:\/\/sigea.pt\/wp-content\/uploads\/2020\/07\/Sancha-Nunes_4\u00ba-ano_a-minha-janela.jpg\" alt=\"\" data-id=\"2929\" data-full-url=\"https:\/\/sigea.pt\/wp-content\/uploads\/2020\/07\/Sancha-Nunes_4\u00ba-ano_a-minha-janela.jpg\" data-link=\"https:\/\/sigea.pt\/?attachment_id=2929\" class=\"wp-image-2929\" srcset=\"https:\/\/sigea.pt\/wp-content\/uploads\/2020\/07\/Sancha-Nunes_4\u00ba-ano_a-minha-janela.jpg 800w, https:\/\/sigea.pt\/wp-content\/uploads\/2020\/07\/Sancha-Nunes_4\u00ba-ano_a-minha-janela-300x211.jpg 300w, https:\/\/sigea.pt\/wp-content\/uploads\/2020\/07\/Sancha-Nunes_4\u00ba-ano_a-minha-janela-768x540.jpg 768w, https:\/\/sigea.pt\/wp-content\/uploads\/2020\/07\/Sancha-Nunes_4\u00ba-ano_a-minha-janela-500x351.jpg 500w\" sizes=\"(max-width: 800px) 100vw, 800px\" \/><\/figure><\/li><li class=\"blocks-gallery-item\"><figure><img loading=\"lazy\" decoding=\"async\" width=\"800\" height=\"600\" src=\"https:\/\/sigea.pt\/wp-content\/uploads\/2020\/07\/Santiago-Franco_4\u00ba-ano_a-minha-janela.jpg\" alt=\"\" data-id=\"2930\" data-full-url=\"https:\/\/sigea.pt\/wp-content\/uploads\/2020\/07\/Santiago-Franco_4\u00ba-ano_a-minha-janela.jpg\" data-link=\"https:\/\/sigea.pt\/?attachment_id=2930\" class=\"wp-image-2930 is-layout-flex wp-block-gallery-is-layout-flex\" srcset=\"https:\/\/sigea.pt\/wp-content\/uploads\/2020\/07\/Santiago-Franco_4\u00ba-ano_a-minha-janela.jpg 800w, https:\/\/sigea.pt\/wp-content\/uploads\/2020\/07\/Santiago-Franco_4\u00ba-ano_a-minha-janela-300x225.jpg 300w, https:\/\/sigea.pt\/wp-content\/uploads\/2020\/07\/Santiago-Franco_4\u00ba-ano_a-minha-janela-768x576.jpg 768w, https:\/\/sigea.pt\/wp-content\/uploads\/2020\/07\/Santiago-Franco_4\u00ba-ano_a-minha-janela-500x375.jpg 500w\" sizes=\"(max-width: 800px) 100vw, 800px\" \/><\/figure><\/li><\/ul><\/figure>\n\n\n\n<p><strong>P\u00e1ssaros<\/strong><\/p>\n\n\n\n<figure class=\"wp-block-gallery columns-3 is-cropped wp-block-gallery-3\"><ul class=\"blocks-gallery-grid\"><li class=\"blocks-gallery-item\"><figure><img loading=\"lazy\" decoding=\"async\" width=\"598\" height=\"600\" src=\"https:\/\/sigea.pt\/wp-content\/uploads\/2020\/07\/Laura-Pinto_4\u00ba-ano_pa\u0301ssaros-sempre-em-pe\u0301.jpg\" alt=\"\" data-id=\"2931\" data-full-url=\"https:\/\/sigea.pt\/wp-content\/uploads\/2020\/07\/Laura-Pinto_4\u00ba-ano_pa\u0301ssaros-sempre-em-pe\u0301.jpg\" data-link=\"https:\/\/sigea.pt\/?attachment_id=2931\" class=\"wp-image-2931\" srcset=\"https:\/\/sigea.pt\/wp-content\/uploads\/2020\/07\/Laura-Pinto_4\u00ba-ano_pa\u0301ssaros-sempre-em-pe\u0301.jpg 598w, https:\/\/sigea.pt\/wp-content\/uploads\/2020\/07\/Laura-Pinto_4\u00ba-ano_pa\u0301ssaros-sempre-em-pe\u0301-300x300.jpg 300w, https:\/\/sigea.pt\/wp-content\/uploads\/2020\/07\/Laura-Pinto_4\u00ba-ano_pa\u0301ssaros-sempre-em-pe\u0301-150x150.jpg 150w, https:\/\/sigea.pt\/wp-content\/uploads\/2020\/07\/Laura-Pinto_4\u00ba-ano_pa\u0301ssaros-sempre-em-pe\u0301-500x502.jpg 500w, https:\/\/sigea.pt\/wp-content\/uploads\/2020\/07\/Laura-Pinto_4\u00ba-ano_pa\u0301ssaros-sempre-em-pe\u0301-100x100.jpg 100w, https:\/\/sigea.pt\/wp-content\/uploads\/2020\/07\/Laura-Pinto_4\u00ba-ano_pa\u0301ssaros-sempre-em-pe\u0301-140x140.jpg 140w, https:\/\/sigea.pt\/wp-content\/uploads\/2020\/07\/Laura-Pinto_4\u00ba-ano_pa\u0301ssaros-sempre-em-pe\u0301-350x350.jpg 350w\" sizes=\"(max-width: 598px) 100vw, 598px\" \/><\/figure><\/li><li class=\"blocks-gallery-item\"><figure><img loading=\"lazy\" decoding=\"async\" width=\"800\" height=\"373\" src=\"https:\/\/sigea.pt\/wp-content\/uploads\/2020\/07\/Maria-Gomes_4\u00ba-ano_pa\u0301ssaros-sempre-em-pe\u0301.jpg\" alt=\"\" data-id=\"2932\" data-full-url=\"https:\/\/sigea.pt\/wp-content\/uploads\/2020\/07\/Maria-Gomes_4\u00ba-ano_pa\u0301ssaros-sempre-em-pe\u0301.jpg\" data-link=\"https:\/\/sigea.pt\/?attachment_id=2932\" class=\"wp-image-2932\" srcset=\"https:\/\/sigea.pt\/wp-content\/uploads\/2020\/07\/Maria-Gomes_4\u00ba-ano_pa\u0301ssaros-sempre-em-pe\u0301.jpg 800w, https:\/\/sigea.pt\/wp-content\/uploads\/2020\/07\/Maria-Gomes_4\u00ba-ano_pa\u0301ssaros-sempre-em-pe\u0301-300x140.jpg 300w, https:\/\/sigea.pt\/wp-content\/uploads\/2020\/07\/Maria-Gomes_4\u00ba-ano_pa\u0301ssaros-sempre-em-pe\u0301-768x358.jpg 768w, https:\/\/sigea.pt\/wp-content\/uploads\/2020\/07\/Maria-Gomes_4\u00ba-ano_pa\u0301ssaros-sempre-em-pe\u0301-500x233.jpg 500w\" sizes=\"(max-width: 800px) 100vw, 800px\" \/><\/figure><\/li><li class=\"blocks-gallery-item\"><figure><img loading=\"lazy\" decoding=\"async\" width=\"470\" height=\"600\" src=\"https:\/\/sigea.pt\/wp-content\/uploads\/2020\/07\/Matilde-Gaspar_4\u00ba-ano_pa\u0301ssaro-sempre-em-pe\u0301.jpg\" alt=\"\" data-id=\"2933\" data-full-url=\"https:\/\/sigea.pt\/wp-content\/uploads\/2020\/07\/Matilde-Gaspar_4\u00ba-ano_pa\u0301ssaro-sempre-em-pe\u0301.jpg\" data-link=\"https:\/\/sigea.pt\/?attachment_id=2933\" class=\"wp-image-2933\" srcset=\"https:\/\/sigea.pt\/wp-content\/uploads\/2020\/07\/Matilde-Gaspar_4\u00ba-ano_pa\u0301ssaro-sempre-em-pe\u0301.jpg 470w, https:\/\/sigea.pt\/wp-content\/uploads\/2020\/07\/Matilde-Gaspar_4\u00ba-ano_pa\u0301ssaro-sempre-em-pe\u0301-235x300.jpg 235w\" sizes=\"(max-width: 470px) 100vw, 470px\" \/><\/figure><\/li><li class=\"blocks-gallery-item\"><figure><img loading=\"lazy\" decoding=\"async\" width=\"800\" height=\"499\" src=\"https:\/\/sigea.pt\/wp-content\/uploads\/2020\/07\/Tamar-Zolondez_4\u00ba-ano_pa\u0301ssaro-sempre-em-pe\u0301.jpg\" alt=\"\" data-id=\"2935\" data-full-url=\"https:\/\/sigea.pt\/wp-content\/uploads\/2020\/07\/Tamar-Zolondez_4\u00ba-ano_pa\u0301ssaro-sempre-em-pe\u0301.jpg\" data-link=\"https:\/\/sigea.pt\/?attachment_id=2935\" class=\"wp-image-2935\" srcset=\"https:\/\/sigea.pt\/wp-content\/uploads\/2020\/07\/Tamar-Zolondez_4\u00ba-ano_pa\u0301ssaro-sempre-em-pe\u0301.jpg 800w, https:\/\/sigea.pt\/wp-content\/uploads\/2020\/07\/Tamar-Zolondez_4\u00ba-ano_pa\u0301ssaro-sempre-em-pe\u0301-300x187.jpg 300w, https:\/\/sigea.pt\/wp-content\/uploads\/2020\/07\/Tamar-Zolondez_4\u00ba-ano_pa\u0301ssaro-sempre-em-pe\u0301-768x479.jpg 768w, https:\/\/sigea.pt\/wp-content\/uploads\/2020\/07\/Tamar-Zolondez_4\u00ba-ano_pa\u0301ssaro-sempre-em-pe\u0301-500x312.jpg 500w\" sizes=\"(max-width: 800px) 100vw, 800px\" \/><\/figure><\/li><li class=\"blocks-gallery-item\"><figure><img loading=\"lazy\" decoding=\"async\" width=\"492\" height=\"600\" src=\"https:\/\/sigea.pt\/wp-content\/uploads\/2020\/07\/Santiago-Franco_4\u00ba-ano_pa\u0301ssaro-sempre-em-pe\u0301.jpg\" alt=\"\" data-id=\"2934\" data-full-url=\"https:\/\/sigea.pt\/wp-content\/uploads\/2020\/07\/Santiago-Franco_4\u00ba-ano_pa\u0301ssaro-sempre-em-pe\u0301.jpg\" data-link=\"https:\/\/sigea.pt\/?attachment_id=2934\" class=\"wp-image-2934 is-layout-flex wp-block-gallery-is-layout-flex\" srcset=\"https:\/\/sigea.pt\/wp-content\/uploads\/2020\/07\/Santiago-Franco_4\u00ba-ano_pa\u0301ssaro-sempre-em-pe\u0301.jpg 492w, https:\/\/sigea.pt\/wp-content\/uploads\/2020\/07\/Santiago-Franco_4\u00ba-ano_pa\u0301ssaro-sempre-em-pe\u0301-246x300.jpg 246w\" sizes=\"(max-width: 492px) 100vw, 492px\" \/><\/figure><\/li><\/ul><\/figure>\n\n\n\n<p><\/p>","protected":false},"excerpt":{"rendered":"<p>Apesar das conting\u00eancias do 3.\u00ba per\u00edodo, a turma do 4.\u00ba ano foi capaz de participar no concurso dos tronos de Santo Ant\u00f3nio. Mal foi lan\u00e7ada a proposta, os alunos reagiram&#8230;<\/p>","protected":false},"author":2,"featured_media":0,"comment_status":"closed","ping_status":"closed","sticky":false,"template":"","format":"standard","meta":{"_acf_changed":false,"advgb_blocks_editor_width":"","advgb_blocks_columns_visual_guide":"","_joinchat":[],"footnotes":"","_links_to":"","_links_to_target":""},"categories":[10,5],"tags":[],"class_list":{"0":"post-2914","1":"post","2":"type-post","3":"status-publish","4":"format-standard","6":"category-artistas-da-pandemia","7":"category-atividades"},"acf":[],"yoast_head":"<!-- This site is optimized with the Yoast SEO plugin v26.2 - https:\/\/yoast.com\/wordpress\/plugins\/seo\/ -->\n<title>Col\u00e9gio SIGEA - Artistas da pandemia (Exp. Pl\u00e1stica 4.\u00ba ano)<\/title>\n<meta name=\"robots\" content=\"index, follow, max-snippet:-1, max-image-preview:large, max-video-preview:-1\" \/>\n<link rel=\"canonical\" href=\"https:\/\/sigea.pt\/en\/2020\/07\/artistas-da-pandemia-exp-plastica-4-o-ano\/\" \/>\n<meta property=\"og:locale\" content=\"en_GB\" \/>\n<meta property=\"og:type\" content=\"article\" \/>\n<meta property=\"og:title\" content=\"Col\u00e9gio SIGEA - Artistas da pandemia (Exp. Pl\u00e1stica 4.\u00ba ano)\" \/>\n<meta property=\"og:description\" content=\"Apesar das conting\u00eancias do 3.\u00ba per\u00edodo, a turma do 4.\u00ba ano foi capaz de participar no concurso dos tronos de Santo Ant\u00f3nio. Mal foi lan\u00e7ada a proposta, os alunos reagiram...\" \/>\n<meta property=\"og:url\" content=\"https:\/\/sigea.pt\/en\/2020\/07\/artistas-da-pandemia-exp-plastica-4-o-ano\/\" \/>\n<meta property=\"og:site_name\" content=\"Col\u00e9gio SIGEA\" \/>\n<meta property=\"article:publisher\" content=\"https:\/\/www.facebook.com\/clsigea\" \/>\n<meta property=\"article:published_time\" content=\"2020-07-08T09:28:40+00:00\" \/>\n<meta property=\"article:modified_time\" content=\"2020-07-08T09:29:11+00:00\" \/>\n<meta name=\"author\" content=\"clsigea\" \/>\n<meta name=\"twitter:card\" content=\"summary_large_image\" \/>\n<meta name=\"twitter:label1\" content=\"Written by\" \/>\n\t<meta name=\"twitter:data1\" content=\"clsigea\" \/>\n\t<meta name=\"twitter:label2\" content=\"Estimated reading time\" \/>\n\t<meta name=\"twitter:data2\" content=\"1 minute\" \/>\n<script type=\"application\/ld+json\" class=\"yoast-schema-graph\">{\"@context\":\"https:\/\/schema.org\",\"@graph\":[{\"@type\":\"Article\",\"@id\":\"https:\/\/sigea.pt\/en\/2020\/07\/artistas-da-pandemia-exp-plastica-4-o-ano\/#article\",\"isPartOf\":{\"@id\":\"https:\/\/sigea.pt\/en\/2020\/07\/artistas-da-pandemia-exp-plastica-4-o-ano\/\"},\"author\":{\"name\":\"clsigea\",\"@id\":\"https:\/\/sigea.pt\/#\/schema\/person\/3741f7f1e65e14f9cdacc1c4560ed0a6\"},\"headline\":\"Artistas da pandemia (Exp. Pl\u00e1stica 4.\u00ba ano)\",\"datePublished\":\"2020-07-08T09:28:40+00:00\",\"dateModified\":\"2020-07-08T09:29:11+00:00\",\"mainEntityOfPage\":{\"@id\":\"https:\/\/sigea.pt\/en\/2020\/07\/artistas-da-pandemia-exp-plastica-4-o-ano\/\"},\"wordCount\":136,\"publisher\":{\"@id\":\"https:\/\/sigea.pt\/#organization\"},\"articleSection\":[\"Artistas da pandemia\",\"Atividades\"],\"inLanguage\":\"en-GB\"},{\"@type\":\"WebPage\",\"@id\":\"https:\/\/sigea.pt\/en\/2020\/07\/artistas-da-pandemia-exp-plastica-4-o-ano\/\",\"url\":\"https:\/\/sigea.pt\/en\/2020\/07\/artistas-da-pandemia-exp-plastica-4-o-ano\/\",\"name\":\"Col\u00e9gio SIGEA - Artistas da pandemia (Exp. Pl\u00e1stica 4.\u00ba ano)\",\"isPartOf\":{\"@id\":\"https:\/\/sigea.pt\/#website\"},\"datePublished\":\"2020-07-08T09:28:40+00:00\",\"dateModified\":\"2020-07-08T09:29:11+00:00\",\"breadcrumb\":{\"@id\":\"https:\/\/sigea.pt\/en\/2020\/07\/artistas-da-pandemia-exp-plastica-4-o-ano\/#breadcrumb\"},\"inLanguage\":\"en-GB\",\"potentialAction\":[{\"@type\":\"ReadAction\",\"target\":[\"https:\/\/sigea.pt\/en\/2020\/07\/artistas-da-pandemia-exp-plastica-4-o-ano\/\"]}]},{\"@type\":\"BreadcrumbList\",\"@id\":\"https:\/\/sigea.pt\/en\/2020\/07\/artistas-da-pandemia-exp-plastica-4-o-ano\/#breadcrumb\",\"itemListElement\":[{\"@type\":\"ListItem\",\"position\":1,\"name\":\"In\u00edcio\",\"item\":\"https:\/\/sigea.pt\/\"},{\"@type\":\"ListItem\",\"position\":2,\"name\":\"Artistas da pandemia (Exp. Pl\u00e1stica 4.\u00ba ano)\"}]},{\"@type\":\"WebSite\",\"@id\":\"https:\/\/sigea.pt\/#website\",\"url\":\"https:\/\/sigea.pt\/\",\"name\":\"Col\u00e9gio SIGEA\",\"description\":\"Educar o Futuro\",\"publisher\":{\"@id\":\"https:\/\/sigea.pt\/#organization\"},\"potentialAction\":[{\"@type\":\"SearchAction\",\"target\":{\"@type\":\"EntryPoint\",\"urlTemplate\":\"https:\/\/sigea.pt\/?s={search_term_string}\"},\"query-input\":{\"@type\":\"PropertyValueSpecification\",\"valueRequired\":true,\"valueName\":\"search_term_string\"}}],\"inLanguage\":\"en-GB\"},{\"@type\":\"Organization\",\"@id\":\"https:\/\/sigea.pt\/#organization\",\"name\":\"Col\u00e9gio Sigea\",\"url\":\"https:\/\/sigea.pt\/\",\"logo\":{\"@type\":\"ImageObject\",\"inLanguage\":\"en-GB\",\"@id\":\"https:\/\/sigea.pt\/#\/schema\/logo\/image\/\",\"url\":\"https:\/\/sigea.pt\/wp-content\/uploads\/2019\/04\/logo-blue.png\",\"contentUrl\":\"https:\/\/sigea.pt\/wp-content\/uploads\/2019\/04\/logo-blue.png\",\"width\":150,\"height\":150,\"caption\":\"Col\u00e9gio Sigea\"},\"image\":{\"@id\":\"https:\/\/sigea.pt\/#\/schema\/logo\/image\/\"},\"sameAs\":[\"https:\/\/www.facebook.com\/clsigea\"]},{\"@type\":\"Person\",\"@id\":\"https:\/\/sigea.pt\/#\/schema\/person\/3741f7f1e65e14f9cdacc1c4560ed0a6\",\"name\":\"clsigea\",\"image\":{\"@type\":\"ImageObject\",\"inLanguage\":\"en-GB\",\"@id\":\"https:\/\/sigea.pt\/#\/schema\/person\/image\/\",\"url\":\"https:\/\/secure.gravatar.com\/avatar\/bed593e8c4f7a64eadd793ee0c358183a074681ff2ab486862ba11ecac82ec5b?s=96&d=mm&r=g\",\"contentUrl\":\"https:\/\/secure.gravatar.com\/avatar\/bed593e8c4f7a64eadd793ee0c358183a074681ff2ab486862ba11ecac82ec5b?s=96&d=mm&r=g\",\"caption\":\"clsigea\"}}]}<\/script>\n<!-- \/ Yoast SEO plugin. -->","yoast_head_json":{"title":"Col\u00e9gio SIGEA - Artistas da pandemia (Exp. Pl\u00e1stica 4.\u00ba ano)","robots":{"index":"index","follow":"follow","max-snippet":"max-snippet:-1","max-image-preview":"max-image-preview:large","max-video-preview":"max-video-preview:-1"},"canonical":"https:\/\/sigea.pt\/en\/2020\/07\/artistas-da-pandemia-exp-plastica-4-o-ano\/","og_locale":"en_GB","og_type":"article","og_title":"Col\u00e9gio SIGEA - Artistas da pandemia (Exp. Pl\u00e1stica 4.\u00ba ano)","og_description":"Apesar das conting\u00eancias do 3.\u00ba per\u00edodo, a turma do 4.\u00ba ano foi capaz de participar no concurso dos tronos de Santo Ant\u00f3nio. Mal foi lan\u00e7ada a proposta, os alunos reagiram...","og_url":"https:\/\/sigea.pt\/en\/2020\/07\/artistas-da-pandemia-exp-plastica-4-o-ano\/","og_site_name":"Col\u00e9gio SIGEA","article_publisher":"https:\/\/www.facebook.com\/clsigea","article_published_time":"2020-07-08T09:28:40+00:00","article_modified_time":"2020-07-08T09:29:11+00:00","author":"clsigea","twitter_card":"summary_large_image","twitter_misc":{"Written by":"clsigea","Estimated reading time":"1 minute"},"schema":{"@context":"https:\/\/schema.org","@graph":[{"@type":"Article","@id":"https:\/\/sigea.pt\/en\/2020\/07\/artistas-da-pandemia-exp-plastica-4-o-ano\/#article","isPartOf":{"@id":"https:\/\/sigea.pt\/en\/2020\/07\/artistas-da-pandemia-exp-plastica-4-o-ano\/"},"author":{"name":"clsigea","@id":"https:\/\/sigea.pt\/#\/schema\/person\/3741f7f1e65e14f9cdacc1c4560ed0a6"},"headline":"Artistas da pandemia (Exp. Pl\u00e1stica 4.\u00ba ano)","datePublished":"2020-07-08T09:28:40+00:00","dateModified":"2020-07-08T09:29:11+00:00","mainEntityOfPage":{"@id":"https:\/\/sigea.pt\/en\/2020\/07\/artistas-da-pandemia-exp-plastica-4-o-ano\/"},"wordCount":136,"publisher":{"@id":"https:\/\/sigea.pt\/#organization"},"articleSection":["Artistas da pandemia","Atividades"],"inLanguage":"en-GB"},{"@type":"WebPage","@id":"https:\/\/sigea.pt\/en\/2020\/07\/artistas-da-pandemia-exp-plastica-4-o-ano\/","url":"https:\/\/sigea.pt\/en\/2020\/07\/artistas-da-pandemia-exp-plastica-4-o-ano\/","name":"Col\u00e9gio SIGEA - Artistas da pandemia (Exp. Pl\u00e1stica 4.\u00ba ano)","isPartOf":{"@id":"https:\/\/sigea.pt\/#website"},"datePublished":"2020-07-08T09:28:40+00:00","dateModified":"2020-07-08T09:29:11+00:00","breadcrumb":{"@id":"https:\/\/sigea.pt\/en\/2020\/07\/artistas-da-pandemia-exp-plastica-4-o-ano\/#breadcrumb"},"inLanguage":"en-GB","potentialAction":[{"@type":"ReadAction","target":["https:\/\/sigea.pt\/en\/2020\/07\/artistas-da-pandemia-exp-plastica-4-o-ano\/"]}]},{"@type":"BreadcrumbList","@id":"https:\/\/sigea.pt\/en\/2020\/07\/artistas-da-pandemia-exp-plastica-4-o-ano\/#breadcrumb","itemListElement":[{"@type":"ListItem","position":1,"name":"In\u00edcio","item":"https:\/\/sigea.pt\/"},{"@type":"ListItem","position":2,"name":"Artistas da pandemia (Exp. Pl\u00e1stica 4.\u00ba ano)"}]},{"@type":"WebSite","@id":"https:\/\/sigea.pt\/#website","url":"https:\/\/sigea.pt\/","name":"Our School","description":"Educating the Future","publisher":{"@id":"https:\/\/sigea.pt\/#organization"},"potentialAction":[{"@type":"SearchAction","target":{"@type":"EntryPoint","urlTemplate":"https:\/\/sigea.pt\/?s={search_term_string}"},"query-input":{"@type":"PropertyValueSpecification","valueRequired":true,"valueName":"search_term_string"}}],"inLanguage":"en-GB"},{"@type":"Organization","@id":"https:\/\/sigea.pt\/#organization","name":"Col\u00e9gio Sigea","url":"https:\/\/sigea.pt\/","logo":{"@type":"ImageObject","inLanguage":"en-GB","@id":"https:\/\/sigea.pt\/#\/schema\/logo\/image\/","url":"https:\/\/sigea.pt\/wp-content\/uploads\/2019\/04\/logo-blue.png","contentUrl":"https:\/\/sigea.pt\/wp-content\/uploads\/2019\/04\/logo-blue.png","width":150,"height":150,"caption":"Col\u00e9gio Sigea"},"image":{"@id":"https:\/\/sigea.pt\/#\/schema\/logo\/image\/"},"sameAs":["https:\/\/www.facebook.com\/clsigea"]},{"@type":"Person","@id":"https:\/\/sigea.pt\/#\/schema\/person\/3741f7f1e65e14f9cdacc1c4560ed0a6","name":"clsigea","image":{"@type":"ImageObject","inLanguage":"en-GB","@id":"https:\/\/sigea.pt\/#\/schema\/person\/image\/","url":"https:\/\/secure.gravatar.com\/avatar\/bed593e8c4f7a64eadd793ee0c358183a074681ff2ab486862ba11ecac82ec5b?s=96&d=mm&r=g","contentUrl":"https:\/\/secure.gravatar.com\/avatar\/bed593e8c4f7a64eadd793ee0c358183a074681ff2ab486862ba11ecac82ec5b?s=96&d=mm&r=g","caption":"clsigea"}}]}},"author_meta":{"display_name":"clsigea","author_link":"https:\/\/sigea.pt\/en\/author\/clsigea\/"},"featured_img":null,"coauthors":[],"tax_additional":{"categories":{"linked":["<a href=\"https:\/\/sigea.pt\/en\/category\/artistas-da-pandemia\/\" class=\"advgb-post-tax-term\">Artistas da pandemia<\/a>","<a href=\"https:\/\/sigea.pt\/en\/category\/atividades\/\" class=\"advgb-post-tax-term\">Atividades<\/a>"],"unlinked":["<span class=\"advgb-post-tax-term\">Artistas da pandemia<\/span>","<span class=\"advgb-post-tax-term\">Atividades<\/span>"]}},"comment_count":"0","relative_dates":{"created":"Posted 6 years ago","modified":"Updated 6 years ago"},"absolute_dates":{"created":"Posted on 08\/07\/2020","modified":"Updated on 08\/07\/2020"},"absolute_dates_time":{"created":"Posted on 08\/07\/2020 9:28","modified":"Updated on 08\/07\/2020 9:29"},"featured_img_caption":"","series_order":"","_links":{"self":[{"href":"https:\/\/sigea.pt\/en\/wp-json\/wp\/v2\/posts\/2914","targetHints":{"allow":["GET"]}}],"collection":[{"href":"https:\/\/sigea.pt\/en\/wp-json\/wp\/v2\/posts"}],"about":[{"href":"https:\/\/sigea.pt\/en\/wp-json\/wp\/v2\/types\/post"}],"author":[{"embeddable":true,"href":"https:\/\/sigea.pt\/en\/wp-json\/wp\/v2\/users\/2"}],"replies":[{"embeddable":true,"href":"https:\/\/sigea.pt\/en\/wp-json\/wp\/v2\/comments?post=2914"}],"version-history":[{"count":0,"href":"https:\/\/sigea.pt\/en\/wp-json\/wp\/v2\/posts\/2914\/revisions"}],"wp:attachment":[{"href":"https:\/\/sigea.pt\/en\/wp-json\/wp\/v2\/media?parent=2914"}],"wp:term":[{"taxonomy":"category","embeddable":true,"href":"https:\/\/sigea.pt\/en\/wp-json\/wp\/v2\/categories?post=2914"},{"taxonomy":"post_tag","embeddable":true,"href":"https:\/\/sigea.pt\/en\/wp-json\/wp\/v2\/tags?post=2914"}],"curies":[{"name":"wp","href":"https:\/\/api.w.org\/{rel}","templated":true}]}}