{"id":2766,"date":"2020-07-07T09:00:42","date_gmt":"2020-07-07T09:00:42","guid":{"rendered":"https:\/\/sigea.pt\/?p=2766"},"modified":"2020-07-07T09:00:45","modified_gmt":"2020-07-07T09:00:45","slug":"artistas-da-pandemia-ed-visual-8-o-ano","status":"publish","type":"post","link":"https:\/\/sigea.pt\/en\/2020\/07\/artistas-da-pandemia-ed-visual-8-o-ano\/","title":{"rendered":"Artistas da pandemia (Ed. Visual 8.\u00ba ano)"},"content":{"rendered":"<p>Ao longo do 3.\u00ba per\u00edodo, a turma do <strong>8.\u00ba ano<\/strong> explorou uma mat\u00e9ria muito espec\u00edfica do design gr\u00e1fico: a teoria da Gestalt. Assim, depois de se familiarizarem com os conceitos por ela defendidos atrav\u00e9s de v\u00e1rias explora\u00e7\u00f5es gr\u00e1ficas, o projeto final passou pela cria\u00e7\u00e3o de um cartaz de um filme, onde tiveram de ser capazes de aplicar os conceitos anteriormente estudados. Assim, aliaram uma componente criativa a um trabalho rigoroso, de modo a serem capazes de criar uma imagem gr\u00e1fica que ao mesmo tempo que transmite uma ideia, deve ser apelativa para captar a aten\u00e7\u00e3o do espetador.<\/p>\n\n\n\n<figure class=\"wp-block-gallery columns-3 is-cropped wp-block-gallery-1\"><ul class=\"blocks-gallery-grid\"><li class=\"blocks-gallery-item\"><figure><img fetchpriority=\"high\" decoding=\"async\" width=\"351\" height=\"600\" src=\"https:\/\/sigea.pt\/wp-content\/uploads\/2020\/07\/Afonso-Faria_8\u00ba-ano_Cartaz.jpg\" alt=\"\" data-id=\"2767\" data-full-url=\"https:\/\/sigea.pt\/wp-content\/uploads\/2020\/07\/Afonso-Faria_8\u00ba-ano_Cartaz.jpg\" data-link=\"https:\/\/sigea.pt\/?attachment_id=2767\" class=\"wp-image-2767\" srcset=\"https:\/\/sigea.pt\/wp-content\/uploads\/2020\/07\/Afonso-Faria_8\u00ba-ano_Cartaz.jpg 351w, https:\/\/sigea.pt\/wp-content\/uploads\/2020\/07\/Afonso-Faria_8\u00ba-ano_Cartaz-176x300.jpg 176w\" sizes=\"(max-width: 351px) 100vw, 351px\" \/><\/figure><\/li><li class=\"blocks-gallery-item\"><figure><img decoding=\"async\" width=\"372\" height=\"600\" src=\"https:\/\/sigea.pt\/wp-content\/uploads\/2020\/07\/Alicia-Bouc\u0327os_8\u00ba-ano_Cartaz.jpg\" alt=\"\" data-id=\"2768\" data-full-url=\"https:\/\/sigea.pt\/wp-content\/uploads\/2020\/07\/Alicia-Bouc\u0327os_8\u00ba-ano_Cartaz.jpg\" data-link=\"https:\/\/sigea.pt\/?attachment_id=2768\" class=\"wp-image-2768\" srcset=\"https:\/\/sigea.pt\/wp-content\/uploads\/2020\/07\/Alicia-Bouc\u0327os_8\u00ba-ano_Cartaz.jpg 372w, https:\/\/sigea.pt\/wp-content\/uploads\/2020\/07\/Alicia-Bouc\u0327os_8\u00ba-ano_Cartaz-186x300.jpg 186w\" sizes=\"(max-width: 372px) 100vw, 372px\" \/><\/figure><\/li><li class=\"blocks-gallery-item\"><figure><img decoding=\"async\" width=\"450\" height=\"600\" src=\"https:\/\/sigea.pt\/wp-content\/uploads\/2020\/07\/Carmen-Madile_8\u00ba-ano_Cartaz-Gestalt.jpg\" alt=\"\" data-id=\"2769\" data-full-url=\"https:\/\/sigea.pt\/wp-content\/uploads\/2020\/07\/Carmen-Madile_8\u00ba-ano_Cartaz-Gestalt.jpg\" data-link=\"https:\/\/sigea.pt\/?attachment_id=2769\" class=\"wp-image-2769\" srcset=\"https:\/\/sigea.pt\/wp-content\/uploads\/2020\/07\/Carmen-Madile_8\u00ba-ano_Cartaz-Gestalt.jpg 450w, https:\/\/sigea.pt\/wp-content\/uploads\/2020\/07\/Carmen-Madile_8\u00ba-ano_Cartaz-Gestalt-225x300.jpg 225w\" sizes=\"(max-width: 450px) 100vw, 450px\" \/><\/figure><\/li><li class=\"blocks-gallery-item\"><figure><img loading=\"lazy\" decoding=\"async\" width=\"429\" height=\"600\" src=\"https:\/\/sigea.pt\/wp-content\/uploads\/2020\/07\/Carolina-Henriques_8\u00ba-ano_Cartaz.jpg\" alt=\"\" data-id=\"2770\" data-full-url=\"https:\/\/sigea.pt\/wp-content\/uploads\/2020\/07\/Carolina-Henriques_8\u00ba-ano_Cartaz.jpg\" data-link=\"https:\/\/sigea.pt\/?attachment_id=2770\" class=\"wp-image-2770\" srcset=\"https:\/\/sigea.pt\/wp-content\/uploads\/2020\/07\/Carolina-Henriques_8\u00ba-ano_Cartaz.jpg 429w, https:\/\/sigea.pt\/wp-content\/uploads\/2020\/07\/Carolina-Henriques_8\u00ba-ano_Cartaz-215x300.jpg 215w\" sizes=\"(max-width: 429px) 100vw, 429px\" \/><\/figure><\/li><li class=\"blocks-gallery-item\"><figure><img loading=\"lazy\" decoding=\"async\" width=\"449\" height=\"600\" src=\"https:\/\/sigea.pt\/wp-content\/uploads\/2020\/07\/Diogo-Arau\u0301jo_8\u00ba-ano_Cartaz.jpg\" alt=\"\" data-id=\"2771\" data-full-url=\"https:\/\/sigea.pt\/wp-content\/uploads\/2020\/07\/Diogo-Arau\u0301jo_8\u00ba-ano_Cartaz.jpg\" data-link=\"https:\/\/sigea.pt\/?attachment_id=2771\" class=\"wp-image-2771\" srcset=\"https:\/\/sigea.pt\/wp-content\/uploads\/2020\/07\/Diogo-Arau\u0301jo_8\u00ba-ano_Cartaz.jpg 449w, https:\/\/sigea.pt\/wp-content\/uploads\/2020\/07\/Diogo-Arau\u0301jo_8\u00ba-ano_Cartaz-225x300.jpg 225w\" sizes=\"(max-width: 449px) 100vw, 449px\" \/><\/figure><\/li><li class=\"blocks-gallery-item\"><figure><img loading=\"lazy\" decoding=\"async\" width=\"450\" height=\"600\" src=\"https:\/\/sigea.pt\/wp-content\/uploads\/2020\/07\/Diogo-Dias_8\u00ba-ano_Cartaz-Gestalt.jpg\" alt=\"\" data-id=\"2772\" data-full-url=\"https:\/\/sigea.pt\/wp-content\/uploads\/2020\/07\/Diogo-Dias_8\u00ba-ano_Cartaz-Gestalt.jpg\" data-link=\"https:\/\/sigea.pt\/?attachment_id=2772\" class=\"wp-image-2772\" srcset=\"https:\/\/sigea.pt\/wp-content\/uploads\/2020\/07\/Diogo-Dias_8\u00ba-ano_Cartaz-Gestalt.jpg 450w, https:\/\/sigea.pt\/wp-content\/uploads\/2020\/07\/Diogo-Dias_8\u00ba-ano_Cartaz-Gestalt-225x300.jpg 225w\" sizes=\"(max-width: 450px) 100vw, 450px\" \/><\/figure><\/li><li class=\"blocks-gallery-item\"><figure><img loading=\"lazy\" decoding=\"async\" width=\"467\" height=\"600\" src=\"https:\/\/sigea.pt\/wp-content\/uploads\/2020\/07\/Francisco-Miguens_8\u00ba-ano_cartaz-gestalt.jpg\" alt=\"\" data-id=\"2773\" data-full-url=\"https:\/\/sigea.pt\/wp-content\/uploads\/2020\/07\/Francisco-Miguens_8\u00ba-ano_cartaz-gestalt.jpg\" data-link=\"https:\/\/sigea.pt\/?attachment_id=2773\" class=\"wp-image-2773\" srcset=\"https:\/\/sigea.pt\/wp-content\/uploads\/2020\/07\/Francisco-Miguens_8\u00ba-ano_cartaz-gestalt.jpg 467w, https:\/\/sigea.pt\/wp-content\/uploads\/2020\/07\/Francisco-Miguens_8\u00ba-ano_cartaz-gestalt-234x300.jpg 234w\" sizes=\"(max-width: 467px) 100vw, 467px\" \/><\/figure><\/li><li class=\"blocks-gallery-item\"><figure><img loading=\"lazy\" decoding=\"async\" width=\"800\" height=\"600\" src=\"https:\/\/sigea.pt\/wp-content\/uploads\/2020\/07\/Francisco-Moreira_8\u00ba-ano_Cartaz.jpg\" alt=\"\" data-id=\"2774\" data-full-url=\"https:\/\/sigea.pt\/wp-content\/uploads\/2020\/07\/Francisco-Moreira_8\u00ba-ano_Cartaz.jpg\" data-link=\"https:\/\/sigea.pt\/?attachment_id=2774\" class=\"wp-image-2774\" srcset=\"https:\/\/sigea.pt\/wp-content\/uploads\/2020\/07\/Francisco-Moreira_8\u00ba-ano_Cartaz.jpg 800w, https:\/\/sigea.pt\/wp-content\/uploads\/2020\/07\/Francisco-Moreira_8\u00ba-ano_Cartaz-300x225.jpg 300w, https:\/\/sigea.pt\/wp-content\/uploads\/2020\/07\/Francisco-Moreira_8\u00ba-ano_Cartaz-768x576.jpg 768w, https:\/\/sigea.pt\/wp-content\/uploads\/2020\/07\/Francisco-Moreira_8\u00ba-ano_Cartaz-500x375.jpg 500w\" sizes=\"(max-width: 800px) 100vw, 800px\" \/><\/figure><\/li><li class=\"blocks-gallery-item\"><figure><img loading=\"lazy\" decoding=\"async\" width=\"800\" height=\"563\" src=\"https:\/\/sigea.pt\/wp-content\/uploads\/2020\/07\/Giulia_8\u00ba-ano_Cartaz.jpg\" alt=\"\" data-id=\"2775\" data-full-url=\"https:\/\/sigea.pt\/wp-content\/uploads\/2020\/07\/Giulia_8\u00ba-ano_Cartaz.jpg\" data-link=\"https:\/\/sigea.pt\/?attachment_id=2775\" class=\"wp-image-2775\" srcset=\"https:\/\/sigea.pt\/wp-content\/uploads\/2020\/07\/Giulia_8\u00ba-ano_Cartaz.jpg 800w, https:\/\/sigea.pt\/wp-content\/uploads\/2020\/07\/Giulia_8\u00ba-ano_Cartaz-300x211.jpg 300w, https:\/\/sigea.pt\/wp-content\/uploads\/2020\/07\/Giulia_8\u00ba-ano_Cartaz-768x540.jpg 768w, https:\/\/sigea.pt\/wp-content\/uploads\/2020\/07\/Giulia_8\u00ba-ano_Cartaz-500x352.jpg 500w\" sizes=\"(max-width: 800px) 100vw, 800px\" \/><\/figure><\/li><li class=\"blocks-gallery-item\"><figure><img loading=\"lazy\" decoding=\"async\" width=\"413\" height=\"600\" src=\"https:\/\/sigea.pt\/wp-content\/uploads\/2020\/07\/Helena-Lomo\u0302naco_8\u00ba-ano_Cartaz.jpg\" alt=\"\" data-id=\"2776\" data-full-url=\"https:\/\/sigea.pt\/wp-content\/uploads\/2020\/07\/Helena-Lomo\u0302naco_8\u00ba-ano_Cartaz.jpg\" data-link=\"https:\/\/sigea.pt\/?attachment_id=2776\" class=\"wp-image-2776\" srcset=\"https:\/\/sigea.pt\/wp-content\/uploads\/2020\/07\/Helena-Lomo\u0302naco_8\u00ba-ano_Cartaz.jpg 413w, https:\/\/sigea.pt\/wp-content\/uploads\/2020\/07\/Helena-Lomo\u0302naco_8\u00ba-ano_Cartaz-207x300.jpg 207w\" sizes=\"(max-width: 413px) 100vw, 413px\" \/><\/figure><\/li><li class=\"blocks-gallery-item\"><figure><img loading=\"lazy\" decoding=\"async\" width=\"424\" height=\"600\" src=\"https:\/\/sigea.pt\/wp-content\/uploads\/2020\/07\/Leonardo-Carvalho_8\u00ba-ano_Cartaz.jpg\" alt=\"\" data-id=\"2777\" data-full-url=\"https:\/\/sigea.pt\/wp-content\/uploads\/2020\/07\/Leonardo-Carvalho_8\u00ba-ano_Cartaz.jpg\" data-link=\"https:\/\/sigea.pt\/?attachment_id=2777\" class=\"wp-image-2777\" srcset=\"https:\/\/sigea.pt\/wp-content\/uploads\/2020\/07\/Leonardo-Carvalho_8\u00ba-ano_Cartaz.jpg 424w, https:\/\/sigea.pt\/wp-content\/uploads\/2020\/07\/Leonardo-Carvalho_8\u00ba-ano_Cartaz-212x300.jpg 212w\" sizes=\"(max-width: 424px) 100vw, 424px\" \/><\/figure><\/li><li class=\"blocks-gallery-item\"><figure><img loading=\"lazy\" decoding=\"async\" width=\"495\" height=\"600\" src=\"https:\/\/sigea.pt\/wp-content\/uploads\/2020\/07\/Leonardo-Guimara\u0303es_8\u00ba-ano_Cartaz.jpg\" alt=\"\" data-id=\"2778\" data-full-url=\"https:\/\/sigea.pt\/wp-content\/uploads\/2020\/07\/Leonardo-Guimara\u0303es_8\u00ba-ano_Cartaz.jpg\" data-link=\"https:\/\/sigea.pt\/?attachment_id=2778\" class=\"wp-image-2778\" srcset=\"https:\/\/sigea.pt\/wp-content\/uploads\/2020\/07\/Leonardo-Guimara\u0303es_8\u00ba-ano_Cartaz.jpg 495w, https:\/\/sigea.pt\/wp-content\/uploads\/2020\/07\/Leonardo-Guimara\u0303es_8\u00ba-ano_Cartaz-248x300.jpg 248w\" sizes=\"(max-width: 495px) 100vw, 495px\" \/><\/figure><\/li><li class=\"blocks-gallery-item\"><figure><img loading=\"lazy\" decoding=\"async\" width=\"800\" height=\"600\" src=\"https:\/\/sigea.pt\/wp-content\/uploads\/2020\/07\/Leonor-Fagundes_8\u00ba-ano_Cartaz-Gestalt.001.jpg\" alt=\"\" data-id=\"2779\" data-full-url=\"https:\/\/sigea.pt\/wp-content\/uploads\/2020\/07\/Leonor-Fagundes_8\u00ba-ano_Cartaz-Gestalt.001.jpg\" data-link=\"https:\/\/sigea.pt\/?attachment_id=2779\" class=\"wp-image-2779\" srcset=\"https:\/\/sigea.pt\/wp-content\/uploads\/2020\/07\/Leonor-Fagundes_8\u00ba-ano_Cartaz-Gestalt.001.jpg 800w, https:\/\/sigea.pt\/wp-content\/uploads\/2020\/07\/Leonor-Fagundes_8\u00ba-ano_Cartaz-Gestalt.001-300x225.jpg 300w, https:\/\/sigea.pt\/wp-content\/uploads\/2020\/07\/Leonor-Fagundes_8\u00ba-ano_Cartaz-Gestalt.001-768x576.jpg 768w, https:\/\/sigea.pt\/wp-content\/uploads\/2020\/07\/Leonor-Fagundes_8\u00ba-ano_Cartaz-Gestalt.001-500x375.jpg 500w\" sizes=\"(max-width: 800px) 100vw, 800px\" \/><\/figure><\/li><li class=\"blocks-gallery-item\"><figure><img loading=\"lazy\" decoding=\"async\" width=\"443\" height=\"600\" src=\"https:\/\/sigea.pt\/wp-content\/uploads\/2020\/07\/Mariana-Pronto_8\u00ba-ano_Cartaz-Gestalt.001.jpg\" alt=\"\" data-id=\"2780\" data-full-url=\"https:\/\/sigea.pt\/wp-content\/uploads\/2020\/07\/Mariana-Pronto_8\u00ba-ano_Cartaz-Gestalt.001.jpg\" data-link=\"https:\/\/sigea.pt\/?attachment_id=2780\" class=\"wp-image-2780\" srcset=\"https:\/\/sigea.pt\/wp-content\/uploads\/2020\/07\/Mariana-Pronto_8\u00ba-ano_Cartaz-Gestalt.001.jpg 443w, https:\/\/sigea.pt\/wp-content\/uploads\/2020\/07\/Mariana-Pronto_8\u00ba-ano_Cartaz-Gestalt.001-222x300.jpg 222w\" sizes=\"(max-width: 443px) 100vw, 443px\" \/><\/figure><\/li><li class=\"blocks-gallery-item\"><figure><img loading=\"lazy\" decoding=\"async\" width=\"800\" height=\"579\" src=\"https:\/\/sigea.pt\/wp-content\/uploads\/2020\/07\/Marta-Gomes_8\u00ba-ano_Cartaz-Gestalt.jpg\" alt=\"\" data-id=\"2781\" data-full-url=\"https:\/\/sigea.pt\/wp-content\/uploads\/2020\/07\/Marta-Gomes_8\u00ba-ano_Cartaz-Gestalt.jpg\" data-link=\"https:\/\/sigea.pt\/?attachment_id=2781\" class=\"wp-image-2781\" srcset=\"https:\/\/sigea.pt\/wp-content\/uploads\/2020\/07\/Marta-Gomes_8\u00ba-ano_Cartaz-Gestalt.jpg 800w, https:\/\/sigea.pt\/wp-content\/uploads\/2020\/07\/Marta-Gomes_8\u00ba-ano_Cartaz-Gestalt-300x217.jpg 300w, https:\/\/sigea.pt\/wp-content\/uploads\/2020\/07\/Marta-Gomes_8\u00ba-ano_Cartaz-Gestalt-768x556.jpg 768w, https:\/\/sigea.pt\/wp-content\/uploads\/2020\/07\/Marta-Gomes_8\u00ba-ano_Cartaz-Gestalt-500x362.jpg 500w\" sizes=\"(max-width: 800px) 100vw, 800px\" \/><figcaption class=\"blocks-gallery-item__caption\">dav<\/figcaption><\/figure><\/li><li class=\"blocks-gallery-item\"><figure><img loading=\"lazy\" decoding=\"async\" width=\"450\" height=\"600\" src=\"https:\/\/sigea.pt\/wp-content\/uploads\/2020\/07\/Matilde-Silva_8\u00ba-ano_Cartaz-Gestalt-2.jpg\" alt=\"\" data-id=\"2783\" data-full-url=\"https:\/\/sigea.pt\/wp-content\/uploads\/2020\/07\/Matilde-Silva_8\u00ba-ano_Cartaz-Gestalt-2.jpg\" data-link=\"https:\/\/sigea.pt\/?attachment_id=2783\" class=\"wp-image-2783\" srcset=\"https:\/\/sigea.pt\/wp-content\/uploads\/2020\/07\/Matilde-Silva_8\u00ba-ano_Cartaz-Gestalt-2.jpg 450w, https:\/\/sigea.pt\/wp-content\/uploads\/2020\/07\/Matilde-Silva_8\u00ba-ano_Cartaz-Gestalt-2-225x300.jpg 225w\" sizes=\"(max-width: 450px) 100vw, 450px\" \/><\/figure><\/li><li class=\"blocks-gallery-item\"><figure><img loading=\"lazy\" decoding=\"async\" width=\"800\" height=\"600\" src=\"https:\/\/sigea.pt\/wp-content\/uploads\/2020\/07\/Tiago-Abreu_8\u00ba-ano_Cartaz-Gestalt.jpg\" alt=\"\" data-id=\"2784\" data-full-url=\"https:\/\/sigea.pt\/wp-content\/uploads\/2020\/07\/Tiago-Abreu_8\u00ba-ano_Cartaz-Gestalt.jpg\" data-link=\"https:\/\/sigea.pt\/?attachment_id=2784\" class=\"wp-image-2784\" srcset=\"https:\/\/sigea.pt\/wp-content\/uploads\/2020\/07\/Tiago-Abreu_8\u00ba-ano_Cartaz-Gestalt.jpg 800w, https:\/\/sigea.pt\/wp-content\/uploads\/2020\/07\/Tiago-Abreu_8\u00ba-ano_Cartaz-Gestalt-300x225.jpg 300w, https:\/\/sigea.pt\/wp-content\/uploads\/2020\/07\/Tiago-Abreu_8\u00ba-ano_Cartaz-Gestalt-768x576.jpg 768w, https:\/\/sigea.pt\/wp-content\/uploads\/2020\/07\/Tiago-Abreu_8\u00ba-ano_Cartaz-Gestalt-500x375.jpg 500w\" sizes=\"(max-width: 800px) 100vw, 800px\" \/><\/figure><\/li><li class=\"blocks-gallery-item\"><figure><img loading=\"lazy\" decoding=\"async\" width=\"800\" height=\"562\" src=\"https:\/\/sigea.pt\/wp-content\/uploads\/2020\/07\/Timo\u0301teo-Nunes_8\u00ba-ano_Cartaz.jpg\" alt=\"\" data-id=\"2785\" data-full-url=\"https:\/\/sigea.pt\/wp-content\/uploads\/2020\/07\/Timo\u0301teo-Nunes_8\u00ba-ano_Cartaz.jpg\" data-link=\"https:\/\/sigea.pt\/?attachment_id=2785\" class=\"wp-image-2785\" srcset=\"https:\/\/sigea.pt\/wp-content\/uploads\/2020\/07\/Timo\u0301teo-Nunes_8\u00ba-ano_Cartaz.jpg 800w, https:\/\/sigea.pt\/wp-content\/uploads\/2020\/07\/Timo\u0301teo-Nunes_8\u00ba-ano_Cartaz-300x211.jpg 300w, https:\/\/sigea.pt\/wp-content\/uploads\/2020\/07\/Timo\u0301teo-Nunes_8\u00ba-ano_Cartaz-768x540.jpg 768w, https:\/\/sigea.pt\/wp-content\/uploads\/2020\/07\/Timo\u0301teo-Nunes_8\u00ba-ano_Cartaz-500x351.jpg 500w\" sizes=\"(max-width: 800px) 100vw, 800px\" \/><\/figure><\/li><li class=\"blocks-gallery-item\"><figure><img loading=\"lazy\" decoding=\"async\" width=\"800\" height=\"464\" src=\"https:\/\/sigea.pt\/wp-content\/uploads\/2020\/07\/Vasco-Ramos_8\u00ba-ano_Cartaz-Gestalt-2.jpg\" alt=\"\" data-id=\"2786\" data-full-url=\"https:\/\/sigea.pt\/wp-content\/uploads\/2020\/07\/Vasco-Ramos_8\u00ba-ano_Cartaz-Gestalt-2.jpg\" data-link=\"https:\/\/sigea.pt\/?attachment_id=2786\" class=\"wp-image-2786\" srcset=\"https:\/\/sigea.pt\/wp-content\/uploads\/2020\/07\/Vasco-Ramos_8\u00ba-ano_Cartaz-Gestalt-2.jpg 800w, https:\/\/sigea.pt\/wp-content\/uploads\/2020\/07\/Vasco-Ramos_8\u00ba-ano_Cartaz-Gestalt-2-300x174.jpg 300w, https:\/\/sigea.pt\/wp-content\/uploads\/2020\/07\/Vasco-Ramos_8\u00ba-ano_Cartaz-Gestalt-2-768x445.jpg 768w, https:\/\/sigea.pt\/wp-content\/uploads\/2020\/07\/Vasco-Ramos_8\u00ba-ano_Cartaz-Gestalt-2-500x290.jpg 500w\" sizes=\"(max-width: 800px) 100vw, 800px\" \/><\/figure><\/li><li class=\"blocks-gallery-item\"><figure><img loading=\"lazy\" decoding=\"async\" width=\"421\" height=\"600\" src=\"https:\/\/sigea.pt\/wp-content\/uploads\/2020\/07\/Matilde-Roque_8\u00ba-ano_Cartaz-Gesltat.001.jpg\" alt=\"\" data-id=\"2782\" data-full-url=\"https:\/\/sigea.pt\/wp-content\/uploads\/2020\/07\/Matilde-Roque_8\u00ba-ano_Cartaz-Gesltat.001.jpg\" data-link=\"https:\/\/sigea.pt\/?attachment_id=2782\" class=\"wp-image-2782 is-layout-flex wp-block-gallery-is-layout-flex\" srcset=\"https:\/\/sigea.pt\/wp-content\/uploads\/2020\/07\/Matilde-Roque_8\u00ba-ano_Cartaz-Gesltat.001.jpg 421w, https:\/\/sigea.pt\/wp-content\/uploads\/2020\/07\/Matilde-Roque_8\u00ba-ano_Cartaz-Gesltat.001-211x300.jpg 211w\" sizes=\"(max-width: 421px) 100vw, 421px\" \/><\/figure><\/li><\/ul><\/figure>\n\n\n\n<p><\/p>","protected":false},"excerpt":{"rendered":"<p>Ao longo do 3.\u00ba per\u00edodo, a turma do 8.\u00ba ano explorou uma mat\u00e9ria muito espec\u00edfica do design gr\u00e1fico: a teoria da Gestalt. Assim, depois de se familiarizarem com os conceitos&#8230;<\/p>","protected":false},"author":2,"featured_media":0,"comment_status":"closed","ping_status":"closed","sticky":false,"template":"","format":"standard","meta":{"_acf_changed":false,"advgb_blocks_editor_width":"","advgb_blocks_columns_visual_guide":"","_joinchat":[],"footnotes":"","_links_to":"","_links_to_target":""},"categories":[10,5],"tags":[],"class_list":{"0":"post-2766","1":"post","2":"type-post","3":"status-publish","4":"format-standard","6":"category-artistas-da-pandemia","7":"category-atividades"},"acf":[],"yoast_head":"<!-- This site is optimized with the Yoast SEO plugin v26.2 - https:\/\/yoast.com\/wordpress\/plugins\/seo\/ -->\n<title>Col\u00e9gio SIGEA - Artistas da pandemia (Ed. Visual 8.\u00ba ano)<\/title>\n<meta name=\"robots\" content=\"index, follow, max-snippet:-1, max-image-preview:large, max-video-preview:-1\" \/>\n<link rel=\"canonical\" href=\"https:\/\/sigea.pt\/en\/2020\/07\/artistas-da-pandemia-ed-visual-8-o-ano\/\" \/>\n<meta property=\"og:locale\" content=\"en_GB\" \/>\n<meta property=\"og:type\" content=\"article\" \/>\n<meta property=\"og:title\" content=\"Col\u00e9gio SIGEA - Artistas da pandemia (Ed. Visual 8.\u00ba ano)\" \/>\n<meta property=\"og:description\" content=\"Ao longo do 3.\u00ba per\u00edodo, a turma do 8.\u00ba ano explorou uma mat\u00e9ria muito espec\u00edfica do design gr\u00e1fico: a teoria da Gestalt. Assim, depois de se familiarizarem com os conceitos...\" \/>\n<meta property=\"og:url\" content=\"https:\/\/sigea.pt\/en\/2020\/07\/artistas-da-pandemia-ed-visual-8-o-ano\/\" \/>\n<meta property=\"og:site_name\" content=\"Col\u00e9gio SIGEA\" \/>\n<meta property=\"article:publisher\" content=\"https:\/\/www.facebook.com\/clsigea\" \/>\n<meta property=\"article:published_time\" content=\"2020-07-07T09:00:42+00:00\" \/>\n<meta property=\"article:modified_time\" content=\"2020-07-07T09:00:45+00:00\" \/>\n<meta name=\"author\" content=\"clsigea\" \/>\n<meta name=\"twitter:card\" content=\"summary_large_image\" \/>\n<meta name=\"twitter:label1\" content=\"Written by\" \/>\n\t<meta name=\"twitter:data1\" content=\"clsigea\" \/>\n\t<meta name=\"twitter:label2\" content=\"Estimated reading time\" \/>\n\t<meta name=\"twitter:data2\" content=\"1 minute\" \/>\n<script type=\"application\/ld+json\" class=\"yoast-schema-graph\">{\"@context\":\"https:\/\/schema.org\",\"@graph\":[{\"@type\":\"Article\",\"@id\":\"https:\/\/sigea.pt\/en\/2020\/07\/artistas-da-pandemia-ed-visual-8-o-ano\/#article\",\"isPartOf\":{\"@id\":\"https:\/\/sigea.pt\/en\/2020\/07\/artistas-da-pandemia-ed-visual-8-o-ano\/\"},\"author\":{\"name\":\"clsigea\",\"@id\":\"https:\/\/sigea.pt\/#\/schema\/person\/3741f7f1e65e14f9cdacc1c4560ed0a6\"},\"headline\":\"Artistas da pandemia (Ed. Visual 8.\u00ba ano)\",\"datePublished\":\"2020-07-07T09:00:42+00:00\",\"dateModified\":\"2020-07-07T09:00:45+00:00\",\"mainEntityOfPage\":{\"@id\":\"https:\/\/sigea.pt\/en\/2020\/07\/artistas-da-pandemia-ed-visual-8-o-ano\/\"},\"wordCount\":113,\"publisher\":{\"@id\":\"https:\/\/sigea.pt\/#organization\"},\"articleSection\":[\"Artistas da pandemia\",\"Atividades\"],\"inLanguage\":\"en-GB\"},{\"@type\":\"WebPage\",\"@id\":\"https:\/\/sigea.pt\/en\/2020\/07\/artistas-da-pandemia-ed-visual-8-o-ano\/\",\"url\":\"https:\/\/sigea.pt\/en\/2020\/07\/artistas-da-pandemia-ed-visual-8-o-ano\/\",\"name\":\"Col\u00e9gio SIGEA - Artistas da pandemia (Ed. Visual 8.\u00ba ano)\",\"isPartOf\":{\"@id\":\"https:\/\/sigea.pt\/#website\"},\"datePublished\":\"2020-07-07T09:00:42+00:00\",\"dateModified\":\"2020-07-07T09:00:45+00:00\",\"breadcrumb\":{\"@id\":\"https:\/\/sigea.pt\/en\/2020\/07\/artistas-da-pandemia-ed-visual-8-o-ano\/#breadcrumb\"},\"inLanguage\":\"en-GB\",\"potentialAction\":[{\"@type\":\"ReadAction\",\"target\":[\"https:\/\/sigea.pt\/en\/2020\/07\/artistas-da-pandemia-ed-visual-8-o-ano\/\"]}]},{\"@type\":\"BreadcrumbList\",\"@id\":\"https:\/\/sigea.pt\/en\/2020\/07\/artistas-da-pandemia-ed-visual-8-o-ano\/#breadcrumb\",\"itemListElement\":[{\"@type\":\"ListItem\",\"position\":1,\"name\":\"In\u00edcio\",\"item\":\"https:\/\/sigea.pt\/\"},{\"@type\":\"ListItem\",\"position\":2,\"name\":\"Artistas da pandemia (Ed. Visual 8.\u00ba ano)\"}]},{\"@type\":\"WebSite\",\"@id\":\"https:\/\/sigea.pt\/#website\",\"url\":\"https:\/\/sigea.pt\/\",\"name\":\"Col\u00e9gio SIGEA\",\"description\":\"Educar o Futuro\",\"publisher\":{\"@id\":\"https:\/\/sigea.pt\/#organization\"},\"potentialAction\":[{\"@type\":\"SearchAction\",\"target\":{\"@type\":\"EntryPoint\",\"urlTemplate\":\"https:\/\/sigea.pt\/?s={search_term_string}\"},\"query-input\":{\"@type\":\"PropertyValueSpecification\",\"valueRequired\":true,\"valueName\":\"search_term_string\"}}],\"inLanguage\":\"en-GB\"},{\"@type\":\"Organization\",\"@id\":\"https:\/\/sigea.pt\/#organization\",\"name\":\"Col\u00e9gio Sigea\",\"url\":\"https:\/\/sigea.pt\/\",\"logo\":{\"@type\":\"ImageObject\",\"inLanguage\":\"en-GB\",\"@id\":\"https:\/\/sigea.pt\/#\/schema\/logo\/image\/\",\"url\":\"https:\/\/sigea.pt\/wp-content\/uploads\/2019\/04\/logo-blue.png\",\"contentUrl\":\"https:\/\/sigea.pt\/wp-content\/uploads\/2019\/04\/logo-blue.png\",\"width\":150,\"height\":150,\"caption\":\"Col\u00e9gio Sigea\"},\"image\":{\"@id\":\"https:\/\/sigea.pt\/#\/schema\/logo\/image\/\"},\"sameAs\":[\"https:\/\/www.facebook.com\/clsigea\"]},{\"@type\":\"Person\",\"@id\":\"https:\/\/sigea.pt\/#\/schema\/person\/3741f7f1e65e14f9cdacc1c4560ed0a6\",\"name\":\"clsigea\",\"image\":{\"@type\":\"ImageObject\",\"inLanguage\":\"en-GB\",\"@id\":\"https:\/\/sigea.pt\/#\/schema\/person\/image\/\",\"url\":\"https:\/\/secure.gravatar.com\/avatar\/bed593e8c4f7a64eadd793ee0c358183a074681ff2ab486862ba11ecac82ec5b?s=96&d=mm&r=g\",\"contentUrl\":\"https:\/\/secure.gravatar.com\/avatar\/bed593e8c4f7a64eadd793ee0c358183a074681ff2ab486862ba11ecac82ec5b?s=96&d=mm&r=g\",\"caption\":\"clsigea\"}}]}<\/script>\n<!-- \/ Yoast SEO plugin. -->","yoast_head_json":{"title":"Col\u00e9gio SIGEA - Artistas da pandemia (Ed. Visual 8.\u00ba ano)","robots":{"index":"index","follow":"follow","max-snippet":"max-snippet:-1","max-image-preview":"max-image-preview:large","max-video-preview":"max-video-preview:-1"},"canonical":"https:\/\/sigea.pt\/en\/2020\/07\/artistas-da-pandemia-ed-visual-8-o-ano\/","og_locale":"en_GB","og_type":"article","og_title":"Col\u00e9gio SIGEA - Artistas da pandemia (Ed. Visual 8.\u00ba ano)","og_description":"Ao longo do 3.\u00ba per\u00edodo, a turma do 8.\u00ba ano explorou uma mat\u00e9ria muito espec\u00edfica do design gr\u00e1fico: a teoria da Gestalt. Assim, depois de se familiarizarem com os conceitos...","og_url":"https:\/\/sigea.pt\/en\/2020\/07\/artistas-da-pandemia-ed-visual-8-o-ano\/","og_site_name":"Col\u00e9gio SIGEA","article_publisher":"https:\/\/www.facebook.com\/clsigea","article_published_time":"2020-07-07T09:00:42+00:00","article_modified_time":"2020-07-07T09:00:45+00:00","author":"clsigea","twitter_card":"summary_large_image","twitter_misc":{"Written by":"clsigea","Estimated reading time":"1 minute"},"schema":{"@context":"https:\/\/schema.org","@graph":[{"@type":"Article","@id":"https:\/\/sigea.pt\/en\/2020\/07\/artistas-da-pandemia-ed-visual-8-o-ano\/#article","isPartOf":{"@id":"https:\/\/sigea.pt\/en\/2020\/07\/artistas-da-pandemia-ed-visual-8-o-ano\/"},"author":{"name":"clsigea","@id":"https:\/\/sigea.pt\/#\/schema\/person\/3741f7f1e65e14f9cdacc1c4560ed0a6"},"headline":"Artistas da pandemia (Ed. Visual 8.\u00ba ano)","datePublished":"2020-07-07T09:00:42+00:00","dateModified":"2020-07-07T09:00:45+00:00","mainEntityOfPage":{"@id":"https:\/\/sigea.pt\/en\/2020\/07\/artistas-da-pandemia-ed-visual-8-o-ano\/"},"wordCount":113,"publisher":{"@id":"https:\/\/sigea.pt\/#organization"},"articleSection":["Artistas da pandemia","Atividades"],"inLanguage":"en-GB"},{"@type":"WebPage","@id":"https:\/\/sigea.pt\/en\/2020\/07\/artistas-da-pandemia-ed-visual-8-o-ano\/","url":"https:\/\/sigea.pt\/en\/2020\/07\/artistas-da-pandemia-ed-visual-8-o-ano\/","name":"Col\u00e9gio SIGEA - Artistas da pandemia (Ed. Visual 8.\u00ba ano)","isPartOf":{"@id":"https:\/\/sigea.pt\/#website"},"datePublished":"2020-07-07T09:00:42+00:00","dateModified":"2020-07-07T09:00:45+00:00","breadcrumb":{"@id":"https:\/\/sigea.pt\/en\/2020\/07\/artistas-da-pandemia-ed-visual-8-o-ano\/#breadcrumb"},"inLanguage":"en-GB","potentialAction":[{"@type":"ReadAction","target":["https:\/\/sigea.pt\/en\/2020\/07\/artistas-da-pandemia-ed-visual-8-o-ano\/"]}]},{"@type":"BreadcrumbList","@id":"https:\/\/sigea.pt\/en\/2020\/07\/artistas-da-pandemia-ed-visual-8-o-ano\/#breadcrumb","itemListElement":[{"@type":"ListItem","position":1,"name":"In\u00edcio","item":"https:\/\/sigea.pt\/"},{"@type":"ListItem","position":2,"name":"Artistas da pandemia (Ed. Visual 8.\u00ba ano)"}]},{"@type":"WebSite","@id":"https:\/\/sigea.pt\/#website","url":"https:\/\/sigea.pt\/","name":"Our School","description":"Educating the Future","publisher":{"@id":"https:\/\/sigea.pt\/#organization"},"potentialAction":[{"@type":"SearchAction","target":{"@type":"EntryPoint","urlTemplate":"https:\/\/sigea.pt\/?s={search_term_string}"},"query-input":{"@type":"PropertyValueSpecification","valueRequired":true,"valueName":"search_term_string"}}],"inLanguage":"en-GB"},{"@type":"Organization","@id":"https:\/\/sigea.pt\/#organization","name":"Col\u00e9gio Sigea","url":"https:\/\/sigea.pt\/","logo":{"@type":"ImageObject","inLanguage":"en-GB","@id":"https:\/\/sigea.pt\/#\/schema\/logo\/image\/","url":"https:\/\/sigea.pt\/wp-content\/uploads\/2019\/04\/logo-blue.png","contentUrl":"https:\/\/sigea.pt\/wp-content\/uploads\/2019\/04\/logo-blue.png","width":150,"height":150,"caption":"Col\u00e9gio Sigea"},"image":{"@id":"https:\/\/sigea.pt\/#\/schema\/logo\/image\/"},"sameAs":["https:\/\/www.facebook.com\/clsigea"]},{"@type":"Person","@id":"https:\/\/sigea.pt\/#\/schema\/person\/3741f7f1e65e14f9cdacc1c4560ed0a6","name":"clsigea","image":{"@type":"ImageObject","inLanguage":"en-GB","@id":"https:\/\/sigea.pt\/#\/schema\/person\/image\/","url":"https:\/\/secure.gravatar.com\/avatar\/bed593e8c4f7a64eadd793ee0c358183a074681ff2ab486862ba11ecac82ec5b?s=96&d=mm&r=g","contentUrl":"https:\/\/secure.gravatar.com\/avatar\/bed593e8c4f7a64eadd793ee0c358183a074681ff2ab486862ba11ecac82ec5b?s=96&d=mm&r=g","caption":"clsigea"}}]}},"author_meta":{"display_name":"clsigea","author_link":"https:\/\/sigea.pt\/en\/author\/clsigea\/"},"featured_img":null,"coauthors":[],"tax_additional":{"categories":{"linked":["<a href=\"https:\/\/sigea.pt\/en\/category\/artistas-da-pandemia\/\" class=\"advgb-post-tax-term\">Artistas da pandemia<\/a>","<a href=\"https:\/\/sigea.pt\/en\/category\/atividades\/\" class=\"advgb-post-tax-term\">Atividades<\/a>"],"unlinked":["<span class=\"advgb-post-tax-term\">Artistas da pandemia<\/span>","<span class=\"advgb-post-tax-term\">Atividades<\/span>"]}},"comment_count":"0","relative_dates":{"created":"Posted 6 years ago","modified":"Updated 6 years ago"},"absolute_dates":{"created":"Posted on 07\/07\/2020","modified":"Updated on 07\/07\/2020"},"absolute_dates_time":{"created":"Posted on 07\/07\/2020 9:00","modified":"Updated on 07\/07\/2020 9:00"},"featured_img_caption":"","series_order":"","_links":{"self":[{"href":"https:\/\/sigea.pt\/en\/wp-json\/wp\/v2\/posts\/2766","targetHints":{"allow":["GET"]}}],"collection":[{"href":"https:\/\/sigea.pt\/en\/wp-json\/wp\/v2\/posts"}],"about":[{"href":"https:\/\/sigea.pt\/en\/wp-json\/wp\/v2\/types\/post"}],"author":[{"embeddable":true,"href":"https:\/\/sigea.pt\/en\/wp-json\/wp\/v2\/users\/2"}],"replies":[{"embeddable":true,"href":"https:\/\/sigea.pt\/en\/wp-json\/wp\/v2\/comments?post=2766"}],"version-history":[{"count":0,"href":"https:\/\/sigea.pt\/en\/wp-json\/wp\/v2\/posts\/2766\/revisions"}],"wp:attachment":[{"href":"https:\/\/sigea.pt\/en\/wp-json\/wp\/v2\/media?parent=2766"}],"wp:term":[{"taxonomy":"category","embeddable":true,"href":"https:\/\/sigea.pt\/en\/wp-json\/wp\/v2\/categories?post=2766"},{"taxonomy":"post_tag","embeddable":true,"href":"https:\/\/sigea.pt\/en\/wp-json\/wp\/v2\/tags?post=2766"}],"curies":[{"name":"wp","href":"https:\/\/api.w.org\/{rel}","templated":true}]}}