{"id":2739,"date":"2020-07-07T08:53:27","date_gmt":"2020-07-07T08:53:27","guid":{"rendered":"https:\/\/sigea.pt\/?p=2739"},"modified":"2020-07-07T08:53:36","modified_gmt":"2020-07-07T08:53:36","slug":"artistas-da-pandemia-ed-visual-7-o-ano","status":"publish","type":"post","link":"https:\/\/sigea.pt\/en\/2020\/07\/artistas-da-pandemia-ed-visual-7-o-ano\/","title":{"rendered":"Artistas da pandemia (Ed. Visual 7.\u00ba ano)"},"content":{"rendered":"<p>Ao longo do 3.\u00ba per\u00edodo, a turma do <strong>7.\u00ba<\/strong> ano explorou uma dimens\u00e3o gr\u00e1fica da disciplina de Educa\u00e7\u00e3o Visual, aprofundando a import\u00e2ncia da ideia de projeto na cria\u00e7\u00e3o de um trabalho coeso e consistente. Assim, tiveram de criar sinais informativos de s\u00edtios nunca antes sinalizados, onde tiveram de aliar a uma componente mais t\u00e9cnica, uma componente criativa, a partir da cria\u00e7\u00e3o de pictogramas informativos.<\/p>\n\n\n\n<figure class=\"wp-block-gallery columns-3 is-cropped wp-block-gallery-1\"><ul class=\"blocks-gallery-grid\"><li class=\"blocks-gallery-item\"><figure><img fetchpriority=\"high\" decoding=\"async\" width=\"800\" height=\"498\" src=\"https:\/\/sigea.pt\/wp-content\/uploads\/2020\/07\/Afonso-Major_7\u00ba-ano_Sinais-Informativos.jpg\" alt=\"\" data-id=\"2740\" data-full-url=\"https:\/\/sigea.pt\/wp-content\/uploads\/2020\/07\/Afonso-Major_7\u00ba-ano_Sinais-Informativos.jpg\" data-link=\"https:\/\/sigea.pt\/?attachment_id=2740\" class=\"wp-image-2740\" srcset=\"https:\/\/sigea.pt\/wp-content\/uploads\/2020\/07\/Afonso-Major_7\u00ba-ano_Sinais-Informativos.jpg 800w, https:\/\/sigea.pt\/wp-content\/uploads\/2020\/07\/Afonso-Major_7\u00ba-ano_Sinais-Informativos-300x187.jpg 300w, https:\/\/sigea.pt\/wp-content\/uploads\/2020\/07\/Afonso-Major_7\u00ba-ano_Sinais-Informativos-768x478.jpg 768w, https:\/\/sigea.pt\/wp-content\/uploads\/2020\/07\/Afonso-Major_7\u00ba-ano_Sinais-Informativos-500x311.jpg 500w\" sizes=\"(max-width: 800px) 100vw, 800px\" \/><\/figure><\/li><li class=\"blocks-gallery-item\"><figure><img decoding=\"async\" width=\"800\" height=\"557\" src=\"https:\/\/sigea.pt\/wp-content\/uploads\/2020\/07\/Andre\u0301-Cascalheira_7\u00ba-ano_Sinais-Informativos.jpg\" alt=\"\" data-id=\"2741\" data-full-url=\"https:\/\/sigea.pt\/wp-content\/uploads\/2020\/07\/Andre\u0301-Cascalheira_7\u00ba-ano_Sinais-Informativos.jpg\" data-link=\"https:\/\/sigea.pt\/?attachment_id=2741\" class=\"wp-image-2741\" srcset=\"https:\/\/sigea.pt\/wp-content\/uploads\/2020\/07\/Andre\u0301-Cascalheira_7\u00ba-ano_Sinais-Informativos.jpg 800w, https:\/\/sigea.pt\/wp-content\/uploads\/2020\/07\/Andre\u0301-Cascalheira_7\u00ba-ano_Sinais-Informativos-300x209.jpg 300w, https:\/\/sigea.pt\/wp-content\/uploads\/2020\/07\/Andre\u0301-Cascalheira_7\u00ba-ano_Sinais-Informativos-768x535.jpg 768w, https:\/\/sigea.pt\/wp-content\/uploads\/2020\/07\/Andre\u0301-Cascalheira_7\u00ba-ano_Sinais-Informativos-500x348.jpg 500w\" sizes=\"(max-width: 800px) 100vw, 800px\" \/><figcaption class=\"blocks-gallery-item__caption\">smart<\/figcaption><\/figure><\/li><li class=\"blocks-gallery-item\"><figure><img decoding=\"async\" width=\"800\" height=\"550\" src=\"https:\/\/sigea.pt\/wp-content\/uploads\/2020\/07\/Beatriz-Dias_7\u00ba-ano_Sinais-Informativos.jpg\" alt=\"\" data-id=\"2742\" data-full-url=\"https:\/\/sigea.pt\/wp-content\/uploads\/2020\/07\/Beatriz-Dias_7\u00ba-ano_Sinais-Informativos.jpg\" data-link=\"https:\/\/sigea.pt\/?attachment_id=2742\" class=\"wp-image-2742\" srcset=\"https:\/\/sigea.pt\/wp-content\/uploads\/2020\/07\/Beatriz-Dias_7\u00ba-ano_Sinais-Informativos.jpg 800w, https:\/\/sigea.pt\/wp-content\/uploads\/2020\/07\/Beatriz-Dias_7\u00ba-ano_Sinais-Informativos-300x206.jpg 300w, https:\/\/sigea.pt\/wp-content\/uploads\/2020\/07\/Beatriz-Dias_7\u00ba-ano_Sinais-Informativos-768x528.jpg 768w, https:\/\/sigea.pt\/wp-content\/uploads\/2020\/07\/Beatriz-Dias_7\u00ba-ano_Sinais-Informativos-500x344.jpg 500w\" sizes=\"(max-width: 800px) 100vw, 800px\" \/><\/figure><\/li><li class=\"blocks-gallery-item\"><figure><img loading=\"lazy\" decoding=\"async\" width=\"800\" height=\"580\" src=\"https:\/\/sigea.pt\/wp-content\/uploads\/2020\/07\/Benjamim-Ascenso_7\u00ba-ano_Sinais-Informativos.jpg\" alt=\"\" data-id=\"2743\" data-full-url=\"https:\/\/sigea.pt\/wp-content\/uploads\/2020\/07\/Benjamim-Ascenso_7\u00ba-ano_Sinais-Informativos.jpg\" data-link=\"https:\/\/sigea.pt\/?attachment_id=2743\" class=\"wp-image-2743\" srcset=\"https:\/\/sigea.pt\/wp-content\/uploads\/2020\/07\/Benjamim-Ascenso_7\u00ba-ano_Sinais-Informativos.jpg 800w, https:\/\/sigea.pt\/wp-content\/uploads\/2020\/07\/Benjamim-Ascenso_7\u00ba-ano_Sinais-Informativos-300x218.jpg 300w, https:\/\/sigea.pt\/wp-content\/uploads\/2020\/07\/Benjamim-Ascenso_7\u00ba-ano_Sinais-Informativos-768x557.jpg 768w, https:\/\/sigea.pt\/wp-content\/uploads\/2020\/07\/Benjamim-Ascenso_7\u00ba-ano_Sinais-Informativos-500x363.jpg 500w\" sizes=\"(max-width: 800px) 100vw, 800px\" \/><\/figure><\/li><li class=\"blocks-gallery-item\"><figure><img loading=\"lazy\" decoding=\"async\" width=\"800\" height=\"557\" src=\"https:\/\/sigea.pt\/wp-content\/uploads\/2020\/07\/Enzo-Pellicano_7\u00ba-ano_Sinais-Informativos.jpg\" alt=\"\" data-id=\"2744\" data-full-url=\"https:\/\/sigea.pt\/wp-content\/uploads\/2020\/07\/Enzo-Pellicano_7\u00ba-ano_Sinais-Informativos.jpg\" data-link=\"https:\/\/sigea.pt\/?attachment_id=2744\" class=\"wp-image-2744\" srcset=\"https:\/\/sigea.pt\/wp-content\/uploads\/2020\/07\/Enzo-Pellicano_7\u00ba-ano_Sinais-Informativos.jpg 800w, https:\/\/sigea.pt\/wp-content\/uploads\/2020\/07\/Enzo-Pellicano_7\u00ba-ano_Sinais-Informativos-300x209.jpg 300w, https:\/\/sigea.pt\/wp-content\/uploads\/2020\/07\/Enzo-Pellicano_7\u00ba-ano_Sinais-Informativos-768x535.jpg 768w, https:\/\/sigea.pt\/wp-content\/uploads\/2020\/07\/Enzo-Pellicano_7\u00ba-ano_Sinais-Informativos-500x348.jpg 500w\" sizes=\"(max-width: 800px) 100vw, 800px\" \/><\/figure><\/li><li class=\"blocks-gallery-item\"><figure><img loading=\"lazy\" decoding=\"async\" width=\"800\" height=\"563\" src=\"https:\/\/sigea.pt\/wp-content\/uploads\/2020\/07\/Francisco-Geraldes_7\u00ba-ano_Sinais-Informativos.jpg\" alt=\"\" data-id=\"2745\" data-full-url=\"https:\/\/sigea.pt\/wp-content\/uploads\/2020\/07\/Francisco-Geraldes_7\u00ba-ano_Sinais-Informativos.jpg\" data-link=\"https:\/\/sigea.pt\/?attachment_id=2745\" class=\"wp-image-2745\" srcset=\"https:\/\/sigea.pt\/wp-content\/uploads\/2020\/07\/Francisco-Geraldes_7\u00ba-ano_Sinais-Informativos.jpg 800w, https:\/\/sigea.pt\/wp-content\/uploads\/2020\/07\/Francisco-Geraldes_7\u00ba-ano_Sinais-Informativos-300x211.jpg 300w, https:\/\/sigea.pt\/wp-content\/uploads\/2020\/07\/Francisco-Geraldes_7\u00ba-ano_Sinais-Informativos-768x540.jpg 768w, https:\/\/sigea.pt\/wp-content\/uploads\/2020\/07\/Francisco-Geraldes_7\u00ba-ano_Sinais-Informativos-500x352.jpg 500w\" sizes=\"(max-width: 800px) 100vw, 800px\" \/><\/figure><\/li><li class=\"blocks-gallery-item\"><figure><img loading=\"lazy\" decoding=\"async\" width=\"1024\" height=\"721\" src=\"https:\/\/sigea.pt\/wp-content\/uploads\/2020\/07\/Francisco-Geraldes_7\u00ba-ano_Sinais-Informativos-1024x721.png\" alt=\"\" data-id=\"2746\" data-full-url=\"https:\/\/sigea.pt\/wp-content\/uploads\/2020\/07\/Francisco-Geraldes_7\u00ba-ano_Sinais-Informativos.png\" data-link=\"https:\/\/sigea.pt\/?attachment_id=2746\" class=\"wp-image-2746\" srcset=\"https:\/\/sigea.pt\/wp-content\/uploads\/2020\/07\/Francisco-Geraldes_7\u00ba-ano_Sinais-Informativos-1024x721.png 1024w, https:\/\/sigea.pt\/wp-content\/uploads\/2020\/07\/Francisco-Geraldes_7\u00ba-ano_Sinais-Informativos-300x211.png 300w, https:\/\/sigea.pt\/wp-content\/uploads\/2020\/07\/Francisco-Geraldes_7\u00ba-ano_Sinais-Informativos-768x541.png 768w, https:\/\/sigea.pt\/wp-content\/uploads\/2020\/07\/Francisco-Geraldes_7\u00ba-ano_Sinais-Informativos-1536x1081.png 1536w, https:\/\/sigea.pt\/wp-content\/uploads\/2020\/07\/Francisco-Geraldes_7\u00ba-ano_Sinais-Informativos-2048x1442.png 2048w, https:\/\/sigea.pt\/wp-content\/uploads\/2020\/07\/Francisco-Geraldes_7\u00ba-ano_Sinais-Informativos-500x352.png 500w\" sizes=\"(max-width: 1024px) 100vw, 1024px\" \/><\/figure><\/li><li class=\"blocks-gallery-item\"><figure><img loading=\"lazy\" decoding=\"async\" width=\"800\" height=\"566\" src=\"https:\/\/sigea.pt\/wp-content\/uploads\/2020\/07\/Gonc\u0327alo-Figueiredo_7\u00ba-ano_Sinais-Informativos.jpg\" alt=\"\" data-id=\"2747\" data-full-url=\"https:\/\/sigea.pt\/wp-content\/uploads\/2020\/07\/Gonc\u0327alo-Figueiredo_7\u00ba-ano_Sinais-Informativos.jpg\" data-link=\"https:\/\/sigea.pt\/?attachment_id=2747\" class=\"wp-image-2747\" srcset=\"https:\/\/sigea.pt\/wp-content\/uploads\/2020\/07\/Gonc\u0327alo-Figueiredo_7\u00ba-ano_Sinais-Informativos.jpg 800w, https:\/\/sigea.pt\/wp-content\/uploads\/2020\/07\/Gonc\u0327alo-Figueiredo_7\u00ba-ano_Sinais-Informativos-300x212.jpg 300w, https:\/\/sigea.pt\/wp-content\/uploads\/2020\/07\/Gonc\u0327alo-Figueiredo_7\u00ba-ano_Sinais-Informativos-768x543.jpg 768w, https:\/\/sigea.pt\/wp-content\/uploads\/2020\/07\/Gonc\u0327alo-Figueiredo_7\u00ba-ano_Sinais-Informativos-500x354.jpg 500w\" sizes=\"(max-width: 800px) 100vw, 800px\" \/><\/figure><\/li><li class=\"blocks-gallery-item\"><figure><img loading=\"lazy\" decoding=\"async\" width=\"800\" height=\"566\" src=\"https:\/\/sigea.pt\/wp-content\/uploads\/2020\/07\/Henrique-Teles_7\u00ba-ano_Sinais-informativos.jpg\" alt=\"\" data-id=\"2748\" data-full-url=\"https:\/\/sigea.pt\/wp-content\/uploads\/2020\/07\/Henrique-Teles_7\u00ba-ano_Sinais-informativos.jpg\" data-link=\"https:\/\/sigea.pt\/?attachment_id=2748\" class=\"wp-image-2748\" srcset=\"https:\/\/sigea.pt\/wp-content\/uploads\/2020\/07\/Henrique-Teles_7\u00ba-ano_Sinais-informativos.jpg 800w, https:\/\/sigea.pt\/wp-content\/uploads\/2020\/07\/Henrique-Teles_7\u00ba-ano_Sinais-informativos-300x212.jpg 300w, https:\/\/sigea.pt\/wp-content\/uploads\/2020\/07\/Henrique-Teles_7\u00ba-ano_Sinais-informativos-768x543.jpg 768w, https:\/\/sigea.pt\/wp-content\/uploads\/2020\/07\/Henrique-Teles_7\u00ba-ano_Sinais-informativos-500x354.jpg 500w\" sizes=\"(max-width: 800px) 100vw, 800px\" \/><\/figure><\/li><li class=\"blocks-gallery-item\"><figure><img loading=\"lazy\" decoding=\"async\" width=\"800\" height=\"555\" src=\"https:\/\/sigea.pt\/wp-content\/uploads\/2020\/07\/Jose\u0301-Geraldes_7\u00ba-ano_Sinais-Informativos.jpg\" alt=\"\" data-id=\"2749\" data-full-url=\"https:\/\/sigea.pt\/wp-content\/uploads\/2020\/07\/Jose\u0301-Geraldes_7\u00ba-ano_Sinais-Informativos.jpg\" data-link=\"https:\/\/sigea.pt\/?attachment_id=2749\" class=\"wp-image-2749\" srcset=\"https:\/\/sigea.pt\/wp-content\/uploads\/2020\/07\/Jose\u0301-Geraldes_7\u00ba-ano_Sinais-Informativos.jpg 800w, https:\/\/sigea.pt\/wp-content\/uploads\/2020\/07\/Jose\u0301-Geraldes_7\u00ba-ano_Sinais-Informativos-300x208.jpg 300w, https:\/\/sigea.pt\/wp-content\/uploads\/2020\/07\/Jose\u0301-Geraldes_7\u00ba-ano_Sinais-Informativos-768x533.jpg 768w, https:\/\/sigea.pt\/wp-content\/uploads\/2020\/07\/Jose\u0301-Geraldes_7\u00ba-ano_Sinais-Informativos-500x347.jpg 500w\" sizes=\"(max-width: 800px) 100vw, 800px\" \/><\/figure><\/li><li class=\"blocks-gallery-item\"><figure><img loading=\"lazy\" decoding=\"async\" width=\"800\" height=\"539\" src=\"https:\/\/sigea.pt\/wp-content\/uploads\/2020\/07\/Leonor-Branda\u0303o_7\u00ba-ano_Sinais-Informativos.jpg\" alt=\"\" data-id=\"2750\" data-full-url=\"https:\/\/sigea.pt\/wp-content\/uploads\/2020\/07\/Leonor-Branda\u0303o_7\u00ba-ano_Sinais-Informativos.jpg\" data-link=\"https:\/\/sigea.pt\/?attachment_id=2750\" class=\"wp-image-2750\" srcset=\"https:\/\/sigea.pt\/wp-content\/uploads\/2020\/07\/Leonor-Branda\u0303o_7\u00ba-ano_Sinais-Informativos.jpg 800w, https:\/\/sigea.pt\/wp-content\/uploads\/2020\/07\/Leonor-Branda\u0303o_7\u00ba-ano_Sinais-Informativos-300x202.jpg 300w, https:\/\/sigea.pt\/wp-content\/uploads\/2020\/07\/Leonor-Branda\u0303o_7\u00ba-ano_Sinais-Informativos-768x517.jpg 768w, https:\/\/sigea.pt\/wp-content\/uploads\/2020\/07\/Leonor-Branda\u0303o_7\u00ba-ano_Sinais-Informativos-500x337.jpg 500w, https:\/\/sigea.pt\/wp-content\/uploads\/2020\/07\/Leonor-Branda\u0303o_7\u00ba-ano_Sinais-Informativos-600x403.jpg 600w, https:\/\/sigea.pt\/wp-content\/uploads\/2020\/07\/Leonor-Branda\u0303o_7\u00ba-ano_Sinais-Informativos-400x269.jpg 400w\" sizes=\"(max-width: 800px) 100vw, 800px\" \/><\/figure><\/li><li class=\"blocks-gallery-item\"><figure><img loading=\"lazy\" decoding=\"async\" width=\"800\" height=\"573\" src=\"https:\/\/sigea.pt\/wp-content\/uploads\/2020\/07\/Madalena-Duarte_7\u00ba-ano_Sinais-Informativos.jpg\" alt=\"\" data-id=\"2751\" data-full-url=\"https:\/\/sigea.pt\/wp-content\/uploads\/2020\/07\/Madalena-Duarte_7\u00ba-ano_Sinais-Informativos.jpg\" data-link=\"https:\/\/sigea.pt\/?attachment_id=2751\" class=\"wp-image-2751\" srcset=\"https:\/\/sigea.pt\/wp-content\/uploads\/2020\/07\/Madalena-Duarte_7\u00ba-ano_Sinais-Informativos.jpg 800w, https:\/\/sigea.pt\/wp-content\/uploads\/2020\/07\/Madalena-Duarte_7\u00ba-ano_Sinais-Informativos-300x215.jpg 300w, https:\/\/sigea.pt\/wp-content\/uploads\/2020\/07\/Madalena-Duarte_7\u00ba-ano_Sinais-Informativos-768x550.jpg 768w, https:\/\/sigea.pt\/wp-content\/uploads\/2020\/07\/Madalena-Duarte_7\u00ba-ano_Sinais-Informativos-500x358.jpg 500w\" sizes=\"(max-width: 800px) 100vw, 800px\" \/><\/figure><\/li><li class=\"blocks-gallery-item\"><figure><img loading=\"lazy\" decoding=\"async\" width=\"800\" height=\"443\" src=\"https:\/\/sigea.pt\/wp-content\/uploads\/2020\/07\/Madalena-Lima_7\u00ba-ano_Sinais-Informativos.jpg\" alt=\"\" data-id=\"2752\" data-full-url=\"https:\/\/sigea.pt\/wp-content\/uploads\/2020\/07\/Madalena-Lima_7\u00ba-ano_Sinais-Informativos.jpg\" data-link=\"https:\/\/sigea.pt\/?attachment_id=2752\" class=\"wp-image-2752\" srcset=\"https:\/\/sigea.pt\/wp-content\/uploads\/2020\/07\/Madalena-Lima_7\u00ba-ano_Sinais-Informativos.jpg 800w, https:\/\/sigea.pt\/wp-content\/uploads\/2020\/07\/Madalena-Lima_7\u00ba-ano_Sinais-Informativos-300x166.jpg 300w, https:\/\/sigea.pt\/wp-content\/uploads\/2020\/07\/Madalena-Lima_7\u00ba-ano_Sinais-Informativos-768x425.jpg 768w, https:\/\/sigea.pt\/wp-content\/uploads\/2020\/07\/Madalena-Lima_7\u00ba-ano_Sinais-Informativos-500x277.jpg 500w\" sizes=\"(max-width: 800px) 100vw, 800px\" \/><\/figure><\/li><li class=\"blocks-gallery-item\"><figure><img loading=\"lazy\" decoding=\"async\" width=\"800\" height=\"578\" src=\"https:\/\/sigea.pt\/wp-content\/uploads\/2020\/07\/Madalena-Marques_7\u00ba-ano_Sinais-informativos.jpg\" alt=\"\" data-id=\"2753\" data-full-url=\"https:\/\/sigea.pt\/wp-content\/uploads\/2020\/07\/Madalena-Marques_7\u00ba-ano_Sinais-informativos.jpg\" data-link=\"https:\/\/sigea.pt\/?attachment_id=2753\" class=\"wp-image-2753\" srcset=\"https:\/\/sigea.pt\/wp-content\/uploads\/2020\/07\/Madalena-Marques_7\u00ba-ano_Sinais-informativos.jpg 800w, https:\/\/sigea.pt\/wp-content\/uploads\/2020\/07\/Madalena-Marques_7\u00ba-ano_Sinais-informativos-300x217.jpg 300w, https:\/\/sigea.pt\/wp-content\/uploads\/2020\/07\/Madalena-Marques_7\u00ba-ano_Sinais-informativos-768x555.jpg 768w, https:\/\/sigea.pt\/wp-content\/uploads\/2020\/07\/Madalena-Marques_7\u00ba-ano_Sinais-informativos-500x361.jpg 500w\" sizes=\"(max-width: 800px) 100vw, 800px\" \/><\/figure><\/li><li class=\"blocks-gallery-item\"><figure><img loading=\"lazy\" decoding=\"async\" width=\"800\" height=\"575\" src=\"https:\/\/sigea.pt\/wp-content\/uploads\/2020\/07\/Manuel-Antunes_7\u00ba-ano_Sinais-Informativos.jpg\" alt=\"\" data-id=\"2754\" data-full-url=\"https:\/\/sigea.pt\/wp-content\/uploads\/2020\/07\/Manuel-Antunes_7\u00ba-ano_Sinais-Informativos.jpg\" data-link=\"https:\/\/sigea.pt\/?attachment_id=2754\" class=\"wp-image-2754\" srcset=\"https:\/\/sigea.pt\/wp-content\/uploads\/2020\/07\/Manuel-Antunes_7\u00ba-ano_Sinais-Informativos.jpg 800w, https:\/\/sigea.pt\/wp-content\/uploads\/2020\/07\/Manuel-Antunes_7\u00ba-ano_Sinais-Informativos-300x216.jpg 300w, https:\/\/sigea.pt\/wp-content\/uploads\/2020\/07\/Manuel-Antunes_7\u00ba-ano_Sinais-Informativos-768x552.jpg 768w, https:\/\/sigea.pt\/wp-content\/uploads\/2020\/07\/Manuel-Antunes_7\u00ba-ano_Sinais-Informativos-500x359.jpg 500w\" sizes=\"(max-width: 800px) 100vw, 800px\" \/><\/figure><\/li><li class=\"blocks-gallery-item\"><figure><img loading=\"lazy\" decoding=\"async\" width=\"800\" height=\"551\" src=\"https:\/\/sigea.pt\/wp-content\/uploads\/2020\/07\/Margarida-Miguel_7\u00ba-ano_sinais-informativos.jpg\" alt=\"\" data-id=\"2755\" data-full-url=\"https:\/\/sigea.pt\/wp-content\/uploads\/2020\/07\/Margarida-Miguel_7\u00ba-ano_sinais-informativos.jpg\" data-link=\"https:\/\/sigea.pt\/?attachment_id=2755\" class=\"wp-image-2755\" srcset=\"https:\/\/sigea.pt\/wp-content\/uploads\/2020\/07\/Margarida-Miguel_7\u00ba-ano_sinais-informativos.jpg 800w, https:\/\/sigea.pt\/wp-content\/uploads\/2020\/07\/Margarida-Miguel_7\u00ba-ano_sinais-informativos-300x207.jpg 300w, https:\/\/sigea.pt\/wp-content\/uploads\/2020\/07\/Margarida-Miguel_7\u00ba-ano_sinais-informativos-768x529.jpg 768w, https:\/\/sigea.pt\/wp-content\/uploads\/2020\/07\/Margarida-Miguel_7\u00ba-ano_sinais-informativos-500x344.jpg 500w\" sizes=\"(max-width: 800px) 100vw, 800px\" \/><\/figure><\/li><li class=\"blocks-gallery-item\"><figure><img loading=\"lazy\" decoding=\"async\" width=\"800\" height=\"565\" src=\"https:\/\/sigea.pt\/wp-content\/uploads\/2020\/07\/Maria-Mesquita_7\u00ba-ano_Sinais-Informativos.jpg\" alt=\"\" data-id=\"2756\" data-full-url=\"https:\/\/sigea.pt\/wp-content\/uploads\/2020\/07\/Maria-Mesquita_7\u00ba-ano_Sinais-Informativos.jpg\" data-link=\"https:\/\/sigea.pt\/?attachment_id=2756\" class=\"wp-image-2756\" srcset=\"https:\/\/sigea.pt\/wp-content\/uploads\/2020\/07\/Maria-Mesquita_7\u00ba-ano_Sinais-Informativos.jpg 800w, https:\/\/sigea.pt\/wp-content\/uploads\/2020\/07\/Maria-Mesquita_7\u00ba-ano_Sinais-Informativos-300x212.jpg 300w, https:\/\/sigea.pt\/wp-content\/uploads\/2020\/07\/Maria-Mesquita_7\u00ba-ano_Sinais-Informativos-768x542.jpg 768w, https:\/\/sigea.pt\/wp-content\/uploads\/2020\/07\/Maria-Mesquita_7\u00ba-ano_Sinais-Informativos-500x353.jpg 500w\" sizes=\"(max-width: 800px) 100vw, 800px\" \/><\/figure><\/li><li class=\"blocks-gallery-item\"><figure><img loading=\"lazy\" decoding=\"async\" width=\"800\" height=\"579\" src=\"https:\/\/sigea.pt\/wp-content\/uploads\/2020\/07\/Maria-Simo\u0303es_7\u00ba-ano_Sinais-informativos-2.jpg\" alt=\"\" data-id=\"2757\" data-full-url=\"https:\/\/sigea.pt\/wp-content\/uploads\/2020\/07\/Maria-Simo\u0303es_7\u00ba-ano_Sinais-informativos-2.jpg\" data-link=\"https:\/\/sigea.pt\/?attachment_id=2757\" class=\"wp-image-2757\" srcset=\"https:\/\/sigea.pt\/wp-content\/uploads\/2020\/07\/Maria-Simo\u0303es_7\u00ba-ano_Sinais-informativos-2.jpg 800w, https:\/\/sigea.pt\/wp-content\/uploads\/2020\/07\/Maria-Simo\u0303es_7\u00ba-ano_Sinais-informativos-2-300x217.jpg 300w, https:\/\/sigea.pt\/wp-content\/uploads\/2020\/07\/Maria-Simo\u0303es_7\u00ba-ano_Sinais-informativos-2-768x556.jpg 768w, https:\/\/sigea.pt\/wp-content\/uploads\/2020\/07\/Maria-Simo\u0303es_7\u00ba-ano_Sinais-informativos-2-500x362.jpg 500w\" sizes=\"(max-width: 800px) 100vw, 800px\" \/><\/figure><\/li><li class=\"blocks-gallery-item\"><figure><img loading=\"lazy\" decoding=\"async\" width=\"800\" height=\"579\" src=\"https:\/\/sigea.pt\/wp-content\/uploads\/2020\/07\/Maria-Simo\u0303es_7\u00ba-ano_Sinais-informativos.jpg\" alt=\"\" data-id=\"2758\" data-full-url=\"https:\/\/sigea.pt\/wp-content\/uploads\/2020\/07\/Maria-Simo\u0303es_7\u00ba-ano_Sinais-informativos.jpg\" data-link=\"https:\/\/sigea.pt\/?attachment_id=2758\" class=\"wp-image-2758\" srcset=\"https:\/\/sigea.pt\/wp-content\/uploads\/2020\/07\/Maria-Simo\u0303es_7\u00ba-ano_Sinais-informativos.jpg 800w, https:\/\/sigea.pt\/wp-content\/uploads\/2020\/07\/Maria-Simo\u0303es_7\u00ba-ano_Sinais-informativos-300x217.jpg 300w, https:\/\/sigea.pt\/wp-content\/uploads\/2020\/07\/Maria-Simo\u0303es_7\u00ba-ano_Sinais-informativos-768x556.jpg 768w, https:\/\/sigea.pt\/wp-content\/uploads\/2020\/07\/Maria-Simo\u0303es_7\u00ba-ano_Sinais-informativos-500x362.jpg 500w\" sizes=\"(max-width: 800px) 100vw, 800px\" \/><\/figure><\/li><li class=\"blocks-gallery-item\"><figure><img loading=\"lazy\" decoding=\"async\" width=\"800\" height=\"562\" src=\"https:\/\/sigea.pt\/wp-content\/uploads\/2020\/07\/Matilde-Ferreira_7\u00ba-ano_Sinais-Informativos-2.jpg\" alt=\"\" data-id=\"2759\" data-full-url=\"https:\/\/sigea.pt\/wp-content\/uploads\/2020\/07\/Matilde-Ferreira_7\u00ba-ano_Sinais-Informativos-2.jpg\" data-link=\"https:\/\/sigea.pt\/?attachment_id=2759\" class=\"wp-image-2759\" srcset=\"https:\/\/sigea.pt\/wp-content\/uploads\/2020\/07\/Matilde-Ferreira_7\u00ba-ano_Sinais-Informativos-2.jpg 800w, https:\/\/sigea.pt\/wp-content\/uploads\/2020\/07\/Matilde-Ferreira_7\u00ba-ano_Sinais-Informativos-2-300x211.jpg 300w, https:\/\/sigea.pt\/wp-content\/uploads\/2020\/07\/Matilde-Ferreira_7\u00ba-ano_Sinais-Informativos-2-768x540.jpg 768w, https:\/\/sigea.pt\/wp-content\/uploads\/2020\/07\/Matilde-Ferreira_7\u00ba-ano_Sinais-Informativos-2-500x351.jpg 500w\" sizes=\"(max-width: 800px) 100vw, 800px\" \/><\/figure><\/li><li class=\"blocks-gallery-item\"><figure><img loading=\"lazy\" decoding=\"async\" width=\"800\" height=\"562\" src=\"https:\/\/sigea.pt\/wp-content\/uploads\/2020\/07\/Matilde-Ferreira_7\u00ba-ano_Sinais-Informativos.jpg\" alt=\"\" data-id=\"2760\" data-full-url=\"https:\/\/sigea.pt\/wp-content\/uploads\/2020\/07\/Matilde-Ferreira_7\u00ba-ano_Sinais-Informativos.jpg\" data-link=\"https:\/\/sigea.pt\/?attachment_id=2760\" class=\"wp-image-2760\" srcset=\"https:\/\/sigea.pt\/wp-content\/uploads\/2020\/07\/Matilde-Ferreira_7\u00ba-ano_Sinais-Informativos.jpg 800w, https:\/\/sigea.pt\/wp-content\/uploads\/2020\/07\/Matilde-Ferreira_7\u00ba-ano_Sinais-Informativos-300x211.jpg 300w, https:\/\/sigea.pt\/wp-content\/uploads\/2020\/07\/Matilde-Ferreira_7\u00ba-ano_Sinais-Informativos-768x540.jpg 768w, https:\/\/sigea.pt\/wp-content\/uploads\/2020\/07\/Matilde-Ferreira_7\u00ba-ano_Sinais-Informativos-500x351.jpg 500w\" sizes=\"(max-width: 800px) 100vw, 800px\" \/><\/figure><\/li><li class=\"blocks-gallery-item\"><figure><img loading=\"lazy\" decoding=\"async\" width=\"800\" height=\"561\" src=\"https:\/\/sigea.pt\/wp-content\/uploads\/2020\/07\/Matilde-Tome\u0301_7\u00ba-ano_Sinais-Informativos.jpg\" alt=\"\" data-id=\"2761\" data-full-url=\"https:\/\/sigea.pt\/wp-content\/uploads\/2020\/07\/Matilde-Tome\u0301_7\u00ba-ano_Sinais-Informativos.jpg\" data-link=\"https:\/\/sigea.pt\/?attachment_id=2761\" class=\"wp-image-2761\" srcset=\"https:\/\/sigea.pt\/wp-content\/uploads\/2020\/07\/Matilde-Tome\u0301_7\u00ba-ano_Sinais-Informativos.jpg 800w, https:\/\/sigea.pt\/wp-content\/uploads\/2020\/07\/Matilde-Tome\u0301_7\u00ba-ano_Sinais-Informativos-300x210.jpg 300w, https:\/\/sigea.pt\/wp-content\/uploads\/2020\/07\/Matilde-Tome\u0301_7\u00ba-ano_Sinais-Informativos-768x539.jpg 768w, https:\/\/sigea.pt\/wp-content\/uploads\/2020\/07\/Matilde-Tome\u0301_7\u00ba-ano_Sinais-Informativos-500x351.jpg 500w\" sizes=\"(max-width: 800px) 100vw, 800px\" \/><\/figure><\/li><li class=\"blocks-gallery-item\"><figure><img loading=\"lazy\" decoding=\"async\" width=\"800\" height=\"557\" src=\"https:\/\/sigea.pt\/wp-content\/uploads\/2020\/07\/Raffaello_7\u00ba-ano_sinais-informativos.jpg\" alt=\"\" data-id=\"2762\" data-full-url=\"https:\/\/sigea.pt\/wp-content\/uploads\/2020\/07\/Raffaello_7\u00ba-ano_sinais-informativos.jpg\" data-link=\"https:\/\/sigea.pt\/?attachment_id=2762\" class=\"wp-image-2762\" srcset=\"https:\/\/sigea.pt\/wp-content\/uploads\/2020\/07\/Raffaello_7\u00ba-ano_sinais-informativos.jpg 800w, https:\/\/sigea.pt\/wp-content\/uploads\/2020\/07\/Raffaello_7\u00ba-ano_sinais-informativos-300x209.jpg 300w, https:\/\/sigea.pt\/wp-content\/uploads\/2020\/07\/Raffaello_7\u00ba-ano_sinais-informativos-768x535.jpg 768w, https:\/\/sigea.pt\/wp-content\/uploads\/2020\/07\/Raffaello_7\u00ba-ano_sinais-informativos-500x348.jpg 500w\" sizes=\"(max-width: 800px) 100vw, 800px\" \/><\/figure><\/li><li class=\"blocks-gallery-item\"><figure><img loading=\"lazy\" decoding=\"async\" width=\"800\" height=\"503\" src=\"https:\/\/sigea.pt\/wp-content\/uploads\/2020\/07\/Ricardo-Gabriel_7\u00ba-ano_Sinais-Informativos.jpg\" alt=\"\" data-id=\"2763\" data-full-url=\"https:\/\/sigea.pt\/wp-content\/uploads\/2020\/07\/Ricardo-Gabriel_7\u00ba-ano_Sinais-Informativos.jpg\" data-link=\"https:\/\/sigea.pt\/?attachment_id=2763\" class=\"wp-image-2763\" srcset=\"https:\/\/sigea.pt\/wp-content\/uploads\/2020\/07\/Ricardo-Gabriel_7\u00ba-ano_Sinais-Informativos.jpg 800w, https:\/\/sigea.pt\/wp-content\/uploads\/2020\/07\/Ricardo-Gabriel_7\u00ba-ano_Sinais-Informativos-300x189.jpg 300w, https:\/\/sigea.pt\/wp-content\/uploads\/2020\/07\/Ricardo-Gabriel_7\u00ba-ano_Sinais-Informativos-768x483.jpg 768w, https:\/\/sigea.pt\/wp-content\/uploads\/2020\/07\/Ricardo-Gabriel_7\u00ba-ano_Sinais-Informativos-500x314.jpg 500w\" sizes=\"(max-width: 800px) 100vw, 800px\" \/><\/figure><\/li><li class=\"blocks-gallery-item\"><figure><img loading=\"lazy\" decoding=\"async\" width=\"800\" height=\"587\" src=\"https:\/\/sigea.pt\/wp-content\/uploads\/2020\/07\/Victoria-Zea_7\u00ba-ano_Sinais-Informativos-2.jpg\" alt=\"\" data-id=\"2764\" data-full-url=\"https:\/\/sigea.pt\/wp-content\/uploads\/2020\/07\/Victoria-Zea_7\u00ba-ano_Sinais-Informativos-2.jpg\" data-link=\"https:\/\/sigea.pt\/?attachment_id=2764\" class=\"wp-image-2764 is-layout-flex wp-block-gallery-is-layout-flex\" srcset=\"https:\/\/sigea.pt\/wp-content\/uploads\/2020\/07\/Victoria-Zea_7\u00ba-ano_Sinais-Informativos-2.jpg 800w, https:\/\/sigea.pt\/wp-content\/uploads\/2020\/07\/Victoria-Zea_7\u00ba-ano_Sinais-Informativos-2-300x220.jpg 300w, https:\/\/sigea.pt\/wp-content\/uploads\/2020\/07\/Victoria-Zea_7\u00ba-ano_Sinais-Informativos-2-768x564.jpg 768w, https:\/\/sigea.pt\/wp-content\/uploads\/2020\/07\/Victoria-Zea_7\u00ba-ano_Sinais-Informativos-2-500x367.jpg 500w\" sizes=\"(max-width: 800px) 100vw, 800px\" \/><\/figure><\/li><\/ul><\/figure>\n\n\n\n<p><\/p>","protected":false},"excerpt":{"rendered":"<p>Ao longo do 3.\u00ba per\u00edodo, a turma do 7.\u00ba ano explorou uma dimens\u00e3o gr\u00e1fica da disciplina de Educa\u00e7\u00e3o Visual, aprofundando a import\u00e2ncia da ideia de projeto na cria\u00e7\u00e3o de um&#8230;<\/p>","protected":false},"author":2,"featured_media":0,"comment_status":"closed","ping_status":"closed","sticky":false,"template":"","format":"standard","meta":{"_acf_changed":false,"advgb_blocks_editor_width":"","advgb_blocks_columns_visual_guide":"","_joinchat":[],"footnotes":"","_links_to":"","_links_to_target":""},"categories":[10,5],"tags":[],"class_list":{"0":"post-2739","1":"post","2":"type-post","3":"status-publish","4":"format-standard","6":"category-artistas-da-pandemia","7":"category-atividades"},"acf":[],"yoast_head":"<!-- This site is optimized with the Yoast SEO plugin v26.2 - https:\/\/yoast.com\/wordpress\/plugins\/seo\/ -->\n<title>Col\u00e9gio SIGEA - Artistas da pandemia (Ed. Visual 7.\u00ba ano)<\/title>\n<meta name=\"robots\" content=\"index, follow, max-snippet:-1, max-image-preview:large, max-video-preview:-1\" \/>\n<link rel=\"canonical\" href=\"https:\/\/sigea.pt\/en\/2020\/07\/artistas-da-pandemia-ed-visual-7-o-ano\/\" \/>\n<meta property=\"og:locale\" content=\"en_GB\" \/>\n<meta property=\"og:type\" content=\"article\" \/>\n<meta property=\"og:title\" content=\"Col\u00e9gio SIGEA - Artistas da pandemia (Ed. Visual 7.\u00ba ano)\" \/>\n<meta property=\"og:description\" content=\"Ao longo do 3.\u00ba per\u00edodo, a turma do 7.\u00ba ano explorou uma dimens\u00e3o gr\u00e1fica da disciplina de Educa\u00e7\u00e3o Visual, aprofundando a import\u00e2ncia da ideia de projeto na cria\u00e7\u00e3o de um...\" \/>\n<meta property=\"og:url\" content=\"https:\/\/sigea.pt\/en\/2020\/07\/artistas-da-pandemia-ed-visual-7-o-ano\/\" \/>\n<meta property=\"og:site_name\" content=\"Col\u00e9gio SIGEA\" \/>\n<meta property=\"article:publisher\" content=\"https:\/\/www.facebook.com\/clsigea\" \/>\n<meta property=\"article:published_time\" content=\"2020-07-07T08:53:27+00:00\" \/>\n<meta property=\"article:modified_time\" content=\"2020-07-07T08:53:36+00:00\" \/>\n<meta name=\"author\" content=\"clsigea\" \/>\n<meta name=\"twitter:card\" content=\"summary_large_image\" \/>\n<meta name=\"twitter:label1\" content=\"Written by\" \/>\n\t<meta name=\"twitter:data1\" content=\"clsigea\" \/>\n<script type=\"application\/ld+json\" class=\"yoast-schema-graph\">{\"@context\":\"https:\/\/schema.org\",\"@graph\":[{\"@type\":\"Article\",\"@id\":\"https:\/\/sigea.pt\/2020\/07\/artistas-da-pandemia-ed-visual-7-o-ano\/#article\",\"isPartOf\":{\"@id\":\"https:\/\/sigea.pt\/2020\/07\/artistas-da-pandemia-ed-visual-7-o-ano\/\"},\"author\":{\"name\":\"clsigea\",\"@id\":\"https:\/\/sigea.pt\/#\/schema\/person\/3741f7f1e65e14f9cdacc1c4560ed0a6\"},\"headline\":\"Artistas da pandemia (Ed. Visual 7.\u00ba ano)\",\"datePublished\":\"2020-07-07T08:53:27+00:00\",\"dateModified\":\"2020-07-07T08:53:36+00:00\",\"mainEntityOfPage\":{\"@id\":\"https:\/\/sigea.pt\/2020\/07\/artistas-da-pandemia-ed-visual-7-o-ano\/\"},\"wordCount\":78,\"publisher\":{\"@id\":\"https:\/\/sigea.pt\/#organization\"},\"articleSection\":[\"Artistas da pandemia\",\"Atividades\"],\"inLanguage\":\"en-GB\"},{\"@type\":\"WebPage\",\"@id\":\"https:\/\/sigea.pt\/2020\/07\/artistas-da-pandemia-ed-visual-7-o-ano\/\",\"url\":\"https:\/\/sigea.pt\/2020\/07\/artistas-da-pandemia-ed-visual-7-o-ano\/\",\"name\":\"Col\u00e9gio SIGEA - Artistas da pandemia (Ed. Visual 7.\u00ba ano)\",\"isPartOf\":{\"@id\":\"https:\/\/sigea.pt\/#website\"},\"datePublished\":\"2020-07-07T08:53:27+00:00\",\"dateModified\":\"2020-07-07T08:53:36+00:00\",\"breadcrumb\":{\"@id\":\"https:\/\/sigea.pt\/2020\/07\/artistas-da-pandemia-ed-visual-7-o-ano\/#breadcrumb\"},\"inLanguage\":\"en-GB\",\"potentialAction\":[{\"@type\":\"ReadAction\",\"target\":[\"https:\/\/sigea.pt\/2020\/07\/artistas-da-pandemia-ed-visual-7-o-ano\/\"]}]},{\"@type\":\"BreadcrumbList\",\"@id\":\"https:\/\/sigea.pt\/2020\/07\/artistas-da-pandemia-ed-visual-7-o-ano\/#breadcrumb\",\"itemListElement\":[{\"@type\":\"ListItem\",\"position\":1,\"name\":\"In\u00edcio\",\"item\":\"https:\/\/sigea.pt\/\"},{\"@type\":\"ListItem\",\"position\":2,\"name\":\"Artistas da pandemia (Ed. Visual 7.\u00ba ano)\"}]},{\"@type\":\"WebSite\",\"@id\":\"https:\/\/sigea.pt\/#website\",\"url\":\"https:\/\/sigea.pt\/\",\"name\":\"Col\u00e9gio SIGEA\",\"description\":\"Educar o Futuro\",\"publisher\":{\"@id\":\"https:\/\/sigea.pt\/#organization\"},\"potentialAction\":[{\"@type\":\"SearchAction\",\"target\":{\"@type\":\"EntryPoint\",\"urlTemplate\":\"https:\/\/sigea.pt\/?s={search_term_string}\"},\"query-input\":{\"@type\":\"PropertyValueSpecification\",\"valueRequired\":true,\"valueName\":\"search_term_string\"}}],\"inLanguage\":\"en-GB\"},{\"@type\":\"Organization\",\"@id\":\"https:\/\/sigea.pt\/#organization\",\"name\":\"Col\u00e9gio Sigea\",\"url\":\"https:\/\/sigea.pt\/\",\"logo\":{\"@type\":\"ImageObject\",\"inLanguage\":\"en-GB\",\"@id\":\"https:\/\/sigea.pt\/#\/schema\/logo\/image\/\",\"url\":\"https:\/\/sigea.pt\/wp-content\/uploads\/2019\/04\/logo-blue.png\",\"contentUrl\":\"https:\/\/sigea.pt\/wp-content\/uploads\/2019\/04\/logo-blue.png\",\"width\":150,\"height\":150,\"caption\":\"Col\u00e9gio Sigea\"},\"image\":{\"@id\":\"https:\/\/sigea.pt\/#\/schema\/logo\/image\/\"},\"sameAs\":[\"https:\/\/www.facebook.com\/clsigea\"]},{\"@type\":\"Person\",\"@id\":\"https:\/\/sigea.pt\/#\/schema\/person\/3741f7f1e65e14f9cdacc1c4560ed0a6\",\"name\":\"clsigea\",\"image\":{\"@type\":\"ImageObject\",\"inLanguage\":\"en-GB\",\"@id\":\"https:\/\/sigea.pt\/#\/schema\/person\/image\/\",\"url\":\"https:\/\/secure.gravatar.com\/avatar\/bed593e8c4f7a64eadd793ee0c358183a074681ff2ab486862ba11ecac82ec5b?s=96&d=mm&r=g\",\"contentUrl\":\"https:\/\/secure.gravatar.com\/avatar\/bed593e8c4f7a64eadd793ee0c358183a074681ff2ab486862ba11ecac82ec5b?s=96&d=mm&r=g\",\"caption\":\"clsigea\"}}]}<\/script>\n<!-- \/ Yoast SEO plugin. -->","yoast_head_json":{"title":"Col\u00e9gio SIGEA - Artistas da pandemia (Ed. Visual 7.\u00ba ano)","robots":{"index":"index","follow":"follow","max-snippet":"max-snippet:-1","max-image-preview":"max-image-preview:large","max-video-preview":"max-video-preview:-1"},"canonical":"https:\/\/sigea.pt\/en\/2020\/07\/artistas-da-pandemia-ed-visual-7-o-ano\/","og_locale":"en_GB","og_type":"article","og_title":"Col\u00e9gio SIGEA - Artistas da pandemia (Ed. Visual 7.\u00ba ano)","og_description":"Ao longo do 3.\u00ba per\u00edodo, a turma do 7.\u00ba ano explorou uma dimens\u00e3o gr\u00e1fica da disciplina de Educa\u00e7\u00e3o Visual, aprofundando a import\u00e2ncia da ideia de projeto na cria\u00e7\u00e3o de um...","og_url":"https:\/\/sigea.pt\/en\/2020\/07\/artistas-da-pandemia-ed-visual-7-o-ano\/","og_site_name":"Col\u00e9gio SIGEA","article_publisher":"https:\/\/www.facebook.com\/clsigea","article_published_time":"2020-07-07T08:53:27+00:00","article_modified_time":"2020-07-07T08:53:36+00:00","author":"clsigea","twitter_card":"summary_large_image","twitter_misc":{"Written by":"clsigea"},"schema":{"@context":"https:\/\/schema.org","@graph":[{"@type":"Article","@id":"https:\/\/sigea.pt\/2020\/07\/artistas-da-pandemia-ed-visual-7-o-ano\/#article","isPartOf":{"@id":"https:\/\/sigea.pt\/2020\/07\/artistas-da-pandemia-ed-visual-7-o-ano\/"},"author":{"name":"clsigea","@id":"https:\/\/sigea.pt\/#\/schema\/person\/3741f7f1e65e14f9cdacc1c4560ed0a6"},"headline":"Artistas da pandemia (Ed. Visual 7.\u00ba ano)","datePublished":"2020-07-07T08:53:27+00:00","dateModified":"2020-07-07T08:53:36+00:00","mainEntityOfPage":{"@id":"https:\/\/sigea.pt\/2020\/07\/artistas-da-pandemia-ed-visual-7-o-ano\/"},"wordCount":78,"publisher":{"@id":"https:\/\/sigea.pt\/#organization"},"articleSection":["Artistas da pandemia","Atividades"],"inLanguage":"en-GB"},{"@type":"WebPage","@id":"https:\/\/sigea.pt\/2020\/07\/artistas-da-pandemia-ed-visual-7-o-ano\/","url":"https:\/\/sigea.pt\/2020\/07\/artistas-da-pandemia-ed-visual-7-o-ano\/","name":"Col\u00e9gio SIGEA - Artistas da pandemia (Ed. Visual 7.\u00ba ano)","isPartOf":{"@id":"https:\/\/sigea.pt\/#website"},"datePublished":"2020-07-07T08:53:27+00:00","dateModified":"2020-07-07T08:53:36+00:00","breadcrumb":{"@id":"https:\/\/sigea.pt\/2020\/07\/artistas-da-pandemia-ed-visual-7-o-ano\/#breadcrumb"},"inLanguage":"en-GB","potentialAction":[{"@type":"ReadAction","target":["https:\/\/sigea.pt\/2020\/07\/artistas-da-pandemia-ed-visual-7-o-ano\/"]}]},{"@type":"BreadcrumbList","@id":"https:\/\/sigea.pt\/2020\/07\/artistas-da-pandemia-ed-visual-7-o-ano\/#breadcrumb","itemListElement":[{"@type":"ListItem","position":1,"name":"In\u00edcio","item":"https:\/\/sigea.pt\/"},{"@type":"ListItem","position":2,"name":"Artistas da pandemia (Ed. Visual 7.\u00ba ano)"}]},{"@type":"WebSite","@id":"https:\/\/sigea.pt\/#website","url":"https:\/\/sigea.pt\/","name":"Our School","description":"Educating the Future","publisher":{"@id":"https:\/\/sigea.pt\/#organization"},"potentialAction":[{"@type":"SearchAction","target":{"@type":"EntryPoint","urlTemplate":"https:\/\/sigea.pt\/?s={search_term_string}"},"query-input":{"@type":"PropertyValueSpecification","valueRequired":true,"valueName":"search_term_string"}}],"inLanguage":"en-GB"},{"@type":"Organization","@id":"https:\/\/sigea.pt\/#organization","name":"Col\u00e9gio Sigea","url":"https:\/\/sigea.pt\/","logo":{"@type":"ImageObject","inLanguage":"en-GB","@id":"https:\/\/sigea.pt\/#\/schema\/logo\/image\/","url":"https:\/\/sigea.pt\/wp-content\/uploads\/2019\/04\/logo-blue.png","contentUrl":"https:\/\/sigea.pt\/wp-content\/uploads\/2019\/04\/logo-blue.png","width":150,"height":150,"caption":"Col\u00e9gio Sigea"},"image":{"@id":"https:\/\/sigea.pt\/#\/schema\/logo\/image\/"},"sameAs":["https:\/\/www.facebook.com\/clsigea"]},{"@type":"Person","@id":"https:\/\/sigea.pt\/#\/schema\/person\/3741f7f1e65e14f9cdacc1c4560ed0a6","name":"clsigea","image":{"@type":"ImageObject","inLanguage":"en-GB","@id":"https:\/\/sigea.pt\/#\/schema\/person\/image\/","url":"https:\/\/secure.gravatar.com\/avatar\/bed593e8c4f7a64eadd793ee0c358183a074681ff2ab486862ba11ecac82ec5b?s=96&d=mm&r=g","contentUrl":"https:\/\/secure.gravatar.com\/avatar\/bed593e8c4f7a64eadd793ee0c358183a074681ff2ab486862ba11ecac82ec5b?s=96&d=mm&r=g","caption":"clsigea"}}]}},"author_meta":{"display_name":"clsigea","author_link":"https:\/\/sigea.pt\/en\/author\/clsigea\/"},"featured_img":null,"coauthors":[],"tax_additional":{"categories":{"linked":["<a href=\"https:\/\/sigea.pt\/en\/category\/artistas-da-pandemia\/\" class=\"advgb-post-tax-term\">Artistas da pandemia<\/a>","<a href=\"https:\/\/sigea.pt\/en\/category\/atividades\/\" class=\"advgb-post-tax-term\">Atividades<\/a>"],"unlinked":["<span class=\"advgb-post-tax-term\">Artistas da pandemia<\/span>","<span class=\"advgb-post-tax-term\">Atividades<\/span>"]}},"comment_count":"0","relative_dates":{"created":"Posted 6 years ago","modified":"Updated 6 years ago"},"absolute_dates":{"created":"Posted on 07\/07\/2020","modified":"Updated on 07\/07\/2020"},"absolute_dates_time":{"created":"Posted on 07\/07\/2020 8:53","modified":"Updated on 07\/07\/2020 8:53"},"featured_img_caption":"","series_order":"","_links":{"self":[{"href":"https:\/\/sigea.pt\/en\/wp-json\/wp\/v2\/posts\/2739","targetHints":{"allow":["GET"]}}],"collection":[{"href":"https:\/\/sigea.pt\/en\/wp-json\/wp\/v2\/posts"}],"about":[{"href":"https:\/\/sigea.pt\/en\/wp-json\/wp\/v2\/types\/post"}],"author":[{"embeddable":true,"href":"https:\/\/sigea.pt\/en\/wp-json\/wp\/v2\/users\/2"}],"replies":[{"embeddable":true,"href":"https:\/\/sigea.pt\/en\/wp-json\/wp\/v2\/comments?post=2739"}],"version-history":[{"count":0,"href":"https:\/\/sigea.pt\/en\/wp-json\/wp\/v2\/posts\/2739\/revisions"}],"wp:attachment":[{"href":"https:\/\/sigea.pt\/en\/wp-json\/wp\/v2\/media?parent=2739"}],"wp:term":[{"taxonomy":"category","embeddable":true,"href":"https:\/\/sigea.pt\/en\/wp-json\/wp\/v2\/categories?post=2739"},{"taxonomy":"post_tag","embeddable":true,"href":"https:\/\/sigea.pt\/en\/wp-json\/wp\/v2\/tags?post=2739"}],"curies":[{"name":"wp","href":"https:\/\/api.w.org\/{rel}","templated":true}]}}