{"id":2673,"date":"2020-07-06T12:16:29","date_gmt":"2020-07-06T12:16:29","guid":{"rendered":"https:\/\/sigea.pt\/?p=2673"},"modified":"2020-07-06T12:18:13","modified_gmt":"2020-07-06T12:18:13","slug":"artistas-da-pandemia-ed-visual-6-o-ano","status":"publish","type":"post","link":"https:\/\/sigea.pt\/en\/2020\/07\/artistas-da-pandemia-ed-visual-6-o-ano\/","title":{"rendered":"Artistas da pandemia (Ed. Visual 6.\u00ba ano)"},"content":{"rendered":"<p>Ao longo do 3\u00ba per\u00edodo, a turma do <strong>6<\/strong><strong>\u00ba ano<\/strong> explorou a nossa heran\u00e7a cultural tanto a n\u00edvel nacional como mundial. Atrav\u00e9s do desenho, houve uma explora\u00e7\u00e3o de alguns marcos importantes que traduzem aquilo que \u00e9 a nossa hist\u00f3ria, sublinhando a import\u00e2ncia da cultura para uma sociedade mais justa e democr\u00e1tica.<\/p>\n\n\n\n<p>Assim, os alunos fizeram interpreta\u00e7\u00f5es pessoais de obras que marcam a hist\u00f3ria de arte, bem como jogos de simetria a partir de edif\u00edcios tamb\u00e9m eles cheios de hist\u00f3ria.<\/p>\n\n\n\n<p>Por fim, num mundo agitado, \u00e9 importante mantermos-nos fi\u00e9is \u00e0quilo que acreditamos serem valores essenciais na constru\u00e7\u00e3o de um mundo mais pleno. Assim, a partir da explora\u00e7\u00e3o do cartaz, os alunos tiveram de ser capazes de transmitir aquilo que consideram ser valores humanos fundamentais.<\/p>\n\n\n\n<p><strong>Recria\u00e7\u00f5es de obras de arte<\/strong><\/p>\n\n\n\n<figure class=\"wp-block-gallery columns-3 is-cropped wp-block-gallery-1\"><ul class=\"blocks-gallery-grid\"><li class=\"blocks-gallery-item\"><figure><img fetchpriority=\"high\" decoding=\"async\" width=\"800\" height=\"569\" src=\"https:\/\/sigea.pt\/wp-content\/uploads\/2020\/07\/Alexandra-Rosa_6\u00ba-ano_recriac\u0327a\u0303o-obra-de-arte.jpg\" alt=\"\" data-id=\"2674\" data-full-url=\"https:\/\/sigea.pt\/wp-content\/uploads\/2020\/07\/Alexandra-Rosa_6\u00ba-ano_recriac\u0327a\u0303o-obra-de-arte.jpg\" data-link=\"https:\/\/sigea.pt\/?attachment_id=2674\" class=\"wp-image-2674\" srcset=\"https:\/\/sigea.pt\/wp-content\/uploads\/2020\/07\/Alexandra-Rosa_6\u00ba-ano_recriac\u0327a\u0303o-obra-de-arte.jpg 800w, https:\/\/sigea.pt\/wp-content\/uploads\/2020\/07\/Alexandra-Rosa_6\u00ba-ano_recriac\u0327a\u0303o-obra-de-arte-300x213.jpg 300w, https:\/\/sigea.pt\/wp-content\/uploads\/2020\/07\/Alexandra-Rosa_6\u00ba-ano_recriac\u0327a\u0303o-obra-de-arte-768x546.jpg 768w, https:\/\/sigea.pt\/wp-content\/uploads\/2020\/07\/Alexandra-Rosa_6\u00ba-ano_recriac\u0327a\u0303o-obra-de-arte-500x356.jpg 500w\" sizes=\"(max-width: 800px) 100vw, 800px\" \/><\/figure><\/li><li class=\"blocks-gallery-item\"><figure><img decoding=\"async\" width=\"404\" height=\"600\" src=\"https:\/\/sigea.pt\/wp-content\/uploads\/2020\/07\/Baltazar-Nunes_6\u00ba-ano_Recriac\u0327a\u0303o-de-uma-obra-de-arte.jpg\" alt=\"\" data-id=\"2675\" data-full-url=\"https:\/\/sigea.pt\/wp-content\/uploads\/2020\/07\/Baltazar-Nunes_6\u00ba-ano_Recriac\u0327a\u0303o-de-uma-obra-de-arte.jpg\" data-link=\"https:\/\/sigea.pt\/?attachment_id=2675\" class=\"wp-image-2675\" srcset=\"https:\/\/sigea.pt\/wp-content\/uploads\/2020\/07\/Baltazar-Nunes_6\u00ba-ano_Recriac\u0327a\u0303o-de-uma-obra-de-arte.jpg 404w, https:\/\/sigea.pt\/wp-content\/uploads\/2020\/07\/Baltazar-Nunes_6\u00ba-ano_Recriac\u0327a\u0303o-de-uma-obra-de-arte-202x300.jpg 202w\" sizes=\"(max-width: 404px) 100vw, 404px\" \/><\/figure><\/li><li class=\"blocks-gallery-item\"><figure><img decoding=\"async\" width=\"800\" height=\"532\" src=\"https:\/\/sigea.pt\/wp-content\/uploads\/2020\/07\/Beatriz-Pereira_6\u00ba-ano_Recriac\u0327a\u0303o-de-uma-obra-de-arte.jpg\" alt=\"\" data-id=\"2676\" data-full-url=\"https:\/\/sigea.pt\/wp-content\/uploads\/2020\/07\/Beatriz-Pereira_6\u00ba-ano_Recriac\u0327a\u0303o-de-uma-obra-de-arte.jpg\" data-link=\"https:\/\/sigea.pt\/?attachment_id=2676\" class=\"wp-image-2676\" srcset=\"https:\/\/sigea.pt\/wp-content\/uploads\/2020\/07\/Beatriz-Pereira_6\u00ba-ano_Recriac\u0327a\u0303o-de-uma-obra-de-arte.jpg 800w, https:\/\/sigea.pt\/wp-content\/uploads\/2020\/07\/Beatriz-Pereira_6\u00ba-ano_Recriac\u0327a\u0303o-de-uma-obra-de-arte-300x200.jpg 300w, https:\/\/sigea.pt\/wp-content\/uploads\/2020\/07\/Beatriz-Pereira_6\u00ba-ano_Recriac\u0327a\u0303o-de-uma-obra-de-arte-768x511.jpg 768w, https:\/\/sigea.pt\/wp-content\/uploads\/2020\/07\/Beatriz-Pereira_6\u00ba-ano_Recriac\u0327a\u0303o-de-uma-obra-de-arte-500x333.jpg 500w\" sizes=\"(max-width: 800px) 100vw, 800px\" \/><\/figure><\/li><li class=\"blocks-gallery-item\"><figure><img loading=\"lazy\" decoding=\"async\" width=\"912\" height=\"606\" src=\"https:\/\/sigea.pt\/wp-content\/uploads\/2020\/07\/Beatriz-Pereira_6\u00ba-ano_Recriac\u0327a\u0303o-de-uma-obra-de-arte.png\" alt=\"\" data-id=\"2677\" data-full-url=\"https:\/\/sigea.pt\/wp-content\/uploads\/2020\/07\/Beatriz-Pereira_6\u00ba-ano_Recriac\u0327a\u0303o-de-uma-obra-de-arte.png\" data-link=\"https:\/\/sigea.pt\/?attachment_id=2677\" class=\"wp-image-2677\" srcset=\"https:\/\/sigea.pt\/wp-content\/uploads\/2020\/07\/Beatriz-Pereira_6\u00ba-ano_Recriac\u0327a\u0303o-de-uma-obra-de-arte.png 912w, https:\/\/sigea.pt\/wp-content\/uploads\/2020\/07\/Beatriz-Pereira_6\u00ba-ano_Recriac\u0327a\u0303o-de-uma-obra-de-arte-300x199.png 300w, https:\/\/sigea.pt\/wp-content\/uploads\/2020\/07\/Beatriz-Pereira_6\u00ba-ano_Recriac\u0327a\u0303o-de-uma-obra-de-arte-768x510.png 768w, https:\/\/sigea.pt\/wp-content\/uploads\/2020\/07\/Beatriz-Pereira_6\u00ba-ano_Recriac\u0327a\u0303o-de-uma-obra-de-arte-500x332.png 500w\" sizes=\"(max-width: 912px) 100vw, 912px\" \/><\/figure><\/li><li class=\"blocks-gallery-item\"><figure><img loading=\"lazy\" decoding=\"async\" width=\"780\" height=\"600\" src=\"https:\/\/sigea.pt\/wp-content\/uploads\/2020\/07\/Beatriz-Pires_6\u00ba-ano_Recriac\u0327a\u0303o-de-uma-obra-de-arte.jpg\" alt=\"\" data-id=\"2678\" data-full-url=\"https:\/\/sigea.pt\/wp-content\/uploads\/2020\/07\/Beatriz-Pires_6\u00ba-ano_Recriac\u0327a\u0303o-de-uma-obra-de-arte.jpg\" data-link=\"https:\/\/sigea.pt\/?attachment_id=2678\" class=\"wp-image-2678\" srcset=\"https:\/\/sigea.pt\/wp-content\/uploads\/2020\/07\/Beatriz-Pires_6\u00ba-ano_Recriac\u0327a\u0303o-de-uma-obra-de-arte.jpg 780w, https:\/\/sigea.pt\/wp-content\/uploads\/2020\/07\/Beatriz-Pires_6\u00ba-ano_Recriac\u0327a\u0303o-de-uma-obra-de-arte-300x231.jpg 300w, https:\/\/sigea.pt\/wp-content\/uploads\/2020\/07\/Beatriz-Pires_6\u00ba-ano_Recriac\u0327a\u0303o-de-uma-obra-de-arte-768x591.jpg 768w, https:\/\/sigea.pt\/wp-content\/uploads\/2020\/07\/Beatriz-Pires_6\u00ba-ano_Recriac\u0327a\u0303o-de-uma-obra-de-arte-500x385.jpg 500w\" sizes=\"(max-width: 780px) 100vw, 780px\" \/><\/figure><\/li><li class=\"blocks-gallery-item\"><figure><img loading=\"lazy\" decoding=\"async\" width=\"800\" height=\"595\" src=\"https:\/\/sigea.pt\/wp-content\/uploads\/2020\/07\/Clara-Pires_6\u00ba-ano_Recriac\u0327a\u0303o-de-uma-obra-de-arte.jpg\" alt=\"\" data-id=\"2679\" data-full-url=\"https:\/\/sigea.pt\/wp-content\/uploads\/2020\/07\/Clara-Pires_6\u00ba-ano_Recriac\u0327a\u0303o-de-uma-obra-de-arte.jpg\" data-link=\"https:\/\/sigea.pt\/?attachment_id=2679\" class=\"wp-image-2679\" srcset=\"https:\/\/sigea.pt\/wp-content\/uploads\/2020\/07\/Clara-Pires_6\u00ba-ano_Recriac\u0327a\u0303o-de-uma-obra-de-arte.jpg 800w, https:\/\/sigea.pt\/wp-content\/uploads\/2020\/07\/Clara-Pires_6\u00ba-ano_Recriac\u0327a\u0303o-de-uma-obra-de-arte-300x223.jpg 300w, https:\/\/sigea.pt\/wp-content\/uploads\/2020\/07\/Clara-Pires_6\u00ba-ano_Recriac\u0327a\u0303o-de-uma-obra-de-arte-768x571.jpg 768w, https:\/\/sigea.pt\/wp-content\/uploads\/2020\/07\/Clara-Pires_6\u00ba-ano_Recriac\u0327a\u0303o-de-uma-obra-de-arte-500x372.jpg 500w\" sizes=\"(max-width: 800px) 100vw, 800px\" \/><\/figure><\/li><li class=\"blocks-gallery-item\"><figure><img loading=\"lazy\" decoding=\"async\" width=\"800\" height=\"512\" src=\"https:\/\/sigea.pt\/wp-content\/uploads\/2020\/07\/Francisco-Silva_6\u00ba-ano_Recriac\u0327a\u0303o-de-uma-obra-de-arte.jpg\" alt=\"\" data-id=\"2680\" data-full-url=\"https:\/\/sigea.pt\/wp-content\/uploads\/2020\/07\/Francisco-Silva_6\u00ba-ano_Recriac\u0327a\u0303o-de-uma-obra-de-arte.jpg\" data-link=\"https:\/\/sigea.pt\/?attachment_id=2680\" class=\"wp-image-2680\" srcset=\"https:\/\/sigea.pt\/wp-content\/uploads\/2020\/07\/Francisco-Silva_6\u00ba-ano_Recriac\u0327a\u0303o-de-uma-obra-de-arte.jpg 800w, https:\/\/sigea.pt\/wp-content\/uploads\/2020\/07\/Francisco-Silva_6\u00ba-ano_Recriac\u0327a\u0303o-de-uma-obra-de-arte-300x192.jpg 300w, https:\/\/sigea.pt\/wp-content\/uploads\/2020\/07\/Francisco-Silva_6\u00ba-ano_Recriac\u0327a\u0303o-de-uma-obra-de-arte-768x492.jpg 768w, https:\/\/sigea.pt\/wp-content\/uploads\/2020\/07\/Francisco-Silva_6\u00ba-ano_Recriac\u0327a\u0303o-de-uma-obra-de-arte-500x320.jpg 500w\" sizes=\"(max-width: 800px) 100vw, 800px\" \/><figcaption class=\"blocks-gallery-item__caption\">dav<\/figcaption><\/figure><\/li><li class=\"blocks-gallery-item\"><figure><img loading=\"lazy\" decoding=\"async\" width=\"800\" height=\"566\" src=\"https:\/\/sigea.pt\/wp-content\/uploads\/2020\/07\/Frederico-Coutinho_6\u00ba-ano_Recriac\u0327a\u0303o-de-uma-obra-de-arte.jpg\" alt=\"\" data-id=\"2681\" data-full-url=\"https:\/\/sigea.pt\/wp-content\/uploads\/2020\/07\/Frederico-Coutinho_6\u00ba-ano_Recriac\u0327a\u0303o-de-uma-obra-de-arte.jpg\" data-link=\"https:\/\/sigea.pt\/?attachment_id=2681\" class=\"wp-image-2681\" srcset=\"https:\/\/sigea.pt\/wp-content\/uploads\/2020\/07\/Frederico-Coutinho_6\u00ba-ano_Recriac\u0327a\u0303o-de-uma-obra-de-arte.jpg 800w, https:\/\/sigea.pt\/wp-content\/uploads\/2020\/07\/Frederico-Coutinho_6\u00ba-ano_Recriac\u0327a\u0303o-de-uma-obra-de-arte-300x212.jpg 300w, https:\/\/sigea.pt\/wp-content\/uploads\/2020\/07\/Frederico-Coutinho_6\u00ba-ano_Recriac\u0327a\u0303o-de-uma-obra-de-arte-768x543.jpg 768w, https:\/\/sigea.pt\/wp-content\/uploads\/2020\/07\/Frederico-Coutinho_6\u00ba-ano_Recriac\u0327a\u0303o-de-uma-obra-de-arte-500x354.jpg 500w\" sizes=\"(max-width: 800px) 100vw, 800px\" \/><\/figure><\/li><li class=\"blocks-gallery-item\"><figure><img loading=\"lazy\" decoding=\"async\" width=\"800\" height=\"581\" src=\"https:\/\/sigea.pt\/wp-content\/uploads\/2020\/07\/Frederico-Lobo_6\u00ba-ano_Recriac\u0327a\u0303o-de-uma-obra-de-arte.jpg\" alt=\"\" data-id=\"2682\" data-full-url=\"https:\/\/sigea.pt\/wp-content\/uploads\/2020\/07\/Frederico-Lobo_6\u00ba-ano_Recriac\u0327a\u0303o-de-uma-obra-de-arte.jpg\" data-link=\"https:\/\/sigea.pt\/?attachment_id=2682\" class=\"wp-image-2682\" srcset=\"https:\/\/sigea.pt\/wp-content\/uploads\/2020\/07\/Frederico-Lobo_6\u00ba-ano_Recriac\u0327a\u0303o-de-uma-obra-de-arte.jpg 800w, https:\/\/sigea.pt\/wp-content\/uploads\/2020\/07\/Frederico-Lobo_6\u00ba-ano_Recriac\u0327a\u0303o-de-uma-obra-de-arte-300x218.jpg 300w, https:\/\/sigea.pt\/wp-content\/uploads\/2020\/07\/Frederico-Lobo_6\u00ba-ano_Recriac\u0327a\u0303o-de-uma-obra-de-arte-768x558.jpg 768w, https:\/\/sigea.pt\/wp-content\/uploads\/2020\/07\/Frederico-Lobo_6\u00ba-ano_Recriac\u0327a\u0303o-de-uma-obra-de-arte-500x363.jpg 500w\" sizes=\"(max-width: 800px) 100vw, 800px\" \/><\/figure><\/li><li class=\"blocks-gallery-item\"><figure><img loading=\"lazy\" decoding=\"async\" width=\"450\" height=\"600\" src=\"https:\/\/sigea.pt\/wp-content\/uploads\/2020\/07\/Ine\u0302s-Ribeiro_6\u00ba-ano_Recriac\u0327a\u0303o-de-uma-obra-de-arte.jpg\" alt=\"\" data-id=\"2683\" data-full-url=\"https:\/\/sigea.pt\/wp-content\/uploads\/2020\/07\/Ine\u0302s-Ribeiro_6\u00ba-ano_Recriac\u0327a\u0303o-de-uma-obra-de-arte.jpg\" data-link=\"https:\/\/sigea.pt\/?attachment_id=2683\" class=\"wp-image-2683\" srcset=\"https:\/\/sigea.pt\/wp-content\/uploads\/2020\/07\/Ine\u0302s-Ribeiro_6\u00ba-ano_Recriac\u0327a\u0303o-de-uma-obra-de-arte.jpg 450w, https:\/\/sigea.pt\/wp-content\/uploads\/2020\/07\/Ine\u0302s-Ribeiro_6\u00ba-ano_Recriac\u0327a\u0303o-de-uma-obra-de-arte-225x300.jpg 225w\" sizes=\"(max-width: 450px) 100vw, 450px\" \/><\/figure><\/li><li class=\"blocks-gallery-item\"><figure><img loading=\"lazy\" decoding=\"async\" width=\"800\" height=\"547\" src=\"https:\/\/sigea.pt\/wp-content\/uploads\/2020\/07\/Manuela-Ribeiro_6\u00ba-ano_Recriac\u0327a\u0303o-de-uma-obra-de-arte.jpg\" alt=\"\" data-id=\"2684\" data-full-url=\"https:\/\/sigea.pt\/wp-content\/uploads\/2020\/07\/Manuela-Ribeiro_6\u00ba-ano_Recriac\u0327a\u0303o-de-uma-obra-de-arte.jpg\" data-link=\"https:\/\/sigea.pt\/?attachment_id=2684\" class=\"wp-image-2684\" srcset=\"https:\/\/sigea.pt\/wp-content\/uploads\/2020\/07\/Manuela-Ribeiro_6\u00ba-ano_Recriac\u0327a\u0303o-de-uma-obra-de-arte.jpg 800w, https:\/\/sigea.pt\/wp-content\/uploads\/2020\/07\/Manuela-Ribeiro_6\u00ba-ano_Recriac\u0327a\u0303o-de-uma-obra-de-arte-300x205.jpg 300w, https:\/\/sigea.pt\/wp-content\/uploads\/2020\/07\/Manuela-Ribeiro_6\u00ba-ano_Recriac\u0327a\u0303o-de-uma-obra-de-arte-768x525.jpg 768w, https:\/\/sigea.pt\/wp-content\/uploads\/2020\/07\/Manuela-Ribeiro_6\u00ba-ano_Recriac\u0327a\u0303o-de-uma-obra-de-arte-500x342.jpg 500w\" sizes=\"(max-width: 800px) 100vw, 800px\" \/><\/figure><\/li><li class=\"blocks-gallery-item\"><figure><img loading=\"lazy\" decoding=\"async\" width=\"800\" height=\"552\" src=\"https:\/\/sigea.pt\/wp-content\/uploads\/2020\/07\/Margarida-Narciso_6\u00ba-ano_Recriac\u0327a\u0303o-de-uma-obra-de-arte.jpg\" alt=\"\" data-id=\"2685\" data-full-url=\"https:\/\/sigea.pt\/wp-content\/uploads\/2020\/07\/Margarida-Narciso_6\u00ba-ano_Recriac\u0327a\u0303o-de-uma-obra-de-arte.jpg\" data-link=\"https:\/\/sigea.pt\/?attachment_id=2685\" class=\"wp-image-2685\" srcset=\"https:\/\/sigea.pt\/wp-content\/uploads\/2020\/07\/Margarida-Narciso_6\u00ba-ano_Recriac\u0327a\u0303o-de-uma-obra-de-arte.jpg 800w, https:\/\/sigea.pt\/wp-content\/uploads\/2020\/07\/Margarida-Narciso_6\u00ba-ano_Recriac\u0327a\u0303o-de-uma-obra-de-arte-300x207.jpg 300w, https:\/\/sigea.pt\/wp-content\/uploads\/2020\/07\/Margarida-Narciso_6\u00ba-ano_Recriac\u0327a\u0303o-de-uma-obra-de-arte-768x530.jpg 768w, https:\/\/sigea.pt\/wp-content\/uploads\/2020\/07\/Margarida-Narciso_6\u00ba-ano_Recriac\u0327a\u0303o-de-uma-obra-de-arte-500x345.jpg 500w\" sizes=\"(max-width: 800px) 100vw, 800px\" \/><\/figure><\/li><li class=\"blocks-gallery-item\"><figure><img loading=\"lazy\" decoding=\"async\" width=\"800\" height=\"574\" src=\"https:\/\/sigea.pt\/wp-content\/uploads\/2020\/07\/Margarida-Tavares_6\u00ba-ano_Recriac\u0327a\u0303o-de-uma-obra-de-arte.jpg\" alt=\"\" data-id=\"2686\" data-full-url=\"https:\/\/sigea.pt\/wp-content\/uploads\/2020\/07\/Margarida-Tavares_6\u00ba-ano_Recriac\u0327a\u0303o-de-uma-obra-de-arte.jpg\" data-link=\"https:\/\/sigea.pt\/?attachment_id=2686\" class=\"wp-image-2686\" srcset=\"https:\/\/sigea.pt\/wp-content\/uploads\/2020\/07\/Margarida-Tavares_6\u00ba-ano_Recriac\u0327a\u0303o-de-uma-obra-de-arte.jpg 800w, https:\/\/sigea.pt\/wp-content\/uploads\/2020\/07\/Margarida-Tavares_6\u00ba-ano_Recriac\u0327a\u0303o-de-uma-obra-de-arte-300x215.jpg 300w, https:\/\/sigea.pt\/wp-content\/uploads\/2020\/07\/Margarida-Tavares_6\u00ba-ano_Recriac\u0327a\u0303o-de-uma-obra-de-arte-768x551.jpg 768w, https:\/\/sigea.pt\/wp-content\/uploads\/2020\/07\/Margarida-Tavares_6\u00ba-ano_Recriac\u0327a\u0303o-de-uma-obra-de-arte-500x359.jpg 500w\" sizes=\"(max-width: 800px) 100vw, 800px\" \/><\/figure><\/li><li class=\"blocks-gallery-item\"><figure><img loading=\"lazy\" decoding=\"async\" width=\"800\" height=\"567\" src=\"https:\/\/sigea.pt\/wp-content\/uploads\/2020\/07\/Maria-Marques_6\u00ba-ano_Recriac\u0327a\u0303o-de-uma-obra-de-arte.jpg\" alt=\"\" data-id=\"2687\" data-full-url=\"https:\/\/sigea.pt\/wp-content\/uploads\/2020\/07\/Maria-Marques_6\u00ba-ano_Recriac\u0327a\u0303o-de-uma-obra-de-arte.jpg\" data-link=\"https:\/\/sigea.pt\/?attachment_id=2687\" class=\"wp-image-2687\" srcset=\"https:\/\/sigea.pt\/wp-content\/uploads\/2020\/07\/Maria-Marques_6\u00ba-ano_Recriac\u0327a\u0303o-de-uma-obra-de-arte.jpg 800w, https:\/\/sigea.pt\/wp-content\/uploads\/2020\/07\/Maria-Marques_6\u00ba-ano_Recriac\u0327a\u0303o-de-uma-obra-de-arte-300x213.jpg 300w, https:\/\/sigea.pt\/wp-content\/uploads\/2020\/07\/Maria-Marques_6\u00ba-ano_Recriac\u0327a\u0303o-de-uma-obra-de-arte-768x544.jpg 768w, https:\/\/sigea.pt\/wp-content\/uploads\/2020\/07\/Maria-Marques_6\u00ba-ano_Recriac\u0327a\u0303o-de-uma-obra-de-arte-500x354.jpg 500w\" sizes=\"(max-width: 800px) 100vw, 800px\" \/><\/figure><\/li><li class=\"blocks-gallery-item\"><figure><img loading=\"lazy\" decoding=\"async\" width=\"450\" height=\"600\" src=\"https:\/\/sigea.pt\/wp-content\/uploads\/2020\/07\/Maria-Venes_6\u00ba-ano_Recriac\u0327a\u0303o-de-uma-obra-de-arte.jpg\" alt=\"\" data-id=\"2688\" data-full-url=\"https:\/\/sigea.pt\/wp-content\/uploads\/2020\/07\/Maria-Venes_6\u00ba-ano_Recriac\u0327a\u0303o-de-uma-obra-de-arte.jpg\" data-link=\"https:\/\/sigea.pt\/?attachment_id=2688\" class=\"wp-image-2688\" srcset=\"https:\/\/sigea.pt\/wp-content\/uploads\/2020\/07\/Maria-Venes_6\u00ba-ano_Recriac\u0327a\u0303o-de-uma-obra-de-arte.jpg 450w, https:\/\/sigea.pt\/wp-content\/uploads\/2020\/07\/Maria-Venes_6\u00ba-ano_Recriac\u0327a\u0303o-de-uma-obra-de-arte-225x300.jpg 225w\" sizes=\"(max-width: 450px) 100vw, 450px\" \/><\/figure><\/li><li class=\"blocks-gallery-item\"><figure><img loading=\"lazy\" decoding=\"async\" width=\"800\" height=\"578\" src=\"https:\/\/sigea.pt\/wp-content\/uploads\/2020\/07\/Matilde-Almeida_6\u00ba-ano_Recriac\u0327a\u0303o-de-uma-obra-de-arte.jpg\" alt=\"\" data-id=\"2689\" data-full-url=\"https:\/\/sigea.pt\/wp-content\/uploads\/2020\/07\/Matilde-Almeida_6\u00ba-ano_Recriac\u0327a\u0303o-de-uma-obra-de-arte.jpg\" data-link=\"https:\/\/sigea.pt\/?attachment_id=2689\" class=\"wp-image-2689\" srcset=\"https:\/\/sigea.pt\/wp-content\/uploads\/2020\/07\/Matilde-Almeida_6\u00ba-ano_Recriac\u0327a\u0303o-de-uma-obra-de-arte.jpg 800w, https:\/\/sigea.pt\/wp-content\/uploads\/2020\/07\/Matilde-Almeida_6\u00ba-ano_Recriac\u0327a\u0303o-de-uma-obra-de-arte-300x217.jpg 300w, https:\/\/sigea.pt\/wp-content\/uploads\/2020\/07\/Matilde-Almeida_6\u00ba-ano_Recriac\u0327a\u0303o-de-uma-obra-de-arte-768x555.jpg 768w, https:\/\/sigea.pt\/wp-content\/uploads\/2020\/07\/Matilde-Almeida_6\u00ba-ano_Recriac\u0327a\u0303o-de-uma-obra-de-arte-500x361.jpg 500w\" sizes=\"(max-width: 800px) 100vw, 800px\" \/><\/figure><\/li><li class=\"blocks-gallery-item\"><figure><img loading=\"lazy\" decoding=\"async\" width=\"800\" height=\"600\" src=\"https:\/\/sigea.pt\/wp-content\/uploads\/2020\/07\/Miguel-Fonseca_6\u00ba-ano_Recriac\u0327a\u0303o-obra-de-arte.001.jpg\" alt=\"\" data-id=\"2690\" data-full-url=\"https:\/\/sigea.pt\/wp-content\/uploads\/2020\/07\/Miguel-Fonseca_6\u00ba-ano_Recriac\u0327a\u0303o-obra-de-arte.001.jpg\" data-link=\"https:\/\/sigea.pt\/?attachment_id=2690\" class=\"wp-image-2690\" srcset=\"https:\/\/sigea.pt\/wp-content\/uploads\/2020\/07\/Miguel-Fonseca_6\u00ba-ano_Recriac\u0327a\u0303o-obra-de-arte.001.jpg 800w, https:\/\/sigea.pt\/wp-content\/uploads\/2020\/07\/Miguel-Fonseca_6\u00ba-ano_Recriac\u0327a\u0303o-obra-de-arte.001-300x225.jpg 300w, https:\/\/sigea.pt\/wp-content\/uploads\/2020\/07\/Miguel-Fonseca_6\u00ba-ano_Recriac\u0327a\u0303o-obra-de-arte.001-768x576.jpg 768w, https:\/\/sigea.pt\/wp-content\/uploads\/2020\/07\/Miguel-Fonseca_6\u00ba-ano_Recriac\u0327a\u0303o-obra-de-arte.001-500x375.jpg 500w\" sizes=\"(max-width: 800px) 100vw, 800px\" \/><\/figure><\/li><li class=\"blocks-gallery-item\"><figure><img loading=\"lazy\" decoding=\"async\" width=\"800\" height=\"573\" src=\"https:\/\/sigea.pt\/wp-content\/uploads\/2020\/07\/Ricardo-Apura_6\u00ba-ano_Recriac\u0327a\u0303o-de-uma-obra-de-arte-2.jpg\" alt=\"\" data-id=\"2691\" data-full-url=\"https:\/\/sigea.pt\/wp-content\/uploads\/2020\/07\/Ricardo-Apura_6\u00ba-ano_Recriac\u0327a\u0303o-de-uma-obra-de-arte-2.jpg\" data-link=\"https:\/\/sigea.pt\/?attachment_id=2691\" class=\"wp-image-2691\" srcset=\"https:\/\/sigea.pt\/wp-content\/uploads\/2020\/07\/Ricardo-Apura_6\u00ba-ano_Recriac\u0327a\u0303o-de-uma-obra-de-arte-2.jpg 800w, https:\/\/sigea.pt\/wp-content\/uploads\/2020\/07\/Ricardo-Apura_6\u00ba-ano_Recriac\u0327a\u0303o-de-uma-obra-de-arte-2-300x215.jpg 300w, https:\/\/sigea.pt\/wp-content\/uploads\/2020\/07\/Ricardo-Apura_6\u00ba-ano_Recriac\u0327a\u0303o-de-uma-obra-de-arte-2-768x550.jpg 768w, https:\/\/sigea.pt\/wp-content\/uploads\/2020\/07\/Ricardo-Apura_6\u00ba-ano_Recriac\u0327a\u0303o-de-uma-obra-de-arte-2-500x358.jpg 500w\" sizes=\"(max-width: 800px) 100vw, 800px\" \/><\/figure><\/li><li class=\"blocks-gallery-item\"><figure><img loading=\"lazy\" decoding=\"async\" width=\"798\" height=\"600\" src=\"https:\/\/sigea.pt\/wp-content\/uploads\/2020\/07\/Sima\u0303o-Pina_6\u00ba-ano_Recriac\u0327a\u0303o-de-uma-obra-de-arte-2.jpg\" alt=\"\" data-id=\"2692\" data-full-url=\"https:\/\/sigea.pt\/wp-content\/uploads\/2020\/07\/Sima\u0303o-Pina_6\u00ba-ano_Recriac\u0327a\u0303o-de-uma-obra-de-arte-2.jpg\" data-link=\"https:\/\/sigea.pt\/?attachment_id=2692\" class=\"wp-image-2692\" srcset=\"https:\/\/sigea.pt\/wp-content\/uploads\/2020\/07\/Sima\u0303o-Pina_6\u00ba-ano_Recriac\u0327a\u0303o-de-uma-obra-de-arte-2.jpg 798w, https:\/\/sigea.pt\/wp-content\/uploads\/2020\/07\/Sima\u0303o-Pina_6\u00ba-ano_Recriac\u0327a\u0303o-de-uma-obra-de-arte-2-300x226.jpg 300w, https:\/\/sigea.pt\/wp-content\/uploads\/2020\/07\/Sima\u0303o-Pina_6\u00ba-ano_Recriac\u0327a\u0303o-de-uma-obra-de-arte-2-768x577.jpg 768w, https:\/\/sigea.pt\/wp-content\/uploads\/2020\/07\/Sima\u0303o-Pina_6\u00ba-ano_Recriac\u0327a\u0303o-de-uma-obra-de-arte-2-500x376.jpg 500w\" sizes=\"(max-width: 798px) 100vw, 798px\" \/><\/figure><\/li><li class=\"blocks-gallery-item\"><figure><img loading=\"lazy\" decoding=\"async\" width=\"800\" height=\"535\" src=\"https:\/\/sigea.pt\/wp-content\/uploads\/2020\/07\/Sofia-Pinto_6\u00ba-ano_Recriac\u0327a\u0303o-de-uma-obra-de-arte.jpg\" alt=\"\" data-id=\"2693\" data-full-url=\"https:\/\/sigea.pt\/wp-content\/uploads\/2020\/07\/Sofia-Pinto_6\u00ba-ano_Recriac\u0327a\u0303o-de-uma-obra-de-arte.jpg\" data-link=\"https:\/\/sigea.pt\/?attachment_id=2693\" class=\"wp-image-2693\" srcset=\"https:\/\/sigea.pt\/wp-content\/uploads\/2020\/07\/Sofia-Pinto_6\u00ba-ano_Recriac\u0327a\u0303o-de-uma-obra-de-arte.jpg 800w, https:\/\/sigea.pt\/wp-content\/uploads\/2020\/07\/Sofia-Pinto_6\u00ba-ano_Recriac\u0327a\u0303o-de-uma-obra-de-arte-300x201.jpg 300w, https:\/\/sigea.pt\/wp-content\/uploads\/2020\/07\/Sofia-Pinto_6\u00ba-ano_Recriac\u0327a\u0303o-de-uma-obra-de-arte-768x514.jpg 768w, https:\/\/sigea.pt\/wp-content\/uploads\/2020\/07\/Sofia-Pinto_6\u00ba-ano_Recriac\u0327a\u0303o-de-uma-obra-de-arte-500x334.jpg 500w, https:\/\/sigea.pt\/wp-content\/uploads\/2020\/07\/Sofia-Pinto_6\u00ba-ano_Recriac\u0327a\u0303o-de-uma-obra-de-arte-400x269.jpg 400w\" sizes=\"(max-width: 800px) 100vw, 800px\" \/><\/figure><\/li><li class=\"blocks-gallery-item\"><figure><img loading=\"lazy\" decoding=\"async\" width=\"800\" height=\"550\" src=\"https:\/\/sigea.pt\/wp-content\/uploads\/2020\/07\/Teresa-Martinez_6\u00ba-ano_Recriac\u0327a\u0303o-de-uma-obra-de-arte.jpg\" alt=\"\" data-id=\"2694\" data-full-url=\"https:\/\/sigea.pt\/wp-content\/uploads\/2020\/07\/Teresa-Martinez_6\u00ba-ano_Recriac\u0327a\u0303o-de-uma-obra-de-arte.jpg\" data-link=\"https:\/\/sigea.pt\/?attachment_id=2694\" class=\"wp-image-2694\" srcset=\"https:\/\/sigea.pt\/wp-content\/uploads\/2020\/07\/Teresa-Martinez_6\u00ba-ano_Recriac\u0327a\u0303o-de-uma-obra-de-arte.jpg 800w, https:\/\/sigea.pt\/wp-content\/uploads\/2020\/07\/Teresa-Martinez_6\u00ba-ano_Recriac\u0327a\u0303o-de-uma-obra-de-arte-300x206.jpg 300w, https:\/\/sigea.pt\/wp-content\/uploads\/2020\/07\/Teresa-Martinez_6\u00ba-ano_Recriac\u0327a\u0303o-de-uma-obra-de-arte-768x528.jpg 768w, https:\/\/sigea.pt\/wp-content\/uploads\/2020\/07\/Teresa-Martinez_6\u00ba-ano_Recriac\u0327a\u0303o-de-uma-obra-de-arte-500x344.jpg 500w\" sizes=\"(max-width: 800px) 100vw, 800px\" \/><\/figure><\/li><li class=\"blocks-gallery-item\"><figure><img loading=\"lazy\" decoding=\"async\" width=\"358\" height=\"600\" src=\"https:\/\/sigea.pt\/wp-content\/uploads\/2020\/07\/Vitto\u0301ria-Castro_6\u00ba-ano_Recriac\u0327a\u0303o-obra-de-arte.jpg\" alt=\"\" data-id=\"2696\" data-full-url=\"https:\/\/sigea.pt\/wp-content\/uploads\/2020\/07\/Vitto\u0301ria-Castro_6\u00ba-ano_Recriac\u0327a\u0303o-obra-de-arte.jpg\" data-link=\"https:\/\/sigea.pt\/?attachment_id=2696\" class=\"wp-image-2696\" srcset=\"https:\/\/sigea.pt\/wp-content\/uploads\/2020\/07\/Vitto\u0301ria-Castro_6\u00ba-ano_Recriac\u0327a\u0303o-obra-de-arte.jpg 358w, https:\/\/sigea.pt\/wp-content\/uploads\/2020\/07\/Vitto\u0301ria-Castro_6\u00ba-ano_Recriac\u0327a\u0303o-obra-de-arte-179x300.jpg 179w\" sizes=\"(max-width: 358px) 100vw, 358px\" \/><\/figure><\/li><li class=\"blocks-gallery-item\"><figure><img loading=\"lazy\" decoding=\"async\" width=\"800\" height=\"516\" src=\"https:\/\/sigea.pt\/wp-content\/uploads\/2020\/07\/Vasco-Augusto_6\u00ba-ano_Recriac\u0327a\u0303o-obra-de-arte.jpg\" alt=\"\" data-id=\"2695\" data-full-url=\"https:\/\/sigea.pt\/wp-content\/uploads\/2020\/07\/Vasco-Augusto_6\u00ba-ano_Recriac\u0327a\u0303o-obra-de-arte.jpg\" data-link=\"https:\/\/sigea.pt\/?attachment_id=2695\" class=\"wp-image-2695 is-layout-flex wp-block-gallery-is-layout-flex\" srcset=\"https:\/\/sigea.pt\/wp-content\/uploads\/2020\/07\/Vasco-Augusto_6\u00ba-ano_Recriac\u0327a\u0303o-obra-de-arte.jpg 800w, https:\/\/sigea.pt\/wp-content\/uploads\/2020\/07\/Vasco-Augusto_6\u00ba-ano_Recriac\u0327a\u0303o-obra-de-arte-300x194.jpg 300w, https:\/\/sigea.pt\/wp-content\/uploads\/2020\/07\/Vasco-Augusto_6\u00ba-ano_Recriac\u0327a\u0303o-obra-de-arte-768x495.jpg 768w, https:\/\/sigea.pt\/wp-content\/uploads\/2020\/07\/Vasco-Augusto_6\u00ba-ano_Recriac\u0327a\u0303o-obra-de-arte-500x323.jpg 500w\" sizes=\"(max-width: 800px) 100vw, 800px\" \/><\/figure><\/li><\/ul><\/figure>\n\n\n\n<p><strong>Valores Humanos<\/strong><\/p>\n\n\n\n<figure class=\"wp-block-gallery columns-3 is-cropped wp-block-gallery-2\"><ul class=\"blocks-gallery-grid\"><li class=\"blocks-gallery-item\"><figure><img loading=\"lazy\" decoding=\"async\" width=\"800\" height=\"600\" src=\"https:\/\/sigea.pt\/wp-content\/uploads\/2020\/07\/Alice-Ostle_6\u00ba-ano_Cartaz-Valores-Humanos.jpg\" alt=\"\" data-id=\"2697\" data-full-url=\"https:\/\/sigea.pt\/wp-content\/uploads\/2020\/07\/Alice-Ostle_6\u00ba-ano_Cartaz-Valores-Humanos.jpg\" data-link=\"https:\/\/sigea.pt\/?attachment_id=2697\" class=\"wp-image-2697\" srcset=\"https:\/\/sigea.pt\/wp-content\/uploads\/2020\/07\/Alice-Ostle_6\u00ba-ano_Cartaz-Valores-Humanos.jpg 800w, https:\/\/sigea.pt\/wp-content\/uploads\/2020\/07\/Alice-Ostle_6\u00ba-ano_Cartaz-Valores-Humanos-300x225.jpg 300w, https:\/\/sigea.pt\/wp-content\/uploads\/2020\/07\/Alice-Ostle_6\u00ba-ano_Cartaz-Valores-Humanos-768x576.jpg 768w, https:\/\/sigea.pt\/wp-content\/uploads\/2020\/07\/Alice-Ostle_6\u00ba-ano_Cartaz-Valores-Humanos-500x375.jpg 500w\" sizes=\"(max-width: 800px) 100vw, 800px\" \/><\/figure><\/li><li class=\"blocks-gallery-item\"><figure><img loading=\"lazy\" decoding=\"async\" width=\"800\" height=\"600\" src=\"https:\/\/sigea.pt\/wp-content\/uploads\/2020\/07\/Baltazar-Nunes_6\u00ba-ano_Cartaz.jpg\" alt=\"\" data-id=\"2698\" data-full-url=\"https:\/\/sigea.pt\/wp-content\/uploads\/2020\/07\/Baltazar-Nunes_6\u00ba-ano_Cartaz.jpg\" data-link=\"https:\/\/sigea.pt\/?attachment_id=2698\" class=\"wp-image-2698\" srcset=\"https:\/\/sigea.pt\/wp-content\/uploads\/2020\/07\/Baltazar-Nunes_6\u00ba-ano_Cartaz.jpg 800w, https:\/\/sigea.pt\/wp-content\/uploads\/2020\/07\/Baltazar-Nunes_6\u00ba-ano_Cartaz-300x225.jpg 300w, https:\/\/sigea.pt\/wp-content\/uploads\/2020\/07\/Baltazar-Nunes_6\u00ba-ano_Cartaz-768x576.jpg 768w, https:\/\/sigea.pt\/wp-content\/uploads\/2020\/07\/Baltazar-Nunes_6\u00ba-ano_Cartaz-500x375.jpg 500w\" sizes=\"(max-width: 800px) 100vw, 800px\" \/><\/figure><\/li><li class=\"blocks-gallery-item\"><figure><img loading=\"lazy\" decoding=\"async\" width=\"800\" height=\"600\" src=\"https:\/\/sigea.pt\/wp-content\/uploads\/2020\/07\/Beatriz-Cristo\u0301va\u0303o_6\u00ba-ano_Cartaz-Valores-Humanos.001.jpg\" alt=\"\" data-id=\"2699\" data-full-url=\"https:\/\/sigea.pt\/wp-content\/uploads\/2020\/07\/Beatriz-Cristo\u0301va\u0303o_6\u00ba-ano_Cartaz-Valores-Humanos.001.jpg\" data-link=\"https:\/\/sigea.pt\/?attachment_id=2699\" class=\"wp-image-2699\" srcset=\"https:\/\/sigea.pt\/wp-content\/uploads\/2020\/07\/Beatriz-Cristo\u0301va\u0303o_6\u00ba-ano_Cartaz-Valores-Humanos.001.jpg 800w, https:\/\/sigea.pt\/wp-content\/uploads\/2020\/07\/Beatriz-Cristo\u0301va\u0303o_6\u00ba-ano_Cartaz-Valores-Humanos.001-300x225.jpg 300w, https:\/\/sigea.pt\/wp-content\/uploads\/2020\/07\/Beatriz-Cristo\u0301va\u0303o_6\u00ba-ano_Cartaz-Valores-Humanos.001-768x576.jpg 768w, https:\/\/sigea.pt\/wp-content\/uploads\/2020\/07\/Beatriz-Cristo\u0301va\u0303o_6\u00ba-ano_Cartaz-Valores-Humanos.001-500x375.jpg 500w\" sizes=\"(max-width: 800px) 100vw, 800px\" \/><\/figure><\/li><li class=\"blocks-gallery-item\"><figure><img loading=\"lazy\" decoding=\"async\" width=\"800\" height=\"580\" src=\"https:\/\/sigea.pt\/wp-content\/uploads\/2020\/07\/Beatriz-Pires_6\u00ba-ano_Cartaz.jpg\" alt=\"\" data-id=\"2700\" data-full-url=\"https:\/\/sigea.pt\/wp-content\/uploads\/2020\/07\/Beatriz-Pires_6\u00ba-ano_Cartaz.jpg\" data-link=\"https:\/\/sigea.pt\/?attachment_id=2700\" class=\"wp-image-2700\" srcset=\"https:\/\/sigea.pt\/wp-content\/uploads\/2020\/07\/Beatriz-Pires_6\u00ba-ano_Cartaz.jpg 800w, https:\/\/sigea.pt\/wp-content\/uploads\/2020\/07\/Beatriz-Pires_6\u00ba-ano_Cartaz-300x218.jpg 300w, https:\/\/sigea.pt\/wp-content\/uploads\/2020\/07\/Beatriz-Pires_6\u00ba-ano_Cartaz-768x557.jpg 768w, https:\/\/sigea.pt\/wp-content\/uploads\/2020\/07\/Beatriz-Pires_6\u00ba-ano_Cartaz-500x363.jpg 500w\" sizes=\"(max-width: 800px) 100vw, 800px\" \/><\/figure><\/li><li class=\"blocks-gallery-item\"><figure><img loading=\"lazy\" decoding=\"async\" width=\"432\" height=\"600\" src=\"https:\/\/sigea.pt\/wp-content\/uploads\/2020\/07\/Clara-Pires_6\u00ba-ano_Cartaz-Valores-Humanos.001.jpg\" alt=\"\" data-id=\"2701\" data-full-url=\"https:\/\/sigea.pt\/wp-content\/uploads\/2020\/07\/Clara-Pires_6\u00ba-ano_Cartaz-Valores-Humanos.001.jpg\" data-link=\"https:\/\/sigea.pt\/?attachment_id=2701\" class=\"wp-image-2701\" srcset=\"https:\/\/sigea.pt\/wp-content\/uploads\/2020\/07\/Clara-Pires_6\u00ba-ano_Cartaz-Valores-Humanos.001.jpg 432w, https:\/\/sigea.pt\/wp-content\/uploads\/2020\/07\/Clara-Pires_6\u00ba-ano_Cartaz-Valores-Humanos.001-216x300.jpg 216w\" sizes=\"(max-width: 432px) 100vw, 432px\" \/><\/figure><\/li><li class=\"blocks-gallery-item\"><figure><img loading=\"lazy\" decoding=\"async\" width=\"780\" height=\"600\" src=\"https:\/\/sigea.pt\/wp-content\/uploads\/2020\/07\/Frederico-Lobo_6\u00ba-ano_Cartaz.jpg\" alt=\"\" data-id=\"2702\" data-full-url=\"https:\/\/sigea.pt\/wp-content\/uploads\/2020\/07\/Frederico-Lobo_6\u00ba-ano_Cartaz.jpg\" data-link=\"https:\/\/sigea.pt\/?attachment_id=2702\" class=\"wp-image-2702\" srcset=\"https:\/\/sigea.pt\/wp-content\/uploads\/2020\/07\/Frederico-Lobo_6\u00ba-ano_Cartaz.jpg 780w, https:\/\/sigea.pt\/wp-content\/uploads\/2020\/07\/Frederico-Lobo_6\u00ba-ano_Cartaz-300x231.jpg 300w, https:\/\/sigea.pt\/wp-content\/uploads\/2020\/07\/Frederico-Lobo_6\u00ba-ano_Cartaz-768x591.jpg 768w, https:\/\/sigea.pt\/wp-content\/uploads\/2020\/07\/Frederico-Lobo_6\u00ba-ano_Cartaz-500x385.jpg 500w\" sizes=\"(max-width: 780px) 100vw, 780px\" \/><\/figure><\/li><li class=\"blocks-gallery-item\"><figure><img loading=\"lazy\" decoding=\"async\" width=\"514\" height=\"600\" src=\"https:\/\/sigea.pt\/wp-content\/uploads\/2020\/07\/Lui\u0301sa-Garcia_6\u00ba-ano_Cartaz-2.jpg\" alt=\"\" data-id=\"2703\" data-full-url=\"https:\/\/sigea.pt\/wp-content\/uploads\/2020\/07\/Lui\u0301sa-Garcia_6\u00ba-ano_Cartaz-2.jpg\" data-link=\"https:\/\/sigea.pt\/?attachment_id=2703\" class=\"wp-image-2703\" srcset=\"https:\/\/sigea.pt\/wp-content\/uploads\/2020\/07\/Lui\u0301sa-Garcia_6\u00ba-ano_Cartaz-2.jpg 514w, https:\/\/sigea.pt\/wp-content\/uploads\/2020\/07\/Lui\u0301sa-Garcia_6\u00ba-ano_Cartaz-2-257x300.jpg 257w, https:\/\/sigea.pt\/wp-content\/uploads\/2020\/07\/Lui\u0301sa-Garcia_6\u00ba-ano_Cartaz-2-500x584.jpg 500w\" sizes=\"(max-width: 514px) 100vw, 514px\" \/><\/figure><\/li><li class=\"blocks-gallery-item\"><figure><img loading=\"lazy\" decoding=\"async\" width=\"766\" height=\"600\" src=\"https:\/\/sigea.pt\/wp-content\/uploads\/2020\/07\/Manuela-Ribeiro_6\u00ba-ano_Cartaz-2.jpg\" alt=\"\" data-id=\"2704\" data-full-url=\"https:\/\/sigea.pt\/wp-content\/uploads\/2020\/07\/Manuela-Ribeiro_6\u00ba-ano_Cartaz-2.jpg\" data-link=\"https:\/\/sigea.pt\/?attachment_id=2704\" class=\"wp-image-2704\" srcset=\"https:\/\/sigea.pt\/wp-content\/uploads\/2020\/07\/Manuela-Ribeiro_6\u00ba-ano_Cartaz-2.jpg 766w, https:\/\/sigea.pt\/wp-content\/uploads\/2020\/07\/Manuela-Ribeiro_6\u00ba-ano_Cartaz-2-300x235.jpg 300w, https:\/\/sigea.pt\/wp-content\/uploads\/2020\/07\/Manuela-Ribeiro_6\u00ba-ano_Cartaz-2-500x392.jpg 500w\" sizes=\"(max-width: 766px) 100vw, 766px\" \/><\/figure><\/li><li class=\"blocks-gallery-item\"><figure><img loading=\"lazy\" decoding=\"async\" width=\"654\" height=\"600\" src=\"https:\/\/sigea.pt\/wp-content\/uploads\/2020\/07\/Margarida-Narciso_6\u00ba-ano_Cartaz-2.jpg\" alt=\"\" data-id=\"2705\" data-full-url=\"https:\/\/sigea.pt\/wp-content\/uploads\/2020\/07\/Margarida-Narciso_6\u00ba-ano_Cartaz-2.jpg\" data-link=\"https:\/\/sigea.pt\/?attachment_id=2705\" class=\"wp-image-2705\" srcset=\"https:\/\/sigea.pt\/wp-content\/uploads\/2020\/07\/Margarida-Narciso_6\u00ba-ano_Cartaz-2.jpg 654w, https:\/\/sigea.pt\/wp-content\/uploads\/2020\/07\/Margarida-Narciso_6\u00ba-ano_Cartaz-2-300x275.jpg 300w, https:\/\/sigea.pt\/wp-content\/uploads\/2020\/07\/Margarida-Narciso_6\u00ba-ano_Cartaz-2-500x459.jpg 500w\" sizes=\"(max-width: 654px) 100vw, 654px\" \/><\/figure><\/li><li class=\"blocks-gallery-item\"><figure><img loading=\"lazy\" decoding=\"async\" width=\"509\" height=\"600\" src=\"https:\/\/sigea.pt\/wp-content\/uploads\/2020\/07\/Margarida-Tavares_6\u00ba-ano_Cartaz.jpg\" alt=\"\" data-id=\"2706\" data-full-url=\"https:\/\/sigea.pt\/wp-content\/uploads\/2020\/07\/Margarida-Tavares_6\u00ba-ano_Cartaz.jpg\" data-link=\"https:\/\/sigea.pt\/?attachment_id=2706\" class=\"wp-image-2706\" srcset=\"https:\/\/sigea.pt\/wp-content\/uploads\/2020\/07\/Margarida-Tavares_6\u00ba-ano_Cartaz.jpg 509w, https:\/\/sigea.pt\/wp-content\/uploads\/2020\/07\/Margarida-Tavares_6\u00ba-ano_Cartaz-255x300.jpg 255w, https:\/\/sigea.pt\/wp-content\/uploads\/2020\/07\/Margarida-Tavares_6\u00ba-ano_Cartaz-500x589.jpg 500w\" sizes=\"(max-width: 509px) 100vw, 509px\" \/><\/figure><\/li><li class=\"blocks-gallery-item\"><figure><img loading=\"lazy\" decoding=\"async\" width=\"450\" height=\"600\" src=\"https:\/\/sigea.pt\/wp-content\/uploads\/2020\/07\/Maria-Marques_6\u00ba-ano_Cartaz-2.jpg\" alt=\"\" data-id=\"2707\" data-full-url=\"https:\/\/sigea.pt\/wp-content\/uploads\/2020\/07\/Maria-Marques_6\u00ba-ano_Cartaz-2.jpg\" data-link=\"https:\/\/sigea.pt\/?attachment_id=2707\" class=\"wp-image-2707\" srcset=\"https:\/\/sigea.pt\/wp-content\/uploads\/2020\/07\/Maria-Marques_6\u00ba-ano_Cartaz-2.jpg 450w, https:\/\/sigea.pt\/wp-content\/uploads\/2020\/07\/Maria-Marques_6\u00ba-ano_Cartaz-2-225x300.jpg 225w\" sizes=\"(max-width: 450px) 100vw, 450px\" \/><\/figure><\/li><li class=\"blocks-gallery-item\"><figure><img loading=\"lazy\" decoding=\"async\" width=\"636\" height=\"1024\" src=\"https:\/\/sigea.pt\/wp-content\/uploads\/2020\/07\/Maria-Venes_6\u00ba-ano_Cartaz-636x1024.jpeg\" alt=\"\" data-id=\"2708\" data-full-url=\"https:\/\/sigea.pt\/wp-content\/uploads\/2020\/07\/Maria-Venes_6\u00ba-ano_Cartaz.jpeg\" data-link=\"https:\/\/sigea.pt\/?attachment_id=2708\" class=\"wp-image-2708\" srcset=\"https:\/\/sigea.pt\/wp-content\/uploads\/2020\/07\/Maria-Venes_6\u00ba-ano_Cartaz-636x1024.jpeg 636w, https:\/\/sigea.pt\/wp-content\/uploads\/2020\/07\/Maria-Venes_6\u00ba-ano_Cartaz-186x300.jpeg 186w, https:\/\/sigea.pt\/wp-content\/uploads\/2020\/07\/Maria-Venes_6\u00ba-ano_Cartaz-768x1237.jpeg 768w, https:\/\/sigea.pt\/wp-content\/uploads\/2020\/07\/Maria-Venes_6\u00ba-ano_Cartaz-954x1536.jpeg 954w, https:\/\/sigea.pt\/wp-content\/uploads\/2020\/07\/Maria-Venes_6\u00ba-ano_Cartaz-500x805.jpeg 500w, https:\/\/sigea.pt\/wp-content\/uploads\/2020\/07\/Maria-Venes_6\u00ba-ano_Cartaz.jpeg 1192w\" sizes=\"(max-width: 636px) 100vw, 636px\" \/><\/figure><\/li><li class=\"blocks-gallery-item\"><figure><img loading=\"lazy\" decoding=\"async\" width=\"437\" height=\"600\" src=\"https:\/\/sigea.pt\/wp-content\/uploads\/2020\/07\/Matilde-Almeida_6\u00ba-ano_Cartaz.jpg\" alt=\"\" data-id=\"2709\" data-full-url=\"https:\/\/sigea.pt\/wp-content\/uploads\/2020\/07\/Matilde-Almeida_6\u00ba-ano_Cartaz.jpg\" data-link=\"https:\/\/sigea.pt\/?attachment_id=2709\" class=\"wp-image-2709\" srcset=\"https:\/\/sigea.pt\/wp-content\/uploads\/2020\/07\/Matilde-Almeida_6\u00ba-ano_Cartaz.jpg 437w, https:\/\/sigea.pt\/wp-content\/uploads\/2020\/07\/Matilde-Almeida_6\u00ba-ano_Cartaz-219x300.jpg 219w\" sizes=\"(max-width: 437px) 100vw, 437px\" \/><\/figure><\/li><li class=\"blocks-gallery-item\"><figure><img loading=\"lazy\" decoding=\"async\" width=\"425\" height=\"600\" src=\"https:\/\/sigea.pt\/wp-content\/uploads\/2020\/07\/Miguel-Fonseca_6\u00ba-ano_Cartaz.jpg\" alt=\"\" data-id=\"2710\" data-full-url=\"https:\/\/sigea.pt\/wp-content\/uploads\/2020\/07\/Miguel-Fonseca_6\u00ba-ano_Cartaz.jpg\" data-link=\"https:\/\/sigea.pt\/?attachment_id=2710\" class=\"wp-image-2710\" srcset=\"https:\/\/sigea.pt\/wp-content\/uploads\/2020\/07\/Miguel-Fonseca_6\u00ba-ano_Cartaz.jpg 425w, https:\/\/sigea.pt\/wp-content\/uploads\/2020\/07\/Miguel-Fonseca_6\u00ba-ano_Cartaz-213x300.jpg 213w\" sizes=\"(max-width: 425px) 100vw, 425px\" \/><\/figure><\/li><li class=\"blocks-gallery-item\"><figure><img loading=\"lazy\" decoding=\"async\" width=\"800\" height=\"565\" src=\"https:\/\/sigea.pt\/wp-content\/uploads\/2020\/07\/Ricardo-Apura_6\u00ba-ano_Cartaz_trabalho-final.jpg\" alt=\"\" data-id=\"2711\" data-full-url=\"https:\/\/sigea.pt\/wp-content\/uploads\/2020\/07\/Ricardo-Apura_6\u00ba-ano_Cartaz_trabalho-final.jpg\" data-link=\"https:\/\/sigea.pt\/?attachment_id=2711\" class=\"wp-image-2711\" srcset=\"https:\/\/sigea.pt\/wp-content\/uploads\/2020\/07\/Ricardo-Apura_6\u00ba-ano_Cartaz_trabalho-final.jpg 800w, https:\/\/sigea.pt\/wp-content\/uploads\/2020\/07\/Ricardo-Apura_6\u00ba-ano_Cartaz_trabalho-final-300x212.jpg 300w, https:\/\/sigea.pt\/wp-content\/uploads\/2020\/07\/Ricardo-Apura_6\u00ba-ano_Cartaz_trabalho-final-768x542.jpg 768w, https:\/\/sigea.pt\/wp-content\/uploads\/2020\/07\/Ricardo-Apura_6\u00ba-ano_Cartaz_trabalho-final-500x353.jpg 500w\" sizes=\"(max-width: 800px) 100vw, 800px\" \/><\/figure><\/li><li class=\"blocks-gallery-item\"><figure><img loading=\"lazy\" decoding=\"async\" width=\"419\" height=\"600\" src=\"https:\/\/sigea.pt\/wp-content\/uploads\/2020\/07\/Sima\u0303o-Pina_6\u00ba-ano_Cartaz-2.jpg\" alt=\"\" data-id=\"2712\" data-full-url=\"https:\/\/sigea.pt\/wp-content\/uploads\/2020\/07\/Sima\u0303o-Pina_6\u00ba-ano_Cartaz-2.jpg\" data-link=\"https:\/\/sigea.pt\/?attachment_id=2712\" class=\"wp-image-2712\" srcset=\"https:\/\/sigea.pt\/wp-content\/uploads\/2020\/07\/Sima\u0303o-Pina_6\u00ba-ano_Cartaz-2.jpg 419w, https:\/\/sigea.pt\/wp-content\/uploads\/2020\/07\/Sima\u0303o-Pina_6\u00ba-ano_Cartaz-2-210x300.jpg 210w\" sizes=\"(max-width: 419px) 100vw, 419px\" \/><\/figure><\/li><li class=\"blocks-gallery-item\"><figure><img loading=\"lazy\" decoding=\"async\" width=\"775\" height=\"600\" src=\"https:\/\/sigea.pt\/wp-content\/uploads\/2020\/07\/Sofia-Pinto_6\u00ba-ano_Cartaz.jpg\" alt=\"\" data-id=\"2713\" data-full-url=\"https:\/\/sigea.pt\/wp-content\/uploads\/2020\/07\/Sofia-Pinto_6\u00ba-ano_Cartaz.jpg\" data-link=\"https:\/\/sigea.pt\/?attachment_id=2713\" class=\"wp-image-2713\" srcset=\"https:\/\/sigea.pt\/wp-content\/uploads\/2020\/07\/Sofia-Pinto_6\u00ba-ano_Cartaz.jpg 775w, https:\/\/sigea.pt\/wp-content\/uploads\/2020\/07\/Sofia-Pinto_6\u00ba-ano_Cartaz-300x232.jpg 300w, https:\/\/sigea.pt\/wp-content\/uploads\/2020\/07\/Sofia-Pinto_6\u00ba-ano_Cartaz-768x595.jpg 768w, https:\/\/sigea.pt\/wp-content\/uploads\/2020\/07\/Sofia-Pinto_6\u00ba-ano_Cartaz-500x387.jpg 500w\" sizes=\"(max-width: 775px) 100vw, 775px\" \/><\/figure><\/li><li class=\"blocks-gallery-item\"><figure><img loading=\"lazy\" decoding=\"async\" width=\"800\" height=\"496\" src=\"https:\/\/sigea.pt\/wp-content\/uploads\/2020\/07\/Teresa-Martinez_6\u00ba-ano_Cartaz.jpg\" alt=\"\" data-id=\"2714\" data-full-url=\"https:\/\/sigea.pt\/wp-content\/uploads\/2020\/07\/Teresa-Martinez_6\u00ba-ano_Cartaz.jpg\" data-link=\"https:\/\/sigea.pt\/?attachment_id=2714\" class=\"wp-image-2714\" srcset=\"https:\/\/sigea.pt\/wp-content\/uploads\/2020\/07\/Teresa-Martinez_6\u00ba-ano_Cartaz.jpg 800w, https:\/\/sigea.pt\/wp-content\/uploads\/2020\/07\/Teresa-Martinez_6\u00ba-ano_Cartaz-300x186.jpg 300w, https:\/\/sigea.pt\/wp-content\/uploads\/2020\/07\/Teresa-Martinez_6\u00ba-ano_Cartaz-768x476.jpg 768w, https:\/\/sigea.pt\/wp-content\/uploads\/2020\/07\/Teresa-Martinez_6\u00ba-ano_Cartaz-500x310.jpg 500w\" sizes=\"(max-width: 800px) 100vw, 800px\" \/><\/figure><\/li><li class=\"blocks-gallery-item\"><figure><img loading=\"lazy\" decoding=\"async\" width=\"800\" height=\"510\" src=\"https:\/\/sigea.pt\/wp-content\/uploads\/2020\/07\/Vittoria-Castro_6\u00ba-ano_Cartaz.jpg\" alt=\"\" data-id=\"2715\" data-full-url=\"https:\/\/sigea.pt\/wp-content\/uploads\/2020\/07\/Vittoria-Castro_6\u00ba-ano_Cartaz.jpg\" data-link=\"https:\/\/sigea.pt\/?attachment_id=2715\" class=\"wp-image-2715 is-layout-flex wp-block-gallery-is-layout-flex\" srcset=\"https:\/\/sigea.pt\/wp-content\/uploads\/2020\/07\/Vittoria-Castro_6\u00ba-ano_Cartaz.jpg 800w, https:\/\/sigea.pt\/wp-content\/uploads\/2020\/07\/Vittoria-Castro_6\u00ba-ano_Cartaz-300x191.jpg 300w, https:\/\/sigea.pt\/wp-content\/uploads\/2020\/07\/Vittoria-Castro_6\u00ba-ano_Cartaz-768x490.jpg 768w, https:\/\/sigea.pt\/wp-content\/uploads\/2020\/07\/Vittoria-Castro_6\u00ba-ano_Cartaz-500x319.jpg 500w\" sizes=\"(max-width: 800px) 100vw, 800px\" \/><\/figure><\/li><\/ul><\/figure>\n\n\n\n<p><strong>Patrim\u00f3nio e simetria<\/strong><\/p>\n\n\n\n<figure class=\"wp-block-gallery columns-3 is-cropped wp-block-gallery-3\"><ul class=\"blocks-gallery-grid\"><li class=\"blocks-gallery-item\"><figure><img loading=\"lazy\" decoding=\"async\" width=\"800\" height=\"600\" src=\"https:\/\/sigea.pt\/wp-content\/uploads\/2020\/07\/Alice-Ostle_6\u00ba-ano_Patrimo\u0301nio-e-simetria.001.jpg\" alt=\"\" data-id=\"2716\" data-full-url=\"https:\/\/sigea.pt\/wp-content\/uploads\/2020\/07\/Alice-Ostle_6\u00ba-ano_Patrimo\u0301nio-e-simetria.001.jpg\" data-link=\"https:\/\/sigea.pt\/?attachment_id=2716\" class=\"wp-image-2716\" srcset=\"https:\/\/sigea.pt\/wp-content\/uploads\/2020\/07\/Alice-Ostle_6\u00ba-ano_Patrimo\u0301nio-e-simetria.001.jpg 800w, https:\/\/sigea.pt\/wp-content\/uploads\/2020\/07\/Alice-Ostle_6\u00ba-ano_Patrimo\u0301nio-e-simetria.001-300x225.jpg 300w, https:\/\/sigea.pt\/wp-content\/uploads\/2020\/07\/Alice-Ostle_6\u00ba-ano_Patrimo\u0301nio-e-simetria.001-768x576.jpg 768w, https:\/\/sigea.pt\/wp-content\/uploads\/2020\/07\/Alice-Ostle_6\u00ba-ano_Patrimo\u0301nio-e-simetria.001-500x375.jpg 500w\" sizes=\"(max-width: 800px) 100vw, 800px\" \/><\/figure><\/li><li class=\"blocks-gallery-item\"><figure><img loading=\"lazy\" decoding=\"async\" width=\"800\" height=\"600\" src=\"https:\/\/sigea.pt\/wp-content\/uploads\/2020\/07\/Baltazar-Nunes_6\u00ba-ano_Patrimo\u0301nio-e-Simetria.001.jpg\" alt=\"\" data-id=\"2717\" data-full-url=\"https:\/\/sigea.pt\/wp-content\/uploads\/2020\/07\/Baltazar-Nunes_6\u00ba-ano_Patrimo\u0301nio-e-Simetria.001.jpg\" data-link=\"https:\/\/sigea.pt\/?attachment_id=2717\" class=\"wp-image-2717\" srcset=\"https:\/\/sigea.pt\/wp-content\/uploads\/2020\/07\/Baltazar-Nunes_6\u00ba-ano_Patrimo\u0301nio-e-Simetria.001.jpg 800w, https:\/\/sigea.pt\/wp-content\/uploads\/2020\/07\/Baltazar-Nunes_6\u00ba-ano_Patrimo\u0301nio-e-Simetria.001-300x225.jpg 300w, https:\/\/sigea.pt\/wp-content\/uploads\/2020\/07\/Baltazar-Nunes_6\u00ba-ano_Patrimo\u0301nio-e-Simetria.001-768x576.jpg 768w, https:\/\/sigea.pt\/wp-content\/uploads\/2020\/07\/Baltazar-Nunes_6\u00ba-ano_Patrimo\u0301nio-e-Simetria.001-500x375.jpg 500w\" sizes=\"(max-width: 800px) 100vw, 800px\" \/><\/figure><\/li><li class=\"blocks-gallery-item\"><figure><img loading=\"lazy\" decoding=\"async\" width=\"800\" height=\"600\" src=\"https:\/\/sigea.pt\/wp-content\/uploads\/2020\/07\/Beatriz-Cristo\u0301va\u0303o_6\u00ba-ano_Patrimo\u0301nio-e-Simetria.001.jpg\" alt=\"\" data-id=\"2718\" data-full-url=\"https:\/\/sigea.pt\/wp-content\/uploads\/2020\/07\/Beatriz-Cristo\u0301va\u0303o_6\u00ba-ano_Patrimo\u0301nio-e-Simetria.001.jpg\" data-link=\"https:\/\/sigea.pt\/?attachment_id=2718\" class=\"wp-image-2718\" srcset=\"https:\/\/sigea.pt\/wp-content\/uploads\/2020\/07\/Beatriz-Cristo\u0301va\u0303o_6\u00ba-ano_Patrimo\u0301nio-e-Simetria.001.jpg 800w, https:\/\/sigea.pt\/wp-content\/uploads\/2020\/07\/Beatriz-Cristo\u0301va\u0303o_6\u00ba-ano_Patrimo\u0301nio-e-Simetria.001-300x225.jpg 300w, https:\/\/sigea.pt\/wp-content\/uploads\/2020\/07\/Beatriz-Cristo\u0301va\u0303o_6\u00ba-ano_Patrimo\u0301nio-e-Simetria.001-768x576.jpg 768w, https:\/\/sigea.pt\/wp-content\/uploads\/2020\/07\/Beatriz-Cristo\u0301va\u0303o_6\u00ba-ano_Patrimo\u0301nio-e-Simetria.001-500x375.jpg 500w\" sizes=\"(max-width: 800px) 100vw, 800px\" \/><\/figure><\/li><li class=\"blocks-gallery-item\"><figure><img loading=\"lazy\" decoding=\"async\" width=\"800\" height=\"600\" src=\"https:\/\/sigea.pt\/wp-content\/uploads\/2020\/07\/Beatriz-Pereira_6\u00ba-ano_Patrimo\u0301nio-e-Simetria.001.jpg\" alt=\"\" data-id=\"2719\" data-full-url=\"https:\/\/sigea.pt\/wp-content\/uploads\/2020\/07\/Beatriz-Pereira_6\u00ba-ano_Patrimo\u0301nio-e-Simetria.001.jpg\" data-link=\"https:\/\/sigea.pt\/?attachment_id=2719\" class=\"wp-image-2719\" srcset=\"https:\/\/sigea.pt\/wp-content\/uploads\/2020\/07\/Beatriz-Pereira_6\u00ba-ano_Patrimo\u0301nio-e-Simetria.001.jpg 800w, https:\/\/sigea.pt\/wp-content\/uploads\/2020\/07\/Beatriz-Pereira_6\u00ba-ano_Patrimo\u0301nio-e-Simetria.001-300x225.jpg 300w, https:\/\/sigea.pt\/wp-content\/uploads\/2020\/07\/Beatriz-Pereira_6\u00ba-ano_Patrimo\u0301nio-e-Simetria.001-768x576.jpg 768w, https:\/\/sigea.pt\/wp-content\/uploads\/2020\/07\/Beatriz-Pereira_6\u00ba-ano_Patrimo\u0301nio-e-Simetria.001-500x375.jpg 500w\" sizes=\"(max-width: 800px) 100vw, 800px\" \/><\/figure><\/li><li class=\"blocks-gallery-item\"><figure><img loading=\"lazy\" decoding=\"async\" width=\"800\" height=\"600\" src=\"https:\/\/sigea.pt\/wp-content\/uploads\/2020\/07\/Beatriz-Pires_6\u00ba-ano_Patrimo\u0301nio-e-Simetria.001.jpg\" alt=\"\" data-id=\"2720\" data-full-url=\"https:\/\/sigea.pt\/wp-content\/uploads\/2020\/07\/Beatriz-Pires_6\u00ba-ano_Patrimo\u0301nio-e-Simetria.001.jpg\" data-link=\"https:\/\/sigea.pt\/?attachment_id=2720\" class=\"wp-image-2720\" srcset=\"https:\/\/sigea.pt\/wp-content\/uploads\/2020\/07\/Beatriz-Pires_6\u00ba-ano_Patrimo\u0301nio-e-Simetria.001.jpg 800w, https:\/\/sigea.pt\/wp-content\/uploads\/2020\/07\/Beatriz-Pires_6\u00ba-ano_Patrimo\u0301nio-e-Simetria.001-300x225.jpg 300w, https:\/\/sigea.pt\/wp-content\/uploads\/2020\/07\/Beatriz-Pires_6\u00ba-ano_Patrimo\u0301nio-e-Simetria.001-768x576.jpg 768w, https:\/\/sigea.pt\/wp-content\/uploads\/2020\/07\/Beatriz-Pires_6\u00ba-ano_Patrimo\u0301nio-e-Simetria.001-500x375.jpg 500w\" sizes=\"(max-width: 800px) 100vw, 800px\" \/><\/figure><\/li><li class=\"blocks-gallery-item\"><figure><img loading=\"lazy\" decoding=\"async\" width=\"800\" height=\"600\" src=\"https:\/\/sigea.pt\/wp-content\/uploads\/2020\/07\/Clara-Pires_6\u00ba-ano_Patrimo\u0301nio-e-Simetria.001.jpg\" alt=\"\" data-id=\"2721\" data-full-url=\"https:\/\/sigea.pt\/wp-content\/uploads\/2020\/07\/Clara-Pires_6\u00ba-ano_Patrimo\u0301nio-e-Simetria.001.jpg\" data-link=\"https:\/\/sigea.pt\/?attachment_id=2721\" class=\"wp-image-2721\" srcset=\"https:\/\/sigea.pt\/wp-content\/uploads\/2020\/07\/Clara-Pires_6\u00ba-ano_Patrimo\u0301nio-e-Simetria.001.jpg 800w, https:\/\/sigea.pt\/wp-content\/uploads\/2020\/07\/Clara-Pires_6\u00ba-ano_Patrimo\u0301nio-e-Simetria.001-300x225.jpg 300w, https:\/\/sigea.pt\/wp-content\/uploads\/2020\/07\/Clara-Pires_6\u00ba-ano_Patrimo\u0301nio-e-Simetria.001-768x576.jpg 768w, https:\/\/sigea.pt\/wp-content\/uploads\/2020\/07\/Clara-Pires_6\u00ba-ano_Patrimo\u0301nio-e-Simetria.001-500x375.jpg 500w\" sizes=\"(max-width: 800px) 100vw, 800px\" \/><\/figure><\/li><li class=\"blocks-gallery-item\"><figure><img loading=\"lazy\" decoding=\"async\" width=\"800\" height=\"600\" src=\"https:\/\/sigea.pt\/wp-content\/uploads\/2020\/07\/Francisco-Silva_6\u00ba-ano_Patrimo\u0301nio-e-Simetria.001.jpg\" alt=\"\" data-id=\"2722\" data-full-url=\"https:\/\/sigea.pt\/wp-content\/uploads\/2020\/07\/Francisco-Silva_6\u00ba-ano_Patrimo\u0301nio-e-Simetria.001.jpg\" data-link=\"https:\/\/sigea.pt\/?attachment_id=2722\" class=\"wp-image-2722\" srcset=\"https:\/\/sigea.pt\/wp-content\/uploads\/2020\/07\/Francisco-Silva_6\u00ba-ano_Patrimo\u0301nio-e-Simetria.001.jpg 800w, https:\/\/sigea.pt\/wp-content\/uploads\/2020\/07\/Francisco-Silva_6\u00ba-ano_Patrimo\u0301nio-e-Simetria.001-300x225.jpg 300w, https:\/\/sigea.pt\/wp-content\/uploads\/2020\/07\/Francisco-Silva_6\u00ba-ano_Patrimo\u0301nio-e-Simetria.001-768x576.jpg 768w, https:\/\/sigea.pt\/wp-content\/uploads\/2020\/07\/Francisco-Silva_6\u00ba-ano_Patrimo\u0301nio-e-Simetria.001-500x375.jpg 500w\" sizes=\"(max-width: 800px) 100vw, 800px\" \/><\/figure><\/li><li class=\"blocks-gallery-item\"><figure><img loading=\"lazy\" decoding=\"async\" width=\"800\" height=\"600\" src=\"https:\/\/sigea.pt\/wp-content\/uploads\/2020\/07\/Frederico-Lobo_6\u00ba-ano_Patrimo\u0301nio-e-Simetria.001.jpg\" alt=\"\" data-id=\"2723\" data-full-url=\"https:\/\/sigea.pt\/wp-content\/uploads\/2020\/07\/Frederico-Lobo_6\u00ba-ano_Patrimo\u0301nio-e-Simetria.001.jpg\" data-link=\"https:\/\/sigea.pt\/?attachment_id=2723\" class=\"wp-image-2723\" srcset=\"https:\/\/sigea.pt\/wp-content\/uploads\/2020\/07\/Frederico-Lobo_6\u00ba-ano_Patrimo\u0301nio-e-Simetria.001.jpg 800w, https:\/\/sigea.pt\/wp-content\/uploads\/2020\/07\/Frederico-Lobo_6\u00ba-ano_Patrimo\u0301nio-e-Simetria.001-300x225.jpg 300w, https:\/\/sigea.pt\/wp-content\/uploads\/2020\/07\/Frederico-Lobo_6\u00ba-ano_Patrimo\u0301nio-e-Simetria.001-768x576.jpg 768w, https:\/\/sigea.pt\/wp-content\/uploads\/2020\/07\/Frederico-Lobo_6\u00ba-ano_Patrimo\u0301nio-e-Simetria.001-500x375.jpg 500w\" sizes=\"(max-width: 800px) 100vw, 800px\" \/><\/figure><\/li><li class=\"blocks-gallery-item\"><figure><img loading=\"lazy\" decoding=\"async\" width=\"1024\" height=\"429\" src=\"https:\/\/sigea.pt\/wp-content\/uploads\/2020\/07\/Imagem-001-1024x429.jpg\" alt=\"\" data-id=\"2724\" data-full-url=\"https:\/\/sigea.pt\/wp-content\/uploads\/2020\/07\/Imagem-001.jpg\" data-link=\"https:\/\/sigea.pt\/?attachment_id=2724\" class=\"wp-image-2724\" srcset=\"https:\/\/sigea.pt\/wp-content\/uploads\/2020\/07\/Imagem-001-1024x429.jpg 1024w, https:\/\/sigea.pt\/wp-content\/uploads\/2020\/07\/Imagem-001-300x126.jpg 300w, https:\/\/sigea.pt\/wp-content\/uploads\/2020\/07\/Imagem-001-768x322.jpg 768w, https:\/\/sigea.pt\/wp-content\/uploads\/2020\/07\/Imagem-001-500x210.jpg 500w, https:\/\/sigea.pt\/wp-content\/uploads\/2020\/07\/Imagem-001.jpg 1286w\" sizes=\"(max-width: 1024px) 100vw, 1024px\" \/><\/figure><\/li><li class=\"blocks-gallery-item\"><figure><img loading=\"lazy\" decoding=\"async\" width=\"800\" height=\"600\" src=\"https:\/\/sigea.pt\/wp-content\/uploads\/2020\/07\/Ine\u0302s-Ribeiro_6\u00ba-ano_Patrimo\u0301nio-e-simetria.001.jpg\" alt=\"\" data-id=\"2725\" data-full-url=\"https:\/\/sigea.pt\/wp-content\/uploads\/2020\/07\/Ine\u0302s-Ribeiro_6\u00ba-ano_Patrimo\u0301nio-e-simetria.001.jpg\" data-link=\"https:\/\/sigea.pt\/?attachment_id=2725\" class=\"wp-image-2725\" srcset=\"https:\/\/sigea.pt\/wp-content\/uploads\/2020\/07\/Ine\u0302s-Ribeiro_6\u00ba-ano_Patrimo\u0301nio-e-simetria.001.jpg 800w, https:\/\/sigea.pt\/wp-content\/uploads\/2020\/07\/Ine\u0302s-Ribeiro_6\u00ba-ano_Patrimo\u0301nio-e-simetria.001-300x225.jpg 300w, https:\/\/sigea.pt\/wp-content\/uploads\/2020\/07\/Ine\u0302s-Ribeiro_6\u00ba-ano_Patrimo\u0301nio-e-simetria.001-768x576.jpg 768w, https:\/\/sigea.pt\/wp-content\/uploads\/2020\/07\/Ine\u0302s-Ribeiro_6\u00ba-ano_Patrimo\u0301nio-e-simetria.001-500x375.jpg 500w\" sizes=\"(max-width: 800px) 100vw, 800px\" \/><\/figure><\/li><li class=\"blocks-gallery-item\"><figure><img loading=\"lazy\" decoding=\"async\" width=\"800\" height=\"600\" src=\"https:\/\/sigea.pt\/wp-content\/uploads\/2020\/07\/Manuela-Ribeiro_6\u00ba-ano_Patrimo\u0301nio-e-Simetria.001.jpg\" alt=\"\" data-id=\"2726\" data-full-url=\"https:\/\/sigea.pt\/wp-content\/uploads\/2020\/07\/Manuela-Ribeiro_6\u00ba-ano_Patrimo\u0301nio-e-Simetria.001.jpg\" data-link=\"https:\/\/sigea.pt\/?attachment_id=2726\" class=\"wp-image-2726\" srcset=\"https:\/\/sigea.pt\/wp-content\/uploads\/2020\/07\/Manuela-Ribeiro_6\u00ba-ano_Patrimo\u0301nio-e-Simetria.001.jpg 800w, https:\/\/sigea.pt\/wp-content\/uploads\/2020\/07\/Manuela-Ribeiro_6\u00ba-ano_Patrimo\u0301nio-e-Simetria.001-300x225.jpg 300w, https:\/\/sigea.pt\/wp-content\/uploads\/2020\/07\/Manuela-Ribeiro_6\u00ba-ano_Patrimo\u0301nio-e-Simetria.001-768x576.jpg 768w, https:\/\/sigea.pt\/wp-content\/uploads\/2020\/07\/Manuela-Ribeiro_6\u00ba-ano_Patrimo\u0301nio-e-Simetria.001-500x375.jpg 500w\" sizes=\"(max-width: 800px) 100vw, 800px\" \/><\/figure><\/li><li class=\"blocks-gallery-item\"><figure><img loading=\"lazy\" decoding=\"async\" width=\"800\" height=\"600\" src=\"https:\/\/sigea.pt\/wp-content\/uploads\/2020\/07\/Margarida-Narciso_6\u00ba-ano_Patrimo\u0301nio-e-Simetria.001.jpg\" alt=\"\" data-id=\"2727\" data-full-url=\"https:\/\/sigea.pt\/wp-content\/uploads\/2020\/07\/Margarida-Narciso_6\u00ba-ano_Patrimo\u0301nio-e-Simetria.001.jpg\" data-link=\"https:\/\/sigea.pt\/?attachment_id=2727\" class=\"wp-image-2727\" srcset=\"https:\/\/sigea.pt\/wp-content\/uploads\/2020\/07\/Margarida-Narciso_6\u00ba-ano_Patrimo\u0301nio-e-Simetria.001.jpg 800w, https:\/\/sigea.pt\/wp-content\/uploads\/2020\/07\/Margarida-Narciso_6\u00ba-ano_Patrimo\u0301nio-e-Simetria.001-300x225.jpg 300w, https:\/\/sigea.pt\/wp-content\/uploads\/2020\/07\/Margarida-Narciso_6\u00ba-ano_Patrimo\u0301nio-e-Simetria.001-768x576.jpg 768w, https:\/\/sigea.pt\/wp-content\/uploads\/2020\/07\/Margarida-Narciso_6\u00ba-ano_Patrimo\u0301nio-e-Simetria.001-500x375.jpg 500w\" sizes=\"(max-width: 800px) 100vw, 800px\" \/><\/figure><\/li><li class=\"blocks-gallery-item\"><figure><img loading=\"lazy\" decoding=\"async\" width=\"800\" height=\"600\" src=\"https:\/\/sigea.pt\/wp-content\/uploads\/2020\/07\/Margarida-Tavares_6\u00ba-ano_Patrimo\u0301nio-e-Simetria.001.jpg\" alt=\"\" data-id=\"2728\" data-full-url=\"https:\/\/sigea.pt\/wp-content\/uploads\/2020\/07\/Margarida-Tavares_6\u00ba-ano_Patrimo\u0301nio-e-Simetria.001.jpg\" data-link=\"https:\/\/sigea.pt\/?attachment_id=2728\" class=\"wp-image-2728\" srcset=\"https:\/\/sigea.pt\/wp-content\/uploads\/2020\/07\/Margarida-Tavares_6\u00ba-ano_Patrimo\u0301nio-e-Simetria.001.jpg 800w, https:\/\/sigea.pt\/wp-content\/uploads\/2020\/07\/Margarida-Tavares_6\u00ba-ano_Patrimo\u0301nio-e-Simetria.001-300x225.jpg 300w, https:\/\/sigea.pt\/wp-content\/uploads\/2020\/07\/Margarida-Tavares_6\u00ba-ano_Patrimo\u0301nio-e-Simetria.001-768x576.jpg 768w, https:\/\/sigea.pt\/wp-content\/uploads\/2020\/07\/Margarida-Tavares_6\u00ba-ano_Patrimo\u0301nio-e-Simetria.001-500x375.jpg 500w\" sizes=\"(max-width: 800px) 100vw, 800px\" \/><\/figure><\/li><li class=\"blocks-gallery-item\"><figure><img loading=\"lazy\" decoding=\"async\" width=\"800\" height=\"600\" src=\"https:\/\/sigea.pt\/wp-content\/uploads\/2020\/07\/Maria-Marques_6\u00ba-ano_Patrimo\u0301nio-e-Simetria.001.jpg\" alt=\"\" data-id=\"2729\" data-full-url=\"https:\/\/sigea.pt\/wp-content\/uploads\/2020\/07\/Maria-Marques_6\u00ba-ano_Patrimo\u0301nio-e-Simetria.001.jpg\" data-link=\"https:\/\/sigea.pt\/?attachment_id=2729\" class=\"wp-image-2729\" srcset=\"https:\/\/sigea.pt\/wp-content\/uploads\/2020\/07\/Maria-Marques_6\u00ba-ano_Patrimo\u0301nio-e-Simetria.001.jpg 800w, https:\/\/sigea.pt\/wp-content\/uploads\/2020\/07\/Maria-Marques_6\u00ba-ano_Patrimo\u0301nio-e-Simetria.001-300x225.jpg 300w, https:\/\/sigea.pt\/wp-content\/uploads\/2020\/07\/Maria-Marques_6\u00ba-ano_Patrimo\u0301nio-e-Simetria.001-768x576.jpg 768w, https:\/\/sigea.pt\/wp-content\/uploads\/2020\/07\/Maria-Marques_6\u00ba-ano_Patrimo\u0301nio-e-Simetria.001-500x375.jpg 500w\" sizes=\"(max-width: 800px) 100vw, 800px\" \/><\/figure><\/li><li class=\"blocks-gallery-item\"><figure><img loading=\"lazy\" decoding=\"async\" width=\"800\" height=\"600\" src=\"https:\/\/sigea.pt\/wp-content\/uploads\/2020\/07\/Matilde-Almeida_6\u00ba-ano_Patrimo\u0301nio-e-simetria.001.jpg\" alt=\"\" data-id=\"2730\" data-full-url=\"https:\/\/sigea.pt\/wp-content\/uploads\/2020\/07\/Matilde-Almeida_6\u00ba-ano_Patrimo\u0301nio-e-simetria.001.jpg\" data-link=\"https:\/\/sigea.pt\/?attachment_id=2730\" class=\"wp-image-2730\" srcset=\"https:\/\/sigea.pt\/wp-content\/uploads\/2020\/07\/Matilde-Almeida_6\u00ba-ano_Patrimo\u0301nio-e-simetria.001.jpg 800w, https:\/\/sigea.pt\/wp-content\/uploads\/2020\/07\/Matilde-Almeida_6\u00ba-ano_Patrimo\u0301nio-e-simetria.001-300x225.jpg 300w, https:\/\/sigea.pt\/wp-content\/uploads\/2020\/07\/Matilde-Almeida_6\u00ba-ano_Patrimo\u0301nio-e-simetria.001-768x576.jpg 768w, https:\/\/sigea.pt\/wp-content\/uploads\/2020\/07\/Matilde-Almeida_6\u00ba-ano_Patrimo\u0301nio-e-simetria.001-500x375.jpg 500w\" sizes=\"(max-width: 800px) 100vw, 800px\" \/><\/figure><\/li><li class=\"blocks-gallery-item\"><figure><img loading=\"lazy\" decoding=\"async\" width=\"800\" height=\"600\" src=\"https:\/\/sigea.pt\/wp-content\/uploads\/2020\/07\/Miguel-Fonseca_6\u00ba-ano_Patrimo\u0301nio-e-Simetria.001.jpg\" alt=\"\" data-id=\"2731\" data-full-url=\"https:\/\/sigea.pt\/wp-content\/uploads\/2020\/07\/Miguel-Fonseca_6\u00ba-ano_Patrimo\u0301nio-e-Simetria.001.jpg\" data-link=\"https:\/\/sigea.pt\/?attachment_id=2731\" class=\"wp-image-2731\" srcset=\"https:\/\/sigea.pt\/wp-content\/uploads\/2020\/07\/Miguel-Fonseca_6\u00ba-ano_Patrimo\u0301nio-e-Simetria.001.jpg 800w, https:\/\/sigea.pt\/wp-content\/uploads\/2020\/07\/Miguel-Fonseca_6\u00ba-ano_Patrimo\u0301nio-e-Simetria.001-300x225.jpg 300w, https:\/\/sigea.pt\/wp-content\/uploads\/2020\/07\/Miguel-Fonseca_6\u00ba-ano_Patrimo\u0301nio-e-Simetria.001-768x576.jpg 768w, https:\/\/sigea.pt\/wp-content\/uploads\/2020\/07\/Miguel-Fonseca_6\u00ba-ano_Patrimo\u0301nio-e-Simetria.001-500x375.jpg 500w\" sizes=\"(max-width: 800px) 100vw, 800px\" \/><\/figure><\/li><li class=\"blocks-gallery-item\"><figure><img loading=\"lazy\" decoding=\"async\" width=\"800\" height=\"600\" src=\"https:\/\/sigea.pt\/wp-content\/uploads\/2020\/07\/Ricardo-Apura_6\u00ba-ano_Patrimo\u0301nio-e-SImetria.001.jpg\" alt=\"\" data-id=\"2732\" data-full-url=\"https:\/\/sigea.pt\/wp-content\/uploads\/2020\/07\/Ricardo-Apura_6\u00ba-ano_Patrimo\u0301nio-e-SImetria.001.jpg\" data-link=\"https:\/\/sigea.pt\/?attachment_id=2732\" class=\"wp-image-2732\" srcset=\"https:\/\/sigea.pt\/wp-content\/uploads\/2020\/07\/Ricardo-Apura_6\u00ba-ano_Patrimo\u0301nio-e-SImetria.001.jpg 800w, https:\/\/sigea.pt\/wp-content\/uploads\/2020\/07\/Ricardo-Apura_6\u00ba-ano_Patrimo\u0301nio-e-SImetria.001-300x225.jpg 300w, https:\/\/sigea.pt\/wp-content\/uploads\/2020\/07\/Ricardo-Apura_6\u00ba-ano_Patrimo\u0301nio-e-SImetria.001-768x576.jpg 768w, https:\/\/sigea.pt\/wp-content\/uploads\/2020\/07\/Ricardo-Apura_6\u00ba-ano_Patrimo\u0301nio-e-SImetria.001-500x375.jpg 500w\" sizes=\"(max-width: 800px) 100vw, 800px\" \/><\/figure><\/li><li class=\"blocks-gallery-item\"><figure><img loading=\"lazy\" decoding=\"async\" width=\"800\" height=\"600\" src=\"https:\/\/sigea.pt\/wp-content\/uploads\/2020\/07\/Sofia-Pinto_6\u00ba_Patrimo\u0301nio-e-Simetria.001.jpg\" alt=\"\" data-id=\"2733\" data-full-url=\"https:\/\/sigea.pt\/wp-content\/uploads\/2020\/07\/Sofia-Pinto_6\u00ba_Patrimo\u0301nio-e-Simetria.001.jpg\" data-link=\"https:\/\/sigea.pt\/?attachment_id=2733\" class=\"wp-image-2733\" srcset=\"https:\/\/sigea.pt\/wp-content\/uploads\/2020\/07\/Sofia-Pinto_6\u00ba_Patrimo\u0301nio-e-Simetria.001.jpg 800w, https:\/\/sigea.pt\/wp-content\/uploads\/2020\/07\/Sofia-Pinto_6\u00ba_Patrimo\u0301nio-e-Simetria.001-300x225.jpg 300w, https:\/\/sigea.pt\/wp-content\/uploads\/2020\/07\/Sofia-Pinto_6\u00ba_Patrimo\u0301nio-e-Simetria.001-768x576.jpg 768w, https:\/\/sigea.pt\/wp-content\/uploads\/2020\/07\/Sofia-Pinto_6\u00ba_Patrimo\u0301nio-e-Simetria.001-500x375.jpg 500w\" sizes=\"(max-width: 800px) 100vw, 800px\" \/><\/figure><\/li><li class=\"blocks-gallery-item\"><figure><img loading=\"lazy\" decoding=\"async\" width=\"800\" height=\"600\" src=\"https:\/\/sigea.pt\/wp-content\/uploads\/2020\/07\/Teresa-Martinez_6\u00ba-ano_Patrimo\u0301nio-e-Simetria.001.jpg\" alt=\"\" data-id=\"2734\" data-full-url=\"https:\/\/sigea.pt\/wp-content\/uploads\/2020\/07\/Teresa-Martinez_6\u00ba-ano_Patrimo\u0301nio-e-Simetria.001.jpg\" data-link=\"https:\/\/sigea.pt\/?attachment_id=2734\" class=\"wp-image-2734\" srcset=\"https:\/\/sigea.pt\/wp-content\/uploads\/2020\/07\/Teresa-Martinez_6\u00ba-ano_Patrimo\u0301nio-e-Simetria.001.jpg 800w, https:\/\/sigea.pt\/wp-content\/uploads\/2020\/07\/Teresa-Martinez_6\u00ba-ano_Patrimo\u0301nio-e-Simetria.001-300x225.jpg 300w, https:\/\/sigea.pt\/wp-content\/uploads\/2020\/07\/Teresa-Martinez_6\u00ba-ano_Patrimo\u0301nio-e-Simetria.001-768x576.jpg 768w, https:\/\/sigea.pt\/wp-content\/uploads\/2020\/07\/Teresa-Martinez_6\u00ba-ano_Patrimo\u0301nio-e-Simetria.001-500x375.jpg 500w\" sizes=\"(max-width: 800px) 100vw, 800px\" \/><\/figure><\/li><li class=\"blocks-gallery-item\"><figure><img loading=\"lazy\" decoding=\"async\" width=\"800\" height=\"600\" src=\"https:\/\/sigea.pt\/wp-content\/uploads\/2020\/07\/Vasco-Augusto_6\u00ba-ano_Patrimo\u0301nio-e-Simetria.001.jpg\" alt=\"\" data-id=\"2735\" data-full-url=\"https:\/\/sigea.pt\/wp-content\/uploads\/2020\/07\/Vasco-Augusto_6\u00ba-ano_Patrimo\u0301nio-e-Simetria.001.jpg\" data-link=\"https:\/\/sigea.pt\/?attachment_id=2735\" class=\"wp-image-2735\" srcset=\"https:\/\/sigea.pt\/wp-content\/uploads\/2020\/07\/Vasco-Augusto_6\u00ba-ano_Patrimo\u0301nio-e-Simetria.001.jpg 800w, https:\/\/sigea.pt\/wp-content\/uploads\/2020\/07\/Vasco-Augusto_6\u00ba-ano_Patrimo\u0301nio-e-Simetria.001-300x225.jpg 300w, https:\/\/sigea.pt\/wp-content\/uploads\/2020\/07\/Vasco-Augusto_6\u00ba-ano_Patrimo\u0301nio-e-Simetria.001-768x576.jpg 768w, https:\/\/sigea.pt\/wp-content\/uploads\/2020\/07\/Vasco-Augusto_6\u00ba-ano_Patrimo\u0301nio-e-Simetria.001-500x375.jpg 500w\" sizes=\"(max-width: 800px) 100vw, 800px\" \/><\/figure><\/li><li class=\"blocks-gallery-item\"><figure><img loading=\"lazy\" decoding=\"async\" width=\"800\" height=\"600\" src=\"https:\/\/sigea.pt\/wp-content\/uploads\/2020\/07\/Vittoria-Castro_6\u00ba-ano_Patrimo\u0301nio-e-Simetria.001.jpg\" alt=\"\" data-id=\"2736\" data-full-url=\"https:\/\/sigea.pt\/wp-content\/uploads\/2020\/07\/Vittoria-Castro_6\u00ba-ano_Patrimo\u0301nio-e-Simetria.001.jpg\" data-link=\"https:\/\/sigea.pt\/?attachment_id=2736\" class=\"wp-image-2736 is-layout-flex wp-block-gallery-is-layout-flex\" srcset=\"https:\/\/sigea.pt\/wp-content\/uploads\/2020\/07\/Vittoria-Castro_6\u00ba-ano_Patrimo\u0301nio-e-Simetria.001.jpg 800w, https:\/\/sigea.pt\/wp-content\/uploads\/2020\/07\/Vittoria-Castro_6\u00ba-ano_Patrimo\u0301nio-e-Simetria.001-300x225.jpg 300w, https:\/\/sigea.pt\/wp-content\/uploads\/2020\/07\/Vittoria-Castro_6\u00ba-ano_Patrimo\u0301nio-e-Simetria.001-768x576.jpg 768w, https:\/\/sigea.pt\/wp-content\/uploads\/2020\/07\/Vittoria-Castro_6\u00ba-ano_Patrimo\u0301nio-e-Simetria.001-500x375.jpg 500w\" sizes=\"(max-width: 800px) 100vw, 800px\" \/><\/figure><\/li><\/ul><\/figure>\n\n\n\n<p><\/p>","protected":false},"excerpt":{"rendered":"<p>Ao longo do 3\u00ba per\u00edodo, a turma do 6\u00ba ano explorou a nossa heran\u00e7a cultural tanto a n\u00edvel nacional como mundial. Atrav\u00e9s do desenho, houve uma explora\u00e7\u00e3o de alguns marcos&#8230;<\/p>","protected":false},"author":2,"featured_media":0,"comment_status":"closed","ping_status":"closed","sticky":false,"template":"","format":"standard","meta":{"_acf_changed":false,"advgb_blocks_editor_width":"","advgb_blocks_columns_visual_guide":"","_joinchat":[],"footnotes":"","_links_to":"","_links_to_target":""},"categories":[10,5],"tags":[],"class_list":{"0":"post-2673","1":"post","2":"type-post","3":"status-publish","4":"format-standard","6":"category-artistas-da-pandemia","7":"category-atividades"},"acf":[],"yoast_head":"<!-- This site is optimized with the Yoast SEO plugin v26.2 - https:\/\/yoast.com\/wordpress\/plugins\/seo\/ -->\n<title>Col\u00e9gio SIGEA - Artistas da pandemia (Ed. Visual 6.\u00ba ano)<\/title>\n<meta name=\"robots\" content=\"index, follow, max-snippet:-1, max-image-preview:large, max-video-preview:-1\" \/>\n<link rel=\"canonical\" href=\"https:\/\/sigea.pt\/en\/2020\/07\/artistas-da-pandemia-ed-visual-6-o-ano\/\" \/>\n<meta property=\"og:locale\" content=\"en_GB\" \/>\n<meta property=\"og:type\" content=\"article\" \/>\n<meta property=\"og:title\" content=\"Col\u00e9gio SIGEA - Artistas da pandemia (Ed. Visual 6.\u00ba ano)\" \/>\n<meta property=\"og:description\" content=\"Ao longo do 3\u00ba per\u00edodo, a turma do 6\u00ba ano explorou a nossa heran\u00e7a cultural tanto a n\u00edvel nacional como mundial. Atrav\u00e9s do desenho, houve uma explora\u00e7\u00e3o de alguns marcos...\" \/>\n<meta property=\"og:url\" content=\"https:\/\/sigea.pt\/en\/2020\/07\/artistas-da-pandemia-ed-visual-6-o-ano\/\" \/>\n<meta property=\"og:site_name\" content=\"Col\u00e9gio SIGEA\" \/>\n<meta property=\"article:publisher\" content=\"https:\/\/www.facebook.com\/clsigea\" \/>\n<meta property=\"article:published_time\" content=\"2020-07-06T12:16:29+00:00\" \/>\n<meta property=\"article:modified_time\" content=\"2020-07-06T12:18:13+00:00\" \/>\n<meta property=\"og:image\" content=\"https:\/\/sigea.pt\/wp-content\/uploads\/2020\/07\/Imagem-001-1024x429.jpg\" \/>\n<meta name=\"author\" content=\"clsigea\" \/>\n<meta name=\"twitter:card\" content=\"summary_large_image\" \/>\n<meta name=\"twitter:label1\" content=\"Written by\" \/>\n\t<meta name=\"twitter:data1\" content=\"clsigea\" \/>\n\t<meta name=\"twitter:label2\" content=\"Estimated reading time\" \/>\n\t<meta name=\"twitter:data2\" content=\"1 minute\" \/>\n<script type=\"application\/ld+json\" class=\"yoast-schema-graph\">{\"@context\":\"https:\/\/schema.org\",\"@graph\":[{\"@type\":\"Article\",\"@id\":\"https:\/\/sigea.pt\/2020\/07\/artistas-da-pandemia-ed-visual-6-o-ano\/#article\",\"isPartOf\":{\"@id\":\"https:\/\/sigea.pt\/2020\/07\/artistas-da-pandemia-ed-visual-6-o-ano\/\"},\"author\":{\"name\":\"clsigea\",\"@id\":\"https:\/\/sigea.pt\/#\/schema\/person\/3741f7f1e65e14f9cdacc1c4560ed0a6\"},\"headline\":\"Artistas da pandemia (Ed. Visual 6.\u00ba ano)\",\"datePublished\":\"2020-07-06T12:16:29+00:00\",\"dateModified\":\"2020-07-06T12:18:13+00:00\",\"mainEntityOfPage\":{\"@id\":\"https:\/\/sigea.pt\/2020\/07\/artistas-da-pandemia-ed-visual-6-o-ano\/\"},\"wordCount\":154,\"publisher\":{\"@id\":\"https:\/\/sigea.pt\/#organization\"},\"image\":{\"@id\":\"https:\/\/sigea.pt\/2020\/07\/artistas-da-pandemia-ed-visual-6-o-ano\/#primaryimage\"},\"thumbnailUrl\":\"https:\/\/sigea.pt\/wp-content\/uploads\/2020\/07\/Imagem-001-1024x429.jpg\",\"articleSection\":[\"Artistas da pandemia\",\"Atividades\"],\"inLanguage\":\"en-GB\"},{\"@type\":\"WebPage\",\"@id\":\"https:\/\/sigea.pt\/2020\/07\/artistas-da-pandemia-ed-visual-6-o-ano\/\",\"url\":\"https:\/\/sigea.pt\/2020\/07\/artistas-da-pandemia-ed-visual-6-o-ano\/\",\"name\":\"Col\u00e9gio SIGEA - Artistas da pandemia (Ed. Visual 6.\u00ba ano)\",\"isPartOf\":{\"@id\":\"https:\/\/sigea.pt\/#website\"},\"primaryImageOfPage\":{\"@id\":\"https:\/\/sigea.pt\/2020\/07\/artistas-da-pandemia-ed-visual-6-o-ano\/#primaryimage\"},\"image\":{\"@id\":\"https:\/\/sigea.pt\/2020\/07\/artistas-da-pandemia-ed-visual-6-o-ano\/#primaryimage\"},\"thumbnailUrl\":\"https:\/\/sigea.pt\/wp-content\/uploads\/2020\/07\/Imagem-001-1024x429.jpg\",\"datePublished\":\"2020-07-06T12:16:29+00:00\",\"dateModified\":\"2020-07-06T12:18:13+00:00\",\"breadcrumb\":{\"@id\":\"https:\/\/sigea.pt\/2020\/07\/artistas-da-pandemia-ed-visual-6-o-ano\/#breadcrumb\"},\"inLanguage\":\"en-GB\",\"potentialAction\":[{\"@type\":\"ReadAction\",\"target\":[\"https:\/\/sigea.pt\/2020\/07\/artistas-da-pandemia-ed-visual-6-o-ano\/\"]}]},{\"@type\":\"ImageObject\",\"inLanguage\":\"en-GB\",\"@id\":\"https:\/\/sigea.pt\/2020\/07\/artistas-da-pandemia-ed-visual-6-o-ano\/#primaryimage\",\"url\":\"https:\/\/sigea.pt\/wp-content\/uploads\/2020\/07\/Imagem-001-1024x429.jpg\",\"contentUrl\":\"https:\/\/sigea.pt\/wp-content\/uploads\/2020\/07\/Imagem-001-1024x429.jpg\"},{\"@type\":\"BreadcrumbList\",\"@id\":\"https:\/\/sigea.pt\/2020\/07\/artistas-da-pandemia-ed-visual-6-o-ano\/#breadcrumb\",\"itemListElement\":[{\"@type\":\"ListItem\",\"position\":1,\"name\":\"In\u00edcio\",\"item\":\"https:\/\/sigea.pt\/\"},{\"@type\":\"ListItem\",\"position\":2,\"name\":\"Artistas da pandemia (Ed. Visual 6.\u00ba ano)\"}]},{\"@type\":\"WebSite\",\"@id\":\"https:\/\/sigea.pt\/#website\",\"url\":\"https:\/\/sigea.pt\/\",\"name\":\"Col\u00e9gio SIGEA\",\"description\":\"Educar o Futuro\",\"publisher\":{\"@id\":\"https:\/\/sigea.pt\/#organization\"},\"potentialAction\":[{\"@type\":\"SearchAction\",\"target\":{\"@type\":\"EntryPoint\",\"urlTemplate\":\"https:\/\/sigea.pt\/?s={search_term_string}\"},\"query-input\":{\"@type\":\"PropertyValueSpecification\",\"valueRequired\":true,\"valueName\":\"search_term_string\"}}],\"inLanguage\":\"en-GB\"},{\"@type\":\"Organization\",\"@id\":\"https:\/\/sigea.pt\/#organization\",\"name\":\"Col\u00e9gio Sigea\",\"url\":\"https:\/\/sigea.pt\/\",\"logo\":{\"@type\":\"ImageObject\",\"inLanguage\":\"en-GB\",\"@id\":\"https:\/\/sigea.pt\/#\/schema\/logo\/image\/\",\"url\":\"https:\/\/sigea.pt\/wp-content\/uploads\/2019\/04\/logo-blue.png\",\"contentUrl\":\"https:\/\/sigea.pt\/wp-content\/uploads\/2019\/04\/logo-blue.png\",\"width\":150,\"height\":150,\"caption\":\"Col\u00e9gio Sigea\"},\"image\":{\"@id\":\"https:\/\/sigea.pt\/#\/schema\/logo\/image\/\"},\"sameAs\":[\"https:\/\/www.facebook.com\/clsigea\"]},{\"@type\":\"Person\",\"@id\":\"https:\/\/sigea.pt\/#\/schema\/person\/3741f7f1e65e14f9cdacc1c4560ed0a6\",\"name\":\"clsigea\",\"image\":{\"@type\":\"ImageObject\",\"inLanguage\":\"en-GB\",\"@id\":\"https:\/\/sigea.pt\/#\/schema\/person\/image\/\",\"url\":\"https:\/\/secure.gravatar.com\/avatar\/bed593e8c4f7a64eadd793ee0c358183a074681ff2ab486862ba11ecac82ec5b?s=96&d=mm&r=g\",\"contentUrl\":\"https:\/\/secure.gravatar.com\/avatar\/bed593e8c4f7a64eadd793ee0c358183a074681ff2ab486862ba11ecac82ec5b?s=96&d=mm&r=g\",\"caption\":\"clsigea\"}}]}<\/script>\n<!-- \/ Yoast SEO plugin. -->","yoast_head_json":{"title":"Col\u00e9gio SIGEA - Artistas da pandemia (Ed. Visual 6.\u00ba ano)","robots":{"index":"index","follow":"follow","max-snippet":"max-snippet:-1","max-image-preview":"max-image-preview:large","max-video-preview":"max-video-preview:-1"},"canonical":"https:\/\/sigea.pt\/en\/2020\/07\/artistas-da-pandemia-ed-visual-6-o-ano\/","og_locale":"en_GB","og_type":"article","og_title":"Col\u00e9gio SIGEA - Artistas da pandemia (Ed. Visual 6.\u00ba ano)","og_description":"Ao longo do 3\u00ba per\u00edodo, a turma do 6\u00ba ano explorou a nossa heran\u00e7a cultural tanto a n\u00edvel nacional como mundial. Atrav\u00e9s do desenho, houve uma explora\u00e7\u00e3o de alguns marcos...","og_url":"https:\/\/sigea.pt\/en\/2020\/07\/artistas-da-pandemia-ed-visual-6-o-ano\/","og_site_name":"Col\u00e9gio SIGEA","article_publisher":"https:\/\/www.facebook.com\/clsigea","article_published_time":"2020-07-06T12:16:29+00:00","article_modified_time":"2020-07-06T12:18:13+00:00","og_image":[{"url":"https:\/\/sigea.pt\/wp-content\/uploads\/2020\/07\/Imagem-001-1024x429.jpg","type":"","width":"","height":""}],"author":"clsigea","twitter_card":"summary_large_image","twitter_misc":{"Written by":"clsigea","Estimated reading time":"1 minute"},"schema":{"@context":"https:\/\/schema.org","@graph":[{"@type":"Article","@id":"https:\/\/sigea.pt\/2020\/07\/artistas-da-pandemia-ed-visual-6-o-ano\/#article","isPartOf":{"@id":"https:\/\/sigea.pt\/2020\/07\/artistas-da-pandemia-ed-visual-6-o-ano\/"},"author":{"name":"clsigea","@id":"https:\/\/sigea.pt\/#\/schema\/person\/3741f7f1e65e14f9cdacc1c4560ed0a6"},"headline":"Artistas da pandemia (Ed. Visual 6.\u00ba ano)","datePublished":"2020-07-06T12:16:29+00:00","dateModified":"2020-07-06T12:18:13+00:00","mainEntityOfPage":{"@id":"https:\/\/sigea.pt\/2020\/07\/artistas-da-pandemia-ed-visual-6-o-ano\/"},"wordCount":154,"publisher":{"@id":"https:\/\/sigea.pt\/#organization"},"image":{"@id":"https:\/\/sigea.pt\/2020\/07\/artistas-da-pandemia-ed-visual-6-o-ano\/#primaryimage"},"thumbnailUrl":"https:\/\/sigea.pt\/wp-content\/uploads\/2020\/07\/Imagem-001-1024x429.jpg","articleSection":["Artistas da pandemia","Atividades"],"inLanguage":"en-GB"},{"@type":"WebPage","@id":"https:\/\/sigea.pt\/2020\/07\/artistas-da-pandemia-ed-visual-6-o-ano\/","url":"https:\/\/sigea.pt\/2020\/07\/artistas-da-pandemia-ed-visual-6-o-ano\/","name":"Col\u00e9gio SIGEA - Artistas da pandemia (Ed. Visual 6.\u00ba ano)","isPartOf":{"@id":"https:\/\/sigea.pt\/#website"},"primaryImageOfPage":{"@id":"https:\/\/sigea.pt\/2020\/07\/artistas-da-pandemia-ed-visual-6-o-ano\/#primaryimage"},"image":{"@id":"https:\/\/sigea.pt\/2020\/07\/artistas-da-pandemia-ed-visual-6-o-ano\/#primaryimage"},"thumbnailUrl":"https:\/\/sigea.pt\/wp-content\/uploads\/2020\/07\/Imagem-001-1024x429.jpg","datePublished":"2020-07-06T12:16:29+00:00","dateModified":"2020-07-06T12:18:13+00:00","breadcrumb":{"@id":"https:\/\/sigea.pt\/2020\/07\/artistas-da-pandemia-ed-visual-6-o-ano\/#breadcrumb"},"inLanguage":"en-GB","potentialAction":[{"@type":"ReadAction","target":["https:\/\/sigea.pt\/2020\/07\/artistas-da-pandemia-ed-visual-6-o-ano\/"]}]},{"@type":"ImageObject","inLanguage":"en-GB","@id":"https:\/\/sigea.pt\/2020\/07\/artistas-da-pandemia-ed-visual-6-o-ano\/#primaryimage","url":"https:\/\/sigea.pt\/wp-content\/uploads\/2020\/07\/Imagem-001-1024x429.jpg","contentUrl":"https:\/\/sigea.pt\/wp-content\/uploads\/2020\/07\/Imagem-001-1024x429.jpg"},{"@type":"BreadcrumbList","@id":"https:\/\/sigea.pt\/2020\/07\/artistas-da-pandemia-ed-visual-6-o-ano\/#breadcrumb","itemListElement":[{"@type":"ListItem","position":1,"name":"In\u00edcio","item":"https:\/\/sigea.pt\/"},{"@type":"ListItem","position":2,"name":"Artistas da pandemia (Ed. Visual 6.\u00ba ano)"}]},{"@type":"WebSite","@id":"https:\/\/sigea.pt\/#website","url":"https:\/\/sigea.pt\/","name":"Our School","description":"Educating the Future","publisher":{"@id":"https:\/\/sigea.pt\/#organization"},"potentialAction":[{"@type":"SearchAction","target":{"@type":"EntryPoint","urlTemplate":"https:\/\/sigea.pt\/?s={search_term_string}"},"query-input":{"@type":"PropertyValueSpecification","valueRequired":true,"valueName":"search_term_string"}}],"inLanguage":"en-GB"},{"@type":"Organization","@id":"https:\/\/sigea.pt\/#organization","name":"Col\u00e9gio Sigea","url":"https:\/\/sigea.pt\/","logo":{"@type":"ImageObject","inLanguage":"en-GB","@id":"https:\/\/sigea.pt\/#\/schema\/logo\/image\/","url":"https:\/\/sigea.pt\/wp-content\/uploads\/2019\/04\/logo-blue.png","contentUrl":"https:\/\/sigea.pt\/wp-content\/uploads\/2019\/04\/logo-blue.png","width":150,"height":150,"caption":"Col\u00e9gio Sigea"},"image":{"@id":"https:\/\/sigea.pt\/#\/schema\/logo\/image\/"},"sameAs":["https:\/\/www.facebook.com\/clsigea"]},{"@type":"Person","@id":"https:\/\/sigea.pt\/#\/schema\/person\/3741f7f1e65e14f9cdacc1c4560ed0a6","name":"clsigea","image":{"@type":"ImageObject","inLanguage":"en-GB","@id":"https:\/\/sigea.pt\/#\/schema\/person\/image\/","url":"https:\/\/secure.gravatar.com\/avatar\/bed593e8c4f7a64eadd793ee0c358183a074681ff2ab486862ba11ecac82ec5b?s=96&d=mm&r=g","contentUrl":"https:\/\/secure.gravatar.com\/avatar\/bed593e8c4f7a64eadd793ee0c358183a074681ff2ab486862ba11ecac82ec5b?s=96&d=mm&r=g","caption":"clsigea"}}]}},"author_meta":{"display_name":"clsigea","author_link":"https:\/\/sigea.pt\/en\/author\/clsigea\/"},"featured_img":null,"coauthors":[],"tax_additional":{"categories":{"linked":["<a href=\"https:\/\/sigea.pt\/en\/category\/artistas-da-pandemia\/\" class=\"advgb-post-tax-term\">Artistas da pandemia<\/a>","<a href=\"https:\/\/sigea.pt\/en\/category\/atividades\/\" class=\"advgb-post-tax-term\">Atividades<\/a>"],"unlinked":["<span class=\"advgb-post-tax-term\">Artistas da pandemia<\/span>","<span class=\"advgb-post-tax-term\">Atividades<\/span>"]}},"comment_count":"0","relative_dates":{"created":"Posted 6 years ago","modified":"Updated 6 years ago"},"absolute_dates":{"created":"Posted on 06\/07\/2020","modified":"Updated on 06\/07\/2020"},"absolute_dates_time":{"created":"Posted on 06\/07\/2020 12:16","modified":"Updated on 06\/07\/2020 12:18"},"featured_img_caption":"","series_order":"","_links":{"self":[{"href":"https:\/\/sigea.pt\/en\/wp-json\/wp\/v2\/posts\/2673","targetHints":{"allow":["GET"]}}],"collection":[{"href":"https:\/\/sigea.pt\/en\/wp-json\/wp\/v2\/posts"}],"about":[{"href":"https:\/\/sigea.pt\/en\/wp-json\/wp\/v2\/types\/post"}],"author":[{"embeddable":true,"href":"https:\/\/sigea.pt\/en\/wp-json\/wp\/v2\/users\/2"}],"replies":[{"embeddable":true,"href":"https:\/\/sigea.pt\/en\/wp-json\/wp\/v2\/comments?post=2673"}],"version-history":[{"count":0,"href":"https:\/\/sigea.pt\/en\/wp-json\/wp\/v2\/posts\/2673\/revisions"}],"wp:attachment":[{"href":"https:\/\/sigea.pt\/en\/wp-json\/wp\/v2\/media?parent=2673"}],"wp:term":[{"taxonomy":"category","embeddable":true,"href":"https:\/\/sigea.pt\/en\/wp-json\/wp\/v2\/categories?post=2673"},{"taxonomy":"post_tag","embeddable":true,"href":"https:\/\/sigea.pt\/en\/wp-json\/wp\/v2\/tags?post=2673"}],"curies":[{"name":"wp","href":"https:\/\/api.w.org\/{rel}","templated":true}]}}