{"id":2577,"date":"2020-07-06T11:02:26","date_gmt":"2020-07-06T11:02:26","guid":{"rendered":"https:\/\/sigea.pt\/?p=2577"},"modified":"2020-07-06T11:19:02","modified_gmt":"2020-07-06T11:19:02","slug":"artistas-da-pandemia-ed-visual-5-o-ano","status":"publish","type":"post","link":"https:\/\/sigea.pt\/en\/2020\/07\/artistas-da-pandemia-ed-visual-5-o-ano\/","title":{"rendered":"Artistas da pandemia (Ed. Visual 5.\u00ba ano)"},"content":{"rendered":"<p>Ao longo do 3.\u00ba per\u00edodo, a turma do <strong>5.\u00ba ano<\/strong> caminhou pelo mundo das hist\u00f3rias, dando asas \u00e0 criatividade, a partir da ilustra\u00e7\u00e3o de contos, e da cria\u00e7\u00e3o de bandas desenhadas.<\/p>\n\n\n\n<p>Mundos interiores traduzidos em imagem, permitindo explorar a express\u00e3o e criatividade pr\u00f3pria do aluno.<\/p>\n\n\n\n<p><\/p>\n\n\n\n<p><strong>Banda desenhada<\/strong><\/p>\n\n\n\n<figure class=\"wp-block-gallery columns-3 is-cropped wp-block-gallery-1\"><ul class=\"blocks-gallery-grid\"><li class=\"blocks-gallery-item\"><figure><img fetchpriority=\"high\" decoding=\"async\" width=\"800\" height=\"558\" src=\"https:\/\/sigea.pt\/wp-content\/uploads\/2020\/07\/Alice-Pinto_5\u00ba-ano_BD-1.jpg\" alt=\"\" data-id=\"2638\" data-full-url=\"https:\/\/sigea.pt\/wp-content\/uploads\/2020\/07\/Alice-Pinto_5\u00ba-ano_BD-1.jpg\" data-link=\"https:\/\/sigea.pt\/2020\/07\/artistas-da-pandemia-ed-visual-5-o-ano\/alice-pinto_5o-ano_bd-1\/\" class=\"wp-image-2638\" srcset=\"https:\/\/sigea.pt\/wp-content\/uploads\/2020\/07\/Alice-Pinto_5\u00ba-ano_BD-1.jpg 800w, https:\/\/sigea.pt\/wp-content\/uploads\/2020\/07\/Alice-Pinto_5\u00ba-ano_BD-1-300x209.jpg 300w, https:\/\/sigea.pt\/wp-content\/uploads\/2020\/07\/Alice-Pinto_5\u00ba-ano_BD-1-768x536.jpg 768w, https:\/\/sigea.pt\/wp-content\/uploads\/2020\/07\/Alice-Pinto_5\u00ba-ano_BD-1-500x349.jpg 500w\" sizes=\"(max-width: 800px) 100vw, 800px\" \/><\/figure><\/li><li class=\"blocks-gallery-item\"><figure><img decoding=\"async\" width=\"800\" height=\"548\" src=\"https:\/\/sigea.pt\/wp-content\/uploads\/2020\/07\/Anto\u0301nio-Chaves_5\u00ba-ano_B.D.-1.jpg\" alt=\"\" data-id=\"2639\" data-full-url=\"https:\/\/sigea.pt\/wp-content\/uploads\/2020\/07\/Anto\u0301nio-Chaves_5\u00ba-ano_B.D.-1.jpg\" data-link=\"https:\/\/sigea.pt\/2020\/07\/artistas-da-pandemia-ed-visual-5-o-ano\/antonio-chaves_5o-ano_b-d-1\/\" class=\"wp-image-2639\" srcset=\"https:\/\/sigea.pt\/wp-content\/uploads\/2020\/07\/Anto\u0301nio-Chaves_5\u00ba-ano_B.D.-1.jpg 800w, https:\/\/sigea.pt\/wp-content\/uploads\/2020\/07\/Anto\u0301nio-Chaves_5\u00ba-ano_B.D.-1-300x206.jpg 300w, https:\/\/sigea.pt\/wp-content\/uploads\/2020\/07\/Anto\u0301nio-Chaves_5\u00ba-ano_B.D.-1-768x526.jpg 768w, https:\/\/sigea.pt\/wp-content\/uploads\/2020\/07\/Anto\u0301nio-Chaves_5\u00ba-ano_B.D.-1-500x343.jpg 500w\" sizes=\"(max-width: 800px) 100vw, 800px\" \/><\/figure><\/li><li class=\"blocks-gallery-item\"><figure><img decoding=\"async\" width=\"450\" height=\"600\" src=\"https:\/\/sigea.pt\/wp-content\/uploads\/2020\/07\/Anto\u0301nio-Gomes_5\u00ba-ano_BD-1.jpg\" alt=\"\" data-id=\"2640\" data-full-url=\"https:\/\/sigea.pt\/wp-content\/uploads\/2020\/07\/Anto\u0301nio-Gomes_5\u00ba-ano_BD-1.jpg\" data-link=\"https:\/\/sigea.pt\/2020\/07\/artistas-da-pandemia-ed-visual-5-o-ano\/antonio-gomes_5o-ano_bd-1\/\" class=\"wp-image-2640\" srcset=\"https:\/\/sigea.pt\/wp-content\/uploads\/2020\/07\/Anto\u0301nio-Gomes_5\u00ba-ano_BD-1.jpg 450w, https:\/\/sigea.pt\/wp-content\/uploads\/2020\/07\/Anto\u0301nio-Gomes_5\u00ba-ano_BD-1-225x300.jpg 225w\" sizes=\"(max-width: 450px) 100vw, 450px\" \/><\/figure><\/li><li class=\"blocks-gallery-item\"><figure><img loading=\"lazy\" decoding=\"async\" width=\"445\" height=\"600\" src=\"https:\/\/sigea.pt\/wp-content\/uploads\/2020\/07\/Beatriz-Costa_5\u00ba-ano_BD-1.jpg\" alt=\"\" data-id=\"2641\" data-full-url=\"https:\/\/sigea.pt\/wp-content\/uploads\/2020\/07\/Beatriz-Costa_5\u00ba-ano_BD-1.jpg\" data-link=\"https:\/\/sigea.pt\/2020\/07\/artistas-da-pandemia-ed-visual-5-o-ano\/beatriz-costa_5o-ano_bd-1\/\" class=\"wp-image-2641\" srcset=\"https:\/\/sigea.pt\/wp-content\/uploads\/2020\/07\/Beatriz-Costa_5\u00ba-ano_BD-1.jpg 445w, https:\/\/sigea.pt\/wp-content\/uploads\/2020\/07\/Beatriz-Costa_5\u00ba-ano_BD-1-223x300.jpg 223w\" sizes=\"(max-width: 445px) 100vw, 445px\" \/><\/figure><\/li><li class=\"blocks-gallery-item\"><figure><img loading=\"lazy\" decoding=\"async\" width=\"428\" height=\"600\" src=\"https:\/\/sigea.pt\/wp-content\/uploads\/2020\/07\/Carlota-Pereira_5\u00ba-ano_BD-1.jpg\" alt=\"\" data-id=\"2642\" data-full-url=\"https:\/\/sigea.pt\/wp-content\/uploads\/2020\/07\/Carlota-Pereira_5\u00ba-ano_BD-1.jpg\" data-link=\"https:\/\/sigea.pt\/2020\/07\/artistas-da-pandemia-ed-visual-5-o-ano\/carlota-pereira_5o-ano_bd-1\/\" class=\"wp-image-2642\" srcset=\"https:\/\/sigea.pt\/wp-content\/uploads\/2020\/07\/Carlota-Pereira_5\u00ba-ano_BD-1.jpg 428w, https:\/\/sigea.pt\/wp-content\/uploads\/2020\/07\/Carlota-Pereira_5\u00ba-ano_BD-1-214x300.jpg 214w\" sizes=\"(max-width: 428px) 100vw, 428px\" \/><\/figure><\/li><li class=\"blocks-gallery-item\"><figure><img loading=\"lazy\" decoding=\"async\" width=\"800\" height=\"485\" src=\"https:\/\/sigea.pt\/wp-content\/uploads\/2020\/07\/Diana-Moreira_5\u00ba-ano_BD-1.jpg\" alt=\"\" data-id=\"2643\" data-full-url=\"https:\/\/sigea.pt\/wp-content\/uploads\/2020\/07\/Diana-Moreira_5\u00ba-ano_BD-1.jpg\" data-link=\"https:\/\/sigea.pt\/2020\/07\/artistas-da-pandemia-ed-visual-5-o-ano\/dav-2\/\" class=\"wp-image-2643\" srcset=\"https:\/\/sigea.pt\/wp-content\/uploads\/2020\/07\/Diana-Moreira_5\u00ba-ano_BD-1.jpg 800w, https:\/\/sigea.pt\/wp-content\/uploads\/2020\/07\/Diana-Moreira_5\u00ba-ano_BD-1-300x182.jpg 300w, https:\/\/sigea.pt\/wp-content\/uploads\/2020\/07\/Diana-Moreira_5\u00ba-ano_BD-1-768x466.jpg 768w, https:\/\/sigea.pt\/wp-content\/uploads\/2020\/07\/Diana-Moreira_5\u00ba-ano_BD-1-500x303.jpg 500w\" sizes=\"(max-width: 800px) 100vw, 800px\" \/><figcaption class=\"blocks-gallery-item__caption\">dav<\/figcaption><\/figure><\/li><li class=\"blocks-gallery-item\"><figure><img loading=\"lazy\" decoding=\"async\" width=\"766\" height=\"600\" src=\"https:\/\/sigea.pt\/wp-content\/uploads\/2020\/07\/Joana-Melo_5\u00ba-ano_BD-1.jpg\" alt=\"\" data-id=\"2644\" data-full-url=\"https:\/\/sigea.pt\/wp-content\/uploads\/2020\/07\/Joana-Melo_5\u00ba-ano_BD-1.jpg\" data-link=\"https:\/\/sigea.pt\/2020\/07\/artistas-da-pandemia-ed-visual-5-o-ano\/joana-melo_5o-ano_bd-1\/\" class=\"wp-image-2644\" srcset=\"https:\/\/sigea.pt\/wp-content\/uploads\/2020\/07\/Joana-Melo_5\u00ba-ano_BD-1.jpg 766w, https:\/\/sigea.pt\/wp-content\/uploads\/2020\/07\/Joana-Melo_5\u00ba-ano_BD-1-300x235.jpg 300w, https:\/\/sigea.pt\/wp-content\/uploads\/2020\/07\/Joana-Melo_5\u00ba-ano_BD-1-500x392.jpg 500w\" sizes=\"(max-width: 766px) 100vw, 766px\" \/><\/figure><\/li><li class=\"blocks-gallery-item\"><figure><img loading=\"lazy\" decoding=\"async\" width=\"800\" height=\"600\" src=\"https:\/\/sigea.pt\/wp-content\/uploads\/2020\/07\/Lara-Cortesa\u0303o_5\u00ba-ano_B.D.-1.jpg\" alt=\"\" data-id=\"2645\" data-full-url=\"https:\/\/sigea.pt\/wp-content\/uploads\/2020\/07\/Lara-Cortesa\u0303o_5\u00ba-ano_B.D.-1.jpg\" data-link=\"https:\/\/sigea.pt\/2020\/07\/artistas-da-pandemia-ed-visual-5-o-ano\/lara-cortesa%cc%83o_5o-ano_b-d-1\/\" class=\"wp-image-2645\" srcset=\"https:\/\/sigea.pt\/wp-content\/uploads\/2020\/07\/Lara-Cortesa\u0303o_5\u00ba-ano_B.D.-1.jpg 800w, https:\/\/sigea.pt\/wp-content\/uploads\/2020\/07\/Lara-Cortesa\u0303o_5\u00ba-ano_B.D.-1-300x225.jpg 300w, https:\/\/sigea.pt\/wp-content\/uploads\/2020\/07\/Lara-Cortesa\u0303o_5\u00ba-ano_B.D.-1-768x576.jpg 768w, https:\/\/sigea.pt\/wp-content\/uploads\/2020\/07\/Lara-Cortesa\u0303o_5\u00ba-ano_B.D.-1-500x375.jpg 500w\" sizes=\"(max-width: 800px) 100vw, 800px\" \/><\/figure><\/li><li class=\"blocks-gallery-item\"><figure><img loading=\"lazy\" decoding=\"async\" width=\"468\" height=\"600\" src=\"https:\/\/sigea.pt\/wp-content\/uploads\/2020\/07\/Lui\u0301sa-Lourenc\u0327o_5\u00ba-ano_BD.001-1.jpg\" alt=\"\" data-id=\"2646\" data-full-url=\"https:\/\/sigea.pt\/wp-content\/uploads\/2020\/07\/Lui\u0301sa-Lourenc\u0327o_5\u00ba-ano_BD.001-1.jpg\" data-link=\"https:\/\/sigea.pt\/2020\/07\/artistas-da-pandemia-ed-visual-5-o-ano\/luisa-lourenc%cc%a7o_5o-ano_bd-001-1\/\" class=\"wp-image-2646\" srcset=\"https:\/\/sigea.pt\/wp-content\/uploads\/2020\/07\/Lui\u0301sa-Lourenc\u0327o_5\u00ba-ano_BD.001-1.jpg 468w, https:\/\/sigea.pt\/wp-content\/uploads\/2020\/07\/Lui\u0301sa-Lourenc\u0327o_5\u00ba-ano_BD.001-1-234x300.jpg 234w\" sizes=\"(max-width: 468px) 100vw, 468px\" \/><\/figure><\/li><li class=\"blocks-gallery-item\"><figure><img loading=\"lazy\" decoding=\"async\" width=\"800\" height=\"278\" src=\"https:\/\/sigea.pt\/wp-content\/uploads\/2020\/07\/Madalena-Basto_5\u00ba-ano_BD.001-1.jpg\" alt=\"\" data-id=\"2647\" data-full-url=\"https:\/\/sigea.pt\/wp-content\/uploads\/2020\/07\/Madalena-Basto_5\u00ba-ano_BD.001-1.jpg\" data-link=\"https:\/\/sigea.pt\/2020\/07\/artistas-da-pandemia-ed-visual-5-o-ano\/madalena-basto_5o-ano_bd-001-1\/\" class=\"wp-image-2647\" srcset=\"https:\/\/sigea.pt\/wp-content\/uploads\/2020\/07\/Madalena-Basto_5\u00ba-ano_BD.001-1.jpg 800w, https:\/\/sigea.pt\/wp-content\/uploads\/2020\/07\/Madalena-Basto_5\u00ba-ano_BD.001-1-300x104.jpg 300w, https:\/\/sigea.pt\/wp-content\/uploads\/2020\/07\/Madalena-Basto_5\u00ba-ano_BD.001-1-768x267.jpg 768w, https:\/\/sigea.pt\/wp-content\/uploads\/2020\/07\/Madalena-Basto_5\u00ba-ano_BD.001-1-500x174.jpg 500w\" sizes=\"(max-width: 800px) 100vw, 800px\" \/><\/figure><\/li><li class=\"blocks-gallery-item\"><figure><img loading=\"lazy\" decoding=\"async\" width=\"800\" height=\"566\" src=\"https:\/\/sigea.pt\/wp-content\/uploads\/2020\/07\/Mariana-Moreira_5\u00ba-ano_BD-1.jpg\" alt=\"\" data-id=\"2648\" data-full-url=\"https:\/\/sigea.pt\/wp-content\/uploads\/2020\/07\/Mariana-Moreira_5\u00ba-ano_BD-1.jpg\" data-link=\"https:\/\/sigea.pt\/2020\/07\/artistas-da-pandemia-ed-visual-5-o-ano\/mariana-moreira_5o-ano_bd-1\/\" class=\"wp-image-2648\" srcset=\"https:\/\/sigea.pt\/wp-content\/uploads\/2020\/07\/Mariana-Moreira_5\u00ba-ano_BD-1.jpg 800w, https:\/\/sigea.pt\/wp-content\/uploads\/2020\/07\/Mariana-Moreira_5\u00ba-ano_BD-1-300x212.jpg 300w, https:\/\/sigea.pt\/wp-content\/uploads\/2020\/07\/Mariana-Moreira_5\u00ba-ano_BD-1-768x543.jpg 768w, https:\/\/sigea.pt\/wp-content\/uploads\/2020\/07\/Mariana-Moreira_5\u00ba-ano_BD-1-500x354.jpg 500w\" sizes=\"(max-width: 800px) 100vw, 800px\" \/><\/figure><\/li><li class=\"blocks-gallery-item\"><figure><img loading=\"lazy\" decoding=\"async\" width=\"800\" height=\"600\" src=\"https:\/\/sigea.pt\/wp-content\/uploads\/2020\/07\/Pedro-Machado_5\u00ba-ano_BD.001-1.jpg\" alt=\"\" data-id=\"2649\" data-full-url=\"https:\/\/sigea.pt\/wp-content\/uploads\/2020\/07\/Pedro-Machado_5\u00ba-ano_BD.001-1.jpg\" data-link=\"https:\/\/sigea.pt\/2020\/07\/artistas-da-pandemia-ed-visual-5-o-ano\/pedro-machado_5o-ano_bd-001-1\/\" class=\"wp-image-2649\" srcset=\"https:\/\/sigea.pt\/wp-content\/uploads\/2020\/07\/Pedro-Machado_5\u00ba-ano_BD.001-1.jpg 800w, https:\/\/sigea.pt\/wp-content\/uploads\/2020\/07\/Pedro-Machado_5\u00ba-ano_BD.001-1-300x225.jpg 300w, https:\/\/sigea.pt\/wp-content\/uploads\/2020\/07\/Pedro-Machado_5\u00ba-ano_BD.001-1-768x576.jpg 768w, https:\/\/sigea.pt\/wp-content\/uploads\/2020\/07\/Pedro-Machado_5\u00ba-ano_BD.001-1-500x375.jpg 500w\" sizes=\"(max-width: 800px) 100vw, 800px\" \/><\/figure><\/li><li class=\"blocks-gallery-item\"><figure><img loading=\"lazy\" decoding=\"async\" width=\"800\" height=\"567\" src=\"https:\/\/sigea.pt\/wp-content\/uploads\/2020\/07\/Rui-Zhou_5\u00ba-ano_BD-1.jpg\" alt=\"\" data-id=\"2650\" data-full-url=\"https:\/\/sigea.pt\/wp-content\/uploads\/2020\/07\/Rui-Zhou_5\u00ba-ano_BD-1.jpg\" data-link=\"https:\/\/sigea.pt\/2020\/07\/artistas-da-pandemia-ed-visual-5-o-ano\/rui-zhou_5o-ano_bd-1\/\" class=\"wp-image-2650\" srcset=\"https:\/\/sigea.pt\/wp-content\/uploads\/2020\/07\/Rui-Zhou_5\u00ba-ano_BD-1.jpg 800w, https:\/\/sigea.pt\/wp-content\/uploads\/2020\/07\/Rui-Zhou_5\u00ba-ano_BD-1-300x213.jpg 300w, https:\/\/sigea.pt\/wp-content\/uploads\/2020\/07\/Rui-Zhou_5\u00ba-ano_BD-1-768x544.jpg 768w, https:\/\/sigea.pt\/wp-content\/uploads\/2020\/07\/Rui-Zhou_5\u00ba-ano_BD-1-500x354.jpg 500w\" sizes=\"(max-width: 800px) 100vw, 800px\" \/><\/figure><\/li><li class=\"blocks-gallery-item\"><figure><img loading=\"lazy\" decoding=\"async\" width=\"800\" height=\"600\" src=\"https:\/\/sigea.pt\/wp-content\/uploads\/2020\/07\/Sofia-Cruz_5\u00ba-ano_BD.001-2-1.jpg\" alt=\"\" data-id=\"2651\" data-full-url=\"https:\/\/sigea.pt\/wp-content\/uploads\/2020\/07\/Sofia-Cruz_5\u00ba-ano_BD.001-2-1.jpg\" data-link=\"https:\/\/sigea.pt\/2020\/07\/artistas-da-pandemia-ed-visual-5-o-ano\/sofia-cruz_5o-ano_bd-001-2-1\/\" class=\"wp-image-2651\" srcset=\"https:\/\/sigea.pt\/wp-content\/uploads\/2020\/07\/Sofia-Cruz_5\u00ba-ano_BD.001-2-1.jpg 800w, https:\/\/sigea.pt\/wp-content\/uploads\/2020\/07\/Sofia-Cruz_5\u00ba-ano_BD.001-2-1-300x225.jpg 300w, https:\/\/sigea.pt\/wp-content\/uploads\/2020\/07\/Sofia-Cruz_5\u00ba-ano_BD.001-2-1-768x576.jpg 768w, https:\/\/sigea.pt\/wp-content\/uploads\/2020\/07\/Sofia-Cruz_5\u00ba-ano_BD.001-2-1-500x375.jpg 500w\" sizes=\"(max-width: 800px) 100vw, 800px\" \/><\/figure><\/li><li class=\"blocks-gallery-item\"><figure><img loading=\"lazy\" decoding=\"async\" width=\"800\" height=\"590\" src=\"https:\/\/sigea.pt\/wp-content\/uploads\/2020\/07\/Toma\u0301s-Carvalho_5\u00ba-ano_Banda-Desenhada-2-1.jpg\" alt=\"\" data-id=\"2652\" data-full-url=\"https:\/\/sigea.pt\/wp-content\/uploads\/2020\/07\/Toma\u0301s-Carvalho_5\u00ba-ano_Banda-Desenhada-2-1.jpg\" data-link=\"https:\/\/sigea.pt\/2020\/07\/artistas-da-pandemia-ed-visual-5-o-ano\/tomas-carvalho_5o-ano_banda-desenhada-2-1\/\" class=\"wp-image-2652 is-layout-flex wp-block-gallery-is-layout-flex\" srcset=\"https:\/\/sigea.pt\/wp-content\/uploads\/2020\/07\/Toma\u0301s-Carvalho_5\u00ba-ano_Banda-Desenhada-2-1.jpg 800w, https:\/\/sigea.pt\/wp-content\/uploads\/2020\/07\/Toma\u0301s-Carvalho_5\u00ba-ano_Banda-Desenhada-2-1-300x221.jpg 300w, https:\/\/sigea.pt\/wp-content\/uploads\/2020\/07\/Toma\u0301s-Carvalho_5\u00ba-ano_Banda-Desenhada-2-1-768x566.jpg 768w, https:\/\/sigea.pt\/wp-content\/uploads\/2020\/07\/Toma\u0301s-Carvalho_5\u00ba-ano_Banda-Desenhada-2-1-500x369.jpg 500w\" sizes=\"(max-width: 800px) 100vw, 800px\" \/><\/figure><\/li><\/ul><\/figure>\n\n\n\n<p><strong>Narrativas visuais<\/strong><\/p>\n\n\n\n<figure class=\"wp-block-gallery columns-3 is-cropped wp-block-gallery-2\"><ul class=\"blocks-gallery-grid\"><li class=\"blocks-gallery-item\"><figure><img loading=\"lazy\" decoding=\"async\" width=\"800\" height=\"600\" src=\"https:\/\/sigea.pt\/wp-content\/uploads\/2020\/07\/Alice-Pinto_5\u00ba-ano_Narrativas.001-2.jpg\" alt=\"\" data-id=\"2653\" data-full-url=\"https:\/\/sigea.pt\/wp-content\/uploads\/2020\/07\/Alice-Pinto_5\u00ba-ano_Narrativas.001-2.jpg\" data-link=\"https:\/\/sigea.pt\/2020\/07\/artistas-da-pandemia-ed-visual-5-o-ano\/alice-pinto_5o-ano_narrativas-001-2\/\" class=\"wp-image-2653\" srcset=\"https:\/\/sigea.pt\/wp-content\/uploads\/2020\/07\/Alice-Pinto_5\u00ba-ano_Narrativas.001-2.jpg 800w, https:\/\/sigea.pt\/wp-content\/uploads\/2020\/07\/Alice-Pinto_5\u00ba-ano_Narrativas.001-2-300x225.jpg 300w, https:\/\/sigea.pt\/wp-content\/uploads\/2020\/07\/Alice-Pinto_5\u00ba-ano_Narrativas.001-2-768x576.jpg 768w, https:\/\/sigea.pt\/wp-content\/uploads\/2020\/07\/Alice-Pinto_5\u00ba-ano_Narrativas.001-2-500x375.jpg 500w\" sizes=\"(max-width: 800px) 100vw, 800px\" \/><\/figure><\/li><li class=\"blocks-gallery-item\"><figure><img loading=\"lazy\" decoding=\"async\" width=\"800\" height=\"600\" src=\"https:\/\/sigea.pt\/wp-content\/uploads\/2020\/07\/Anto\u0301nio-Chaves_5\u00ba-ano_Narrativas.001-2.jpg\" alt=\"\" data-id=\"2654\" data-full-url=\"https:\/\/sigea.pt\/wp-content\/uploads\/2020\/07\/Anto\u0301nio-Chaves_5\u00ba-ano_Narrativas.001-2.jpg\" data-link=\"https:\/\/sigea.pt\/2020\/07\/artistas-da-pandemia-ed-visual-5-o-ano\/antonio-chaves_5o-ano_narrativas-001-2\/\" class=\"wp-image-2654\" srcset=\"https:\/\/sigea.pt\/wp-content\/uploads\/2020\/07\/Anto\u0301nio-Chaves_5\u00ba-ano_Narrativas.001-2.jpg 800w, https:\/\/sigea.pt\/wp-content\/uploads\/2020\/07\/Anto\u0301nio-Chaves_5\u00ba-ano_Narrativas.001-2-300x225.jpg 300w, https:\/\/sigea.pt\/wp-content\/uploads\/2020\/07\/Anto\u0301nio-Chaves_5\u00ba-ano_Narrativas.001-2-768x576.jpg 768w, https:\/\/sigea.pt\/wp-content\/uploads\/2020\/07\/Anto\u0301nio-Chaves_5\u00ba-ano_Narrativas.001-2-500x375.jpg 500w\" sizes=\"(max-width: 800px) 100vw, 800px\" \/><\/figure><\/li><li class=\"blocks-gallery-item\"><figure><img loading=\"lazy\" decoding=\"async\" width=\"800\" height=\"600\" src=\"https:\/\/sigea.pt\/wp-content\/uploads\/2020\/07\/Anto\u0301nio-Gomes_5\u00ba-ano_Narrativas.001-2.jpg\" alt=\"\" data-id=\"2655\" data-full-url=\"https:\/\/sigea.pt\/wp-content\/uploads\/2020\/07\/Anto\u0301nio-Gomes_5\u00ba-ano_Narrativas.001-2.jpg\" data-link=\"https:\/\/sigea.pt\/2020\/07\/artistas-da-pandemia-ed-visual-5-o-ano\/antonio-gomes_5o-ano_narrativas-001-2\/\" class=\"wp-image-2655\" srcset=\"https:\/\/sigea.pt\/wp-content\/uploads\/2020\/07\/Anto\u0301nio-Gomes_5\u00ba-ano_Narrativas.001-2.jpg 800w, https:\/\/sigea.pt\/wp-content\/uploads\/2020\/07\/Anto\u0301nio-Gomes_5\u00ba-ano_Narrativas.001-2-300x225.jpg 300w, https:\/\/sigea.pt\/wp-content\/uploads\/2020\/07\/Anto\u0301nio-Gomes_5\u00ba-ano_Narrativas.001-2-768x576.jpg 768w, https:\/\/sigea.pt\/wp-content\/uploads\/2020\/07\/Anto\u0301nio-Gomes_5\u00ba-ano_Narrativas.001-2-500x375.jpg 500w\" sizes=\"(max-width: 800px) 100vw, 800px\" \/><\/figure><\/li><li class=\"blocks-gallery-item\"><figure><img loading=\"lazy\" decoding=\"async\" width=\"800\" height=\"522\" src=\"https:\/\/sigea.pt\/wp-content\/uploads\/2020\/07\/Beatriz-Costa_5\u00ba-ano_Narrativas-2.jpg\" alt=\"\" data-id=\"2656\" data-full-url=\"https:\/\/sigea.pt\/wp-content\/uploads\/2020\/07\/Beatriz-Costa_5\u00ba-ano_Narrativas-2.jpg\" data-link=\"https:\/\/sigea.pt\/2020\/07\/artistas-da-pandemia-ed-visual-5-o-ano\/beatriz-costa_5o-ano_narrativas-2\/\" class=\"wp-image-2656\" srcset=\"https:\/\/sigea.pt\/wp-content\/uploads\/2020\/07\/Beatriz-Costa_5\u00ba-ano_Narrativas-2.jpg 800w, https:\/\/sigea.pt\/wp-content\/uploads\/2020\/07\/Beatriz-Costa_5\u00ba-ano_Narrativas-2-300x196.jpg 300w, https:\/\/sigea.pt\/wp-content\/uploads\/2020\/07\/Beatriz-Costa_5\u00ba-ano_Narrativas-2-768x501.jpg 768w, https:\/\/sigea.pt\/wp-content\/uploads\/2020\/07\/Beatriz-Costa_5\u00ba-ano_Narrativas-2-500x326.jpg 500w\" sizes=\"(max-width: 800px) 100vw, 800px\" \/><\/figure><\/li><li class=\"blocks-gallery-item\"><figure><img loading=\"lazy\" decoding=\"async\" width=\"800\" height=\"600\" src=\"https:\/\/sigea.pt\/wp-content\/uploads\/2020\/07\/Carlota-Pereira_5\u00ba-ano_Narrativas.001-2.jpg\" alt=\"\" data-id=\"2657\" data-full-url=\"https:\/\/sigea.pt\/wp-content\/uploads\/2020\/07\/Carlota-Pereira_5\u00ba-ano_Narrativas.001-2.jpg\" data-link=\"https:\/\/sigea.pt\/2020\/07\/artistas-da-pandemia-ed-visual-5-o-ano\/carlota-pereira_5o-ano_narrativas-001-2\/\" class=\"wp-image-2657\" srcset=\"https:\/\/sigea.pt\/wp-content\/uploads\/2020\/07\/Carlota-Pereira_5\u00ba-ano_Narrativas.001-2.jpg 800w, https:\/\/sigea.pt\/wp-content\/uploads\/2020\/07\/Carlota-Pereira_5\u00ba-ano_Narrativas.001-2-300x225.jpg 300w, https:\/\/sigea.pt\/wp-content\/uploads\/2020\/07\/Carlota-Pereira_5\u00ba-ano_Narrativas.001-2-768x576.jpg 768w, https:\/\/sigea.pt\/wp-content\/uploads\/2020\/07\/Carlota-Pereira_5\u00ba-ano_Narrativas.001-2-500x375.jpg 500w\" sizes=\"(max-width: 800px) 100vw, 800px\" \/><\/figure><\/li><li class=\"blocks-gallery-item\"><figure><img loading=\"lazy\" decoding=\"async\" width=\"800\" height=\"600\" src=\"https:\/\/sigea.pt\/wp-content\/uploads\/2020\/07\/Diana-Moreira.001-2.jpg\" alt=\"\" data-id=\"2658\" data-full-url=\"https:\/\/sigea.pt\/wp-content\/uploads\/2020\/07\/Diana-Moreira.001-2.jpg\" data-link=\"https:\/\/sigea.pt\/2020\/07\/artistas-da-pandemia-ed-visual-5-o-ano\/diana-moreira-001-2\/\" class=\"wp-image-2658\" srcset=\"https:\/\/sigea.pt\/wp-content\/uploads\/2020\/07\/Diana-Moreira.001-2.jpg 800w, https:\/\/sigea.pt\/wp-content\/uploads\/2020\/07\/Diana-Moreira.001-2-300x225.jpg 300w, https:\/\/sigea.pt\/wp-content\/uploads\/2020\/07\/Diana-Moreira.001-2-768x576.jpg 768w, https:\/\/sigea.pt\/wp-content\/uploads\/2020\/07\/Diana-Moreira.001-2-500x375.jpg 500w\" sizes=\"(max-width: 800px) 100vw, 800px\" \/><\/figure><\/li><li class=\"blocks-gallery-item\"><figure><img loading=\"lazy\" decoding=\"async\" width=\"800\" height=\"600\" src=\"https:\/\/sigea.pt\/wp-content\/uploads\/2020\/07\/Joana-Melo_5\u00ba-ano_Narrativas.001-2.jpg\" alt=\"\" data-id=\"2659\" data-full-url=\"https:\/\/sigea.pt\/wp-content\/uploads\/2020\/07\/Joana-Melo_5\u00ba-ano_Narrativas.001-2.jpg\" data-link=\"https:\/\/sigea.pt\/2020\/07\/artistas-da-pandemia-ed-visual-5-o-ano\/joana-melo_5o-ano_narrativas-001-2\/\" class=\"wp-image-2659\" srcset=\"https:\/\/sigea.pt\/wp-content\/uploads\/2020\/07\/Joana-Melo_5\u00ba-ano_Narrativas.001-2.jpg 800w, https:\/\/sigea.pt\/wp-content\/uploads\/2020\/07\/Joana-Melo_5\u00ba-ano_Narrativas.001-2-300x225.jpg 300w, https:\/\/sigea.pt\/wp-content\/uploads\/2020\/07\/Joana-Melo_5\u00ba-ano_Narrativas.001-2-768x576.jpg 768w, https:\/\/sigea.pt\/wp-content\/uploads\/2020\/07\/Joana-Melo_5\u00ba-ano_Narrativas.001-2-500x375.jpg 500w\" sizes=\"(max-width: 800px) 100vw, 800px\" \/><\/figure><\/li><li class=\"blocks-gallery-item\"><figure><img loading=\"lazy\" decoding=\"async\" width=\"800\" height=\"600\" src=\"https:\/\/sigea.pt\/wp-content\/uploads\/2020\/07\/Joa\u0303o-Ferreira_5\u00ba-ano_Narrativas.001-2.jpg\" alt=\"\" data-id=\"2660\" data-full-url=\"https:\/\/sigea.pt\/wp-content\/uploads\/2020\/07\/Joa\u0303o-Ferreira_5\u00ba-ano_Narrativas.001-2.jpg\" data-link=\"https:\/\/sigea.pt\/2020\/07\/artistas-da-pandemia-ed-visual-5-o-ano\/joa%cc%83o-ferreira_5o-ano_narrativas-001-2\/\" class=\"wp-image-2660\" srcset=\"https:\/\/sigea.pt\/wp-content\/uploads\/2020\/07\/Joa\u0303o-Ferreira_5\u00ba-ano_Narrativas.001-2.jpg 800w, https:\/\/sigea.pt\/wp-content\/uploads\/2020\/07\/Joa\u0303o-Ferreira_5\u00ba-ano_Narrativas.001-2-300x225.jpg 300w, https:\/\/sigea.pt\/wp-content\/uploads\/2020\/07\/Joa\u0303o-Ferreira_5\u00ba-ano_Narrativas.001-2-768x576.jpg 768w, https:\/\/sigea.pt\/wp-content\/uploads\/2020\/07\/Joa\u0303o-Ferreira_5\u00ba-ano_Narrativas.001-2-500x375.jpg 500w\" sizes=\"(max-width: 800px) 100vw, 800px\" \/><\/figure><\/li><li class=\"blocks-gallery-item\"><figure><img loading=\"lazy\" decoding=\"async\" width=\"800\" height=\"600\" src=\"https:\/\/sigea.pt\/wp-content\/uploads\/2020\/07\/Lara-Cortesa\u0303o_5\u00ba-ano_Narrativas.001-2.jpg\" alt=\"\" data-id=\"2661\" data-full-url=\"https:\/\/sigea.pt\/wp-content\/uploads\/2020\/07\/Lara-Cortesa\u0303o_5\u00ba-ano_Narrativas.001-2.jpg\" data-link=\"https:\/\/sigea.pt\/2020\/07\/artistas-da-pandemia-ed-visual-5-o-ano\/lara-cortesa%cc%83o_5o-ano_narrativas-001-2\/\" class=\"wp-image-2661\" srcset=\"https:\/\/sigea.pt\/wp-content\/uploads\/2020\/07\/Lara-Cortesa\u0303o_5\u00ba-ano_Narrativas.001-2.jpg 800w, https:\/\/sigea.pt\/wp-content\/uploads\/2020\/07\/Lara-Cortesa\u0303o_5\u00ba-ano_Narrativas.001-2-300x225.jpg 300w, https:\/\/sigea.pt\/wp-content\/uploads\/2020\/07\/Lara-Cortesa\u0303o_5\u00ba-ano_Narrativas.001-2-768x576.jpg 768w, https:\/\/sigea.pt\/wp-content\/uploads\/2020\/07\/Lara-Cortesa\u0303o_5\u00ba-ano_Narrativas.001-2-500x375.jpg 500w\" sizes=\"(max-width: 800px) 100vw, 800px\" \/><\/figure><\/li><li class=\"blocks-gallery-item\"><figure><img loading=\"lazy\" decoding=\"async\" width=\"800\" height=\"585\" src=\"https:\/\/sigea.pt\/wp-content\/uploads\/2020\/07\/Lui\u0301s_5\u00ba-ano_Narrativas-2.jpg\" alt=\"\" data-id=\"2662\" data-full-url=\"https:\/\/sigea.pt\/wp-content\/uploads\/2020\/07\/Lui\u0301s_5\u00ba-ano_Narrativas-2.jpg\" data-link=\"https:\/\/sigea.pt\/2020\/07\/artistas-da-pandemia-ed-visual-5-o-ano\/luis_5o-ano_narrativas-2\/\" class=\"wp-image-2662\" srcset=\"https:\/\/sigea.pt\/wp-content\/uploads\/2020\/07\/Lui\u0301s_5\u00ba-ano_Narrativas-2.jpg 800w, https:\/\/sigea.pt\/wp-content\/uploads\/2020\/07\/Lui\u0301s_5\u00ba-ano_Narrativas-2-300x219.jpg 300w, https:\/\/sigea.pt\/wp-content\/uploads\/2020\/07\/Lui\u0301s_5\u00ba-ano_Narrativas-2-768x562.jpg 768w, https:\/\/sigea.pt\/wp-content\/uploads\/2020\/07\/Lui\u0301s_5\u00ba-ano_Narrativas-2-500x366.jpg 500w\" sizes=\"(max-width: 800px) 100vw, 800px\" \/><\/figure><\/li><li class=\"blocks-gallery-item\"><figure><img loading=\"lazy\" decoding=\"async\" width=\"800\" height=\"600\" src=\"https:\/\/sigea.pt\/wp-content\/uploads\/2020\/07\/Lui\u0301sa-Lourenc\u0327o_5\u00ba-ano_Narrativas.001-2.jpg\" alt=\"\" data-id=\"2663\" data-full-url=\"https:\/\/sigea.pt\/wp-content\/uploads\/2020\/07\/Lui\u0301sa-Lourenc\u0327o_5\u00ba-ano_Narrativas.001-2.jpg\" data-link=\"https:\/\/sigea.pt\/2020\/07\/artistas-da-pandemia-ed-visual-5-o-ano\/luisa-lourenc%cc%a7o_5o-ano_narrativas-001-2\/\" class=\"wp-image-2663\" srcset=\"https:\/\/sigea.pt\/wp-content\/uploads\/2020\/07\/Lui\u0301sa-Lourenc\u0327o_5\u00ba-ano_Narrativas.001-2.jpg 800w, https:\/\/sigea.pt\/wp-content\/uploads\/2020\/07\/Lui\u0301sa-Lourenc\u0327o_5\u00ba-ano_Narrativas.001-2-300x225.jpg 300w, https:\/\/sigea.pt\/wp-content\/uploads\/2020\/07\/Lui\u0301sa-Lourenc\u0327o_5\u00ba-ano_Narrativas.001-2-768x576.jpg 768w, https:\/\/sigea.pt\/wp-content\/uploads\/2020\/07\/Lui\u0301sa-Lourenc\u0327o_5\u00ba-ano_Narrativas.001-2-500x375.jpg 500w\" sizes=\"(max-width: 800px) 100vw, 800px\" \/><\/figure><\/li><li class=\"blocks-gallery-item\"><figure><img loading=\"lazy\" decoding=\"async\" width=\"800\" height=\"600\" src=\"https:\/\/sigea.pt\/wp-content\/uploads\/2020\/07\/Madalena-Basto_5\u00ba-ano_Narrativas.001-2.jpg\" alt=\"\" data-id=\"2664\" data-full-url=\"https:\/\/sigea.pt\/wp-content\/uploads\/2020\/07\/Madalena-Basto_5\u00ba-ano_Narrativas.001-2.jpg\" data-link=\"https:\/\/sigea.pt\/2020\/07\/artistas-da-pandemia-ed-visual-5-o-ano\/madalena-basto_5o-ano_narrativas-001-2\/\" class=\"wp-image-2664\" srcset=\"https:\/\/sigea.pt\/wp-content\/uploads\/2020\/07\/Madalena-Basto_5\u00ba-ano_Narrativas.001-2.jpg 800w, https:\/\/sigea.pt\/wp-content\/uploads\/2020\/07\/Madalena-Basto_5\u00ba-ano_Narrativas.001-2-300x225.jpg 300w, https:\/\/sigea.pt\/wp-content\/uploads\/2020\/07\/Madalena-Basto_5\u00ba-ano_Narrativas.001-2-768x576.jpg 768w, https:\/\/sigea.pt\/wp-content\/uploads\/2020\/07\/Madalena-Basto_5\u00ba-ano_Narrativas.001-2-500x375.jpg 500w\" sizes=\"(max-width: 800px) 100vw, 800px\" \/><\/figure><\/li><li class=\"blocks-gallery-item\"><figure><img loading=\"lazy\" decoding=\"async\" width=\"800\" height=\"600\" src=\"https:\/\/sigea.pt\/wp-content\/uploads\/2020\/07\/Madalena-Basto_5\u00ba-ano_Narrativas.001-3.jpg\" alt=\"\" data-id=\"2665\" data-full-url=\"https:\/\/sigea.pt\/wp-content\/uploads\/2020\/07\/Madalena-Basto_5\u00ba-ano_Narrativas.001-3.jpg\" data-link=\"https:\/\/sigea.pt\/2020\/07\/artistas-da-pandemia-ed-visual-5-o-ano\/madalena-basto_5o-ano_narrativas-001-3\/\" class=\"wp-image-2665\" srcset=\"https:\/\/sigea.pt\/wp-content\/uploads\/2020\/07\/Madalena-Basto_5\u00ba-ano_Narrativas.001-3.jpg 800w, https:\/\/sigea.pt\/wp-content\/uploads\/2020\/07\/Madalena-Basto_5\u00ba-ano_Narrativas.001-3-300x225.jpg 300w, https:\/\/sigea.pt\/wp-content\/uploads\/2020\/07\/Madalena-Basto_5\u00ba-ano_Narrativas.001-3-768x576.jpg 768w, https:\/\/sigea.pt\/wp-content\/uploads\/2020\/07\/Madalena-Basto_5\u00ba-ano_Narrativas.001-3-500x375.jpg 500w\" sizes=\"(max-width: 800px) 100vw, 800px\" \/><\/figure><\/li><li class=\"blocks-gallery-item\"><figure><img loading=\"lazy\" decoding=\"async\" width=\"800\" height=\"600\" src=\"https:\/\/sigea.pt\/wp-content\/uploads\/2020\/07\/Mariana-Moreira_5\u00ba-ano_Narrativas.001-2.jpg\" alt=\"\" data-id=\"2666\" data-full-url=\"https:\/\/sigea.pt\/wp-content\/uploads\/2020\/07\/Mariana-Moreira_5\u00ba-ano_Narrativas.001-2.jpg\" data-link=\"https:\/\/sigea.pt\/2020\/07\/artistas-da-pandemia-ed-visual-5-o-ano\/mariana-moreira_5o-ano_narrativas-001-2\/\" class=\"wp-image-2666\" srcset=\"https:\/\/sigea.pt\/wp-content\/uploads\/2020\/07\/Mariana-Moreira_5\u00ba-ano_Narrativas.001-2.jpg 800w, https:\/\/sigea.pt\/wp-content\/uploads\/2020\/07\/Mariana-Moreira_5\u00ba-ano_Narrativas.001-2-300x225.jpg 300w, https:\/\/sigea.pt\/wp-content\/uploads\/2020\/07\/Mariana-Moreira_5\u00ba-ano_Narrativas.001-2-768x576.jpg 768w, https:\/\/sigea.pt\/wp-content\/uploads\/2020\/07\/Mariana-Moreira_5\u00ba-ano_Narrativas.001-2-500x375.jpg 500w\" sizes=\"(max-width: 800px) 100vw, 800px\" \/><\/figure><\/li><li class=\"blocks-gallery-item\"><figure><img loading=\"lazy\" decoding=\"async\" width=\"800\" height=\"600\" src=\"https:\/\/sigea.pt\/wp-content\/uploads\/2020\/07\/Pedro-Machado_5\u00ba-ano_Narrativas.001-2.jpg\" alt=\"\" data-id=\"2667\" data-full-url=\"https:\/\/sigea.pt\/wp-content\/uploads\/2020\/07\/Pedro-Machado_5\u00ba-ano_Narrativas.001-2.jpg\" data-link=\"https:\/\/sigea.pt\/2020\/07\/artistas-da-pandemia-ed-visual-5-o-ano\/pedro-machado_5o-ano_narrativas-001-2\/\" class=\"wp-image-2667\" srcset=\"https:\/\/sigea.pt\/wp-content\/uploads\/2020\/07\/Pedro-Machado_5\u00ba-ano_Narrativas.001-2.jpg 800w, https:\/\/sigea.pt\/wp-content\/uploads\/2020\/07\/Pedro-Machado_5\u00ba-ano_Narrativas.001-2-300x225.jpg 300w, https:\/\/sigea.pt\/wp-content\/uploads\/2020\/07\/Pedro-Machado_5\u00ba-ano_Narrativas.001-2-768x576.jpg 768w, https:\/\/sigea.pt\/wp-content\/uploads\/2020\/07\/Pedro-Machado_5\u00ba-ano_Narrativas.001-2-500x375.jpg 500w\" sizes=\"(max-width: 800px) 100vw, 800px\" \/><\/figure><\/li><li class=\"blocks-gallery-item\"><figure><img loading=\"lazy\" decoding=\"async\" width=\"790\" height=\"600\" src=\"https:\/\/sigea.pt\/wp-content\/uploads\/2020\/07\/Rui-Zhou_5\u00ba-ano_Narrativas-visuais_os-patos-mandarim-e-o-samurai-26052020-09_05_03-2-2.jpg\" alt=\"\" data-id=\"2668\" data-full-url=\"https:\/\/sigea.pt\/wp-content\/uploads\/2020\/07\/Rui-Zhou_5\u00ba-ano_Narrativas-visuais_os-patos-mandarim-e-o-samurai-26052020-09_05_03-2-2.jpg\" data-link=\"https:\/\/sigea.pt\/2020\/07\/artistas-da-pandemia-ed-visual-5-o-ano\/rui-zhou_5o-ano_narrativas-visuais_os-patos-mandarim-e-o-samurai-26052020-09_05_03-2-2\/\" class=\"wp-image-2668\" srcset=\"https:\/\/sigea.pt\/wp-content\/uploads\/2020\/07\/Rui-Zhou_5\u00ba-ano_Narrativas-visuais_os-patos-mandarim-e-o-samurai-26052020-09_05_03-2-2.jpg 790w, https:\/\/sigea.pt\/wp-content\/uploads\/2020\/07\/Rui-Zhou_5\u00ba-ano_Narrativas-visuais_os-patos-mandarim-e-o-samurai-26052020-09_05_03-2-2-300x228.jpg 300w, https:\/\/sigea.pt\/wp-content\/uploads\/2020\/07\/Rui-Zhou_5\u00ba-ano_Narrativas-visuais_os-patos-mandarim-e-o-samurai-26052020-09_05_03-2-2-768x583.jpg 768w, https:\/\/sigea.pt\/wp-content\/uploads\/2020\/07\/Rui-Zhou_5\u00ba-ano_Narrativas-visuais_os-patos-mandarim-e-o-samurai-26052020-09_05_03-2-2-500x380.jpg 500w\" sizes=\"(max-width: 790px) 100vw, 790px\" \/><\/figure><\/li><li class=\"blocks-gallery-item\"><figure><img loading=\"lazy\" decoding=\"async\" width=\"800\" height=\"600\" src=\"https:\/\/sigea.pt\/wp-content\/uploads\/2020\/07\/Sofia-Cruz_5\u00ba-ano_Narrativas.001-2.jpg\" alt=\"\" data-id=\"2669\" data-full-url=\"https:\/\/sigea.pt\/wp-content\/uploads\/2020\/07\/Sofia-Cruz_5\u00ba-ano_Narrativas.001-2.jpg\" data-link=\"https:\/\/sigea.pt\/2020\/07\/artistas-da-pandemia-ed-visual-5-o-ano\/sofia-cruz_5o-ano_narrativas-001-2\/\" class=\"wp-image-2669\" srcset=\"https:\/\/sigea.pt\/wp-content\/uploads\/2020\/07\/Sofia-Cruz_5\u00ba-ano_Narrativas.001-2.jpg 800w, https:\/\/sigea.pt\/wp-content\/uploads\/2020\/07\/Sofia-Cruz_5\u00ba-ano_Narrativas.001-2-300x225.jpg 300w, https:\/\/sigea.pt\/wp-content\/uploads\/2020\/07\/Sofia-Cruz_5\u00ba-ano_Narrativas.001-2-768x576.jpg 768w, https:\/\/sigea.pt\/wp-content\/uploads\/2020\/07\/Sofia-Cruz_5\u00ba-ano_Narrativas.001-2-500x375.jpg 500w\" sizes=\"(max-width: 800px) 100vw, 800px\" \/><\/figure><\/li><li class=\"blocks-gallery-item\"><figure><img loading=\"lazy\" decoding=\"async\" width=\"800\" height=\"600\" src=\"https:\/\/sigea.pt\/wp-content\/uploads\/2020\/07\/Thomaz-Lencastre.001-2.jpg\" alt=\"\" data-id=\"2670\" data-full-url=\"https:\/\/sigea.pt\/wp-content\/uploads\/2020\/07\/Thomaz-Lencastre.001-2.jpg\" data-link=\"https:\/\/sigea.pt\/2020\/07\/artistas-da-pandemia-ed-visual-5-o-ano\/thomaz-lencastre-001-2\/\" class=\"wp-image-2670\" srcset=\"https:\/\/sigea.pt\/wp-content\/uploads\/2020\/07\/Thomaz-Lencastre.001-2.jpg 800w, https:\/\/sigea.pt\/wp-content\/uploads\/2020\/07\/Thomaz-Lencastre.001-2-300x225.jpg 300w, https:\/\/sigea.pt\/wp-content\/uploads\/2020\/07\/Thomaz-Lencastre.001-2-768x576.jpg 768w, https:\/\/sigea.pt\/wp-content\/uploads\/2020\/07\/Thomaz-Lencastre.001-2-500x375.jpg 500w\" sizes=\"(max-width: 800px) 100vw, 800px\" \/><\/figure><\/li><li class=\"blocks-gallery-item\"><figure><img loading=\"lazy\" decoding=\"async\" width=\"800\" height=\"600\" src=\"https:\/\/sigea.pt\/wp-content\/uploads\/2020\/07\/Toma\u0301s-Carvalho_5\u00ba-ano_Narrativa.001-2.jpg\" alt=\"\" data-id=\"2671\" data-full-url=\"https:\/\/sigea.pt\/wp-content\/uploads\/2020\/07\/Toma\u0301s-Carvalho_5\u00ba-ano_Narrativa.001-2.jpg\" data-link=\"https:\/\/sigea.pt\/2020\/07\/artistas-da-pandemia-ed-visual-5-o-ano\/tomas-carvalho_5o-ano_narrativa-001-2\/\" class=\"wp-image-2671 is-layout-flex wp-block-gallery-is-layout-flex\" srcset=\"https:\/\/sigea.pt\/wp-content\/uploads\/2020\/07\/Toma\u0301s-Carvalho_5\u00ba-ano_Narrativa.001-2.jpg 800w, https:\/\/sigea.pt\/wp-content\/uploads\/2020\/07\/Toma\u0301s-Carvalho_5\u00ba-ano_Narrativa.001-2-300x225.jpg 300w, https:\/\/sigea.pt\/wp-content\/uploads\/2020\/07\/Toma\u0301s-Carvalho_5\u00ba-ano_Narrativa.001-2-768x576.jpg 768w, https:\/\/sigea.pt\/wp-content\/uploads\/2020\/07\/Toma\u0301s-Carvalho_5\u00ba-ano_Narrativa.001-2-500x375.jpg 500w\" sizes=\"(max-width: 800px) 100vw, 800px\" \/><\/figure><\/li><\/ul><\/figure>\n\n\n\n<p><\/p>","protected":false},"excerpt":{"rendered":"<p>Ao longo do 3.\u00ba per\u00edodo, a turma do 5.\u00ba ano caminhou pelo mundo das hist\u00f3rias, dando asas \u00e0 criatividade, a partir da ilustra\u00e7\u00e3o de contos, e da cria\u00e7\u00e3o de bandas&#8230;<\/p>","protected":false},"author":2,"featured_media":0,"comment_status":"closed","ping_status":"closed","sticky":false,"template":"","format":"standard","meta":{"_acf_changed":false,"advgb_blocks_editor_width":"","advgb_blocks_columns_visual_guide":"","_joinchat":[],"footnotes":"","_links_to":"","_links_to_target":""},"categories":[10,4],"tags":[],"class_list":{"0":"post-2577","1":"post","2":"type-post","3":"status-publish","4":"format-standard","6":"category-artistas-da-pandemia","7":"category-noticias"},"acf":[],"yoast_head":"<!-- This site is optimized with the Yoast SEO plugin v26.2 - https:\/\/yoast.com\/wordpress\/plugins\/seo\/ -->\n<title>Col\u00e9gio SIGEA - Artistas da pandemia (Ed. Visual 5.\u00ba ano)<\/title>\n<meta name=\"robots\" content=\"index, follow, max-snippet:-1, max-image-preview:large, max-video-preview:-1\" \/>\n<link rel=\"canonical\" href=\"https:\/\/sigea.pt\/en\/2020\/07\/artistas-da-pandemia-ed-visual-5-o-ano\/\" \/>\n<meta property=\"og:locale\" content=\"en_GB\" \/>\n<meta property=\"og:type\" content=\"article\" \/>\n<meta property=\"og:title\" content=\"Col\u00e9gio SIGEA - Artistas da pandemia (Ed. Visual 5.\u00ba ano)\" \/>\n<meta property=\"og:description\" content=\"Ao longo do 3.\u00ba per\u00edodo, a turma do 5.\u00ba ano caminhou pelo mundo das hist\u00f3rias, dando asas \u00e0 criatividade, a partir da ilustra\u00e7\u00e3o de contos, e da cria\u00e7\u00e3o de bandas...\" \/>\n<meta property=\"og:url\" content=\"https:\/\/sigea.pt\/en\/2020\/07\/artistas-da-pandemia-ed-visual-5-o-ano\/\" \/>\n<meta property=\"og:site_name\" content=\"Col\u00e9gio SIGEA\" \/>\n<meta property=\"article:publisher\" content=\"https:\/\/www.facebook.com\/clsigea\" \/>\n<meta property=\"article:published_time\" content=\"2020-07-06T11:02:26+00:00\" \/>\n<meta property=\"article:modified_time\" content=\"2020-07-06T11:19:02+00:00\" \/>\n<meta property=\"og:image\" content=\"https:\/\/sigea.pt\/wp-content\/uploads\/2020\/07\/Diana-Moreira.001-2.jpg\" \/>\n<meta name=\"author\" content=\"clsigea\" \/>\n<meta name=\"twitter:card\" content=\"summary_large_image\" \/>\n<meta name=\"twitter:label1\" content=\"Written by\" \/>\n\t<meta name=\"twitter:data1\" content=\"clsigea\" \/>\n<script type=\"application\/ld+json\" class=\"yoast-schema-graph\">{\"@context\":\"https:\/\/schema.org\",\"@graph\":[{\"@type\":\"Article\",\"@id\":\"https:\/\/sigea.pt\/2020\/07\/artistas-da-pandemia-ed-visual-5-o-ano\/#article\",\"isPartOf\":{\"@id\":\"https:\/\/sigea.pt\/2020\/07\/artistas-da-pandemia-ed-visual-5-o-ano\/\"},\"author\":{\"name\":\"clsigea\",\"@id\":\"https:\/\/sigea.pt\/#\/schema\/person\/3741f7f1e65e14f9cdacc1c4560ed0a6\"},\"headline\":\"Artistas da pandemia (Ed. Visual 5.\u00ba ano)\",\"datePublished\":\"2020-07-06T11:02:26+00:00\",\"dateModified\":\"2020-07-06T11:19:02+00:00\",\"mainEntityOfPage\":{\"@id\":\"https:\/\/sigea.pt\/2020\/07\/artistas-da-pandemia-ed-visual-5-o-ano\/\"},\"wordCount\":59,\"publisher\":{\"@id\":\"https:\/\/sigea.pt\/#organization\"},\"image\":{\"@id\":\"https:\/\/sigea.pt\/2020\/07\/artistas-da-pandemia-ed-visual-5-o-ano\/#primaryimage\"},\"thumbnailUrl\":\"https:\/\/sigea.pt\/wp-content\/uploads\/2020\/07\/Diana-Moreira.001-2.jpg\",\"articleSection\":[\"Artistas da pandemia\",\"Not\u00edcias\"],\"inLanguage\":\"en-GB\"},{\"@type\":\"WebPage\",\"@id\":\"https:\/\/sigea.pt\/2020\/07\/artistas-da-pandemia-ed-visual-5-o-ano\/\",\"url\":\"https:\/\/sigea.pt\/2020\/07\/artistas-da-pandemia-ed-visual-5-o-ano\/\",\"name\":\"Col\u00e9gio SIGEA - Artistas da pandemia (Ed. Visual 5.\u00ba ano)\",\"isPartOf\":{\"@id\":\"https:\/\/sigea.pt\/#website\"},\"primaryImageOfPage\":{\"@id\":\"https:\/\/sigea.pt\/2020\/07\/artistas-da-pandemia-ed-visual-5-o-ano\/#primaryimage\"},\"image\":{\"@id\":\"https:\/\/sigea.pt\/2020\/07\/artistas-da-pandemia-ed-visual-5-o-ano\/#primaryimage\"},\"thumbnailUrl\":\"https:\/\/sigea.pt\/wp-content\/uploads\/2020\/07\/Diana-Moreira.001-2.jpg\",\"datePublished\":\"2020-07-06T11:02:26+00:00\",\"dateModified\":\"2020-07-06T11:19:02+00:00\",\"breadcrumb\":{\"@id\":\"https:\/\/sigea.pt\/2020\/07\/artistas-da-pandemia-ed-visual-5-o-ano\/#breadcrumb\"},\"inLanguage\":\"en-GB\",\"potentialAction\":[{\"@type\":\"ReadAction\",\"target\":[\"https:\/\/sigea.pt\/2020\/07\/artistas-da-pandemia-ed-visual-5-o-ano\/\"]}]},{\"@type\":\"ImageObject\",\"inLanguage\":\"en-GB\",\"@id\":\"https:\/\/sigea.pt\/2020\/07\/artistas-da-pandemia-ed-visual-5-o-ano\/#primaryimage\",\"url\":\"https:\/\/sigea.pt\/wp-content\/uploads\/2020\/07\/Diana-Moreira.001-2.jpg\",\"contentUrl\":\"https:\/\/sigea.pt\/wp-content\/uploads\/2020\/07\/Diana-Moreira.001-2.jpg\"},{\"@type\":\"BreadcrumbList\",\"@id\":\"https:\/\/sigea.pt\/2020\/07\/artistas-da-pandemia-ed-visual-5-o-ano\/#breadcrumb\",\"itemListElement\":[{\"@type\":\"ListItem\",\"position\":1,\"name\":\"In\u00edcio\",\"item\":\"https:\/\/sigea.pt\/\"},{\"@type\":\"ListItem\",\"position\":2,\"name\":\"Artistas da pandemia (Ed. Visual 5.\u00ba ano)\"}]},{\"@type\":\"WebSite\",\"@id\":\"https:\/\/sigea.pt\/#website\",\"url\":\"https:\/\/sigea.pt\/\",\"name\":\"Col\u00e9gio SIGEA\",\"description\":\"Educar o Futuro\",\"publisher\":{\"@id\":\"https:\/\/sigea.pt\/#organization\"},\"potentialAction\":[{\"@type\":\"SearchAction\",\"target\":{\"@type\":\"EntryPoint\",\"urlTemplate\":\"https:\/\/sigea.pt\/?s={search_term_string}\"},\"query-input\":{\"@type\":\"PropertyValueSpecification\",\"valueRequired\":true,\"valueName\":\"search_term_string\"}}],\"inLanguage\":\"en-GB\"},{\"@type\":\"Organization\",\"@id\":\"https:\/\/sigea.pt\/#organization\",\"name\":\"Col\u00e9gio Sigea\",\"url\":\"https:\/\/sigea.pt\/\",\"logo\":{\"@type\":\"ImageObject\",\"inLanguage\":\"en-GB\",\"@id\":\"https:\/\/sigea.pt\/#\/schema\/logo\/image\/\",\"url\":\"https:\/\/sigea.pt\/wp-content\/uploads\/2019\/04\/logo-blue.png\",\"contentUrl\":\"https:\/\/sigea.pt\/wp-content\/uploads\/2019\/04\/logo-blue.png\",\"width\":150,\"height\":150,\"caption\":\"Col\u00e9gio Sigea\"},\"image\":{\"@id\":\"https:\/\/sigea.pt\/#\/schema\/logo\/image\/\"},\"sameAs\":[\"https:\/\/www.facebook.com\/clsigea\"]},{\"@type\":\"Person\",\"@id\":\"https:\/\/sigea.pt\/#\/schema\/person\/3741f7f1e65e14f9cdacc1c4560ed0a6\",\"name\":\"clsigea\",\"image\":{\"@type\":\"ImageObject\",\"inLanguage\":\"en-GB\",\"@id\":\"https:\/\/sigea.pt\/#\/schema\/person\/image\/\",\"url\":\"https:\/\/secure.gravatar.com\/avatar\/bed593e8c4f7a64eadd793ee0c358183a074681ff2ab486862ba11ecac82ec5b?s=96&d=mm&r=g\",\"contentUrl\":\"https:\/\/secure.gravatar.com\/avatar\/bed593e8c4f7a64eadd793ee0c358183a074681ff2ab486862ba11ecac82ec5b?s=96&d=mm&r=g\",\"caption\":\"clsigea\"}}]}<\/script>\n<!-- \/ Yoast SEO plugin. -->","yoast_head_json":{"title":"Col\u00e9gio SIGEA - Artistas da pandemia (Ed. Visual 5.\u00ba ano)","robots":{"index":"index","follow":"follow","max-snippet":"max-snippet:-1","max-image-preview":"max-image-preview:large","max-video-preview":"max-video-preview:-1"},"canonical":"https:\/\/sigea.pt\/en\/2020\/07\/artistas-da-pandemia-ed-visual-5-o-ano\/","og_locale":"en_GB","og_type":"article","og_title":"Col\u00e9gio SIGEA - Artistas da pandemia (Ed. Visual 5.\u00ba ano)","og_description":"Ao longo do 3.\u00ba per\u00edodo, a turma do 5.\u00ba ano caminhou pelo mundo das hist\u00f3rias, dando asas \u00e0 criatividade, a partir da ilustra\u00e7\u00e3o de contos, e da cria\u00e7\u00e3o de bandas...","og_url":"https:\/\/sigea.pt\/en\/2020\/07\/artistas-da-pandemia-ed-visual-5-o-ano\/","og_site_name":"Col\u00e9gio SIGEA","article_publisher":"https:\/\/www.facebook.com\/clsigea","article_published_time":"2020-07-06T11:02:26+00:00","article_modified_time":"2020-07-06T11:19:02+00:00","og_image":[{"url":"https:\/\/sigea.pt\/wp-content\/uploads\/2020\/07\/Diana-Moreira.001-2.jpg","type":"","width":"","height":""}],"author":"clsigea","twitter_card":"summary_large_image","twitter_misc":{"Written by":"clsigea"},"schema":{"@context":"https:\/\/schema.org","@graph":[{"@type":"Article","@id":"https:\/\/sigea.pt\/2020\/07\/artistas-da-pandemia-ed-visual-5-o-ano\/#article","isPartOf":{"@id":"https:\/\/sigea.pt\/2020\/07\/artistas-da-pandemia-ed-visual-5-o-ano\/"},"author":{"name":"clsigea","@id":"https:\/\/sigea.pt\/#\/schema\/person\/3741f7f1e65e14f9cdacc1c4560ed0a6"},"headline":"Artistas da pandemia (Ed. Visual 5.\u00ba ano)","datePublished":"2020-07-06T11:02:26+00:00","dateModified":"2020-07-06T11:19:02+00:00","mainEntityOfPage":{"@id":"https:\/\/sigea.pt\/2020\/07\/artistas-da-pandemia-ed-visual-5-o-ano\/"},"wordCount":59,"publisher":{"@id":"https:\/\/sigea.pt\/#organization"},"image":{"@id":"https:\/\/sigea.pt\/2020\/07\/artistas-da-pandemia-ed-visual-5-o-ano\/#primaryimage"},"thumbnailUrl":"https:\/\/sigea.pt\/wp-content\/uploads\/2020\/07\/Diana-Moreira.001-2.jpg","articleSection":["Artistas da pandemia","Not\u00edcias"],"inLanguage":"en-GB"},{"@type":"WebPage","@id":"https:\/\/sigea.pt\/2020\/07\/artistas-da-pandemia-ed-visual-5-o-ano\/","url":"https:\/\/sigea.pt\/2020\/07\/artistas-da-pandemia-ed-visual-5-o-ano\/","name":"Col\u00e9gio SIGEA - Artistas da pandemia (Ed. Visual 5.\u00ba ano)","isPartOf":{"@id":"https:\/\/sigea.pt\/#website"},"primaryImageOfPage":{"@id":"https:\/\/sigea.pt\/2020\/07\/artistas-da-pandemia-ed-visual-5-o-ano\/#primaryimage"},"image":{"@id":"https:\/\/sigea.pt\/2020\/07\/artistas-da-pandemia-ed-visual-5-o-ano\/#primaryimage"},"thumbnailUrl":"https:\/\/sigea.pt\/wp-content\/uploads\/2020\/07\/Diana-Moreira.001-2.jpg","datePublished":"2020-07-06T11:02:26+00:00","dateModified":"2020-07-06T11:19:02+00:00","breadcrumb":{"@id":"https:\/\/sigea.pt\/2020\/07\/artistas-da-pandemia-ed-visual-5-o-ano\/#breadcrumb"},"inLanguage":"en-GB","potentialAction":[{"@type":"ReadAction","target":["https:\/\/sigea.pt\/2020\/07\/artistas-da-pandemia-ed-visual-5-o-ano\/"]}]},{"@type":"ImageObject","inLanguage":"en-GB","@id":"https:\/\/sigea.pt\/2020\/07\/artistas-da-pandemia-ed-visual-5-o-ano\/#primaryimage","url":"https:\/\/sigea.pt\/wp-content\/uploads\/2020\/07\/Diana-Moreira.001-2.jpg","contentUrl":"https:\/\/sigea.pt\/wp-content\/uploads\/2020\/07\/Diana-Moreira.001-2.jpg"},{"@type":"BreadcrumbList","@id":"https:\/\/sigea.pt\/2020\/07\/artistas-da-pandemia-ed-visual-5-o-ano\/#breadcrumb","itemListElement":[{"@type":"ListItem","position":1,"name":"In\u00edcio","item":"https:\/\/sigea.pt\/"},{"@type":"ListItem","position":2,"name":"Artistas da pandemia (Ed. Visual 5.\u00ba ano)"}]},{"@type":"WebSite","@id":"https:\/\/sigea.pt\/#website","url":"https:\/\/sigea.pt\/","name":"Our School","description":"Educating the Future","publisher":{"@id":"https:\/\/sigea.pt\/#organization"},"potentialAction":[{"@type":"SearchAction","target":{"@type":"EntryPoint","urlTemplate":"https:\/\/sigea.pt\/?s={search_term_string}"},"query-input":{"@type":"PropertyValueSpecification","valueRequired":true,"valueName":"search_term_string"}}],"inLanguage":"en-GB"},{"@type":"Organization","@id":"https:\/\/sigea.pt\/#organization","name":"Col\u00e9gio Sigea","url":"https:\/\/sigea.pt\/","logo":{"@type":"ImageObject","inLanguage":"en-GB","@id":"https:\/\/sigea.pt\/#\/schema\/logo\/image\/","url":"https:\/\/sigea.pt\/wp-content\/uploads\/2019\/04\/logo-blue.png","contentUrl":"https:\/\/sigea.pt\/wp-content\/uploads\/2019\/04\/logo-blue.png","width":150,"height":150,"caption":"Col\u00e9gio Sigea"},"image":{"@id":"https:\/\/sigea.pt\/#\/schema\/logo\/image\/"},"sameAs":["https:\/\/www.facebook.com\/clsigea"]},{"@type":"Person","@id":"https:\/\/sigea.pt\/#\/schema\/person\/3741f7f1e65e14f9cdacc1c4560ed0a6","name":"clsigea","image":{"@type":"ImageObject","inLanguage":"en-GB","@id":"https:\/\/sigea.pt\/#\/schema\/person\/image\/","url":"https:\/\/secure.gravatar.com\/avatar\/bed593e8c4f7a64eadd793ee0c358183a074681ff2ab486862ba11ecac82ec5b?s=96&d=mm&r=g","contentUrl":"https:\/\/secure.gravatar.com\/avatar\/bed593e8c4f7a64eadd793ee0c358183a074681ff2ab486862ba11ecac82ec5b?s=96&d=mm&r=g","caption":"clsigea"}}]}},"author_meta":{"display_name":"clsigea","author_link":"https:\/\/sigea.pt\/en\/author\/clsigea\/"},"featured_img":null,"coauthors":[],"tax_additional":{"categories":{"linked":["<a href=\"https:\/\/sigea.pt\/en\/category\/artistas-da-pandemia\/\" class=\"advgb-post-tax-term\">Artistas da pandemia<\/a>","<a href=\"https:\/\/sigea.pt\/en\/category\/noticias\/\" class=\"advgb-post-tax-term\">Not\u00edcias<\/a>"],"unlinked":["<span class=\"advgb-post-tax-term\">Artistas da pandemia<\/span>","<span class=\"advgb-post-tax-term\">Not\u00edcias<\/span>"]}},"comment_count":"0","relative_dates":{"created":"Posted 6 years ago","modified":"Updated 6 years ago"},"absolute_dates":{"created":"Posted on 06\/07\/2020","modified":"Updated on 06\/07\/2020"},"absolute_dates_time":{"created":"Posted on 06\/07\/2020 11:02","modified":"Updated on 06\/07\/2020 11:19"},"featured_img_caption":"","series_order":"","_links":{"self":[{"href":"https:\/\/sigea.pt\/en\/wp-json\/wp\/v2\/posts\/2577","targetHints":{"allow":["GET"]}}],"collection":[{"href":"https:\/\/sigea.pt\/en\/wp-json\/wp\/v2\/posts"}],"about":[{"href":"https:\/\/sigea.pt\/en\/wp-json\/wp\/v2\/types\/post"}],"author":[{"embeddable":true,"href":"https:\/\/sigea.pt\/en\/wp-json\/wp\/v2\/users\/2"}],"replies":[{"embeddable":true,"href":"https:\/\/sigea.pt\/en\/wp-json\/wp\/v2\/comments?post=2577"}],"version-history":[{"count":0,"href":"https:\/\/sigea.pt\/en\/wp-json\/wp\/v2\/posts\/2577\/revisions"}],"wp:attachment":[{"href":"https:\/\/sigea.pt\/en\/wp-json\/wp\/v2\/media?parent=2577"}],"wp:term":[{"taxonomy":"category","embeddable":true,"href":"https:\/\/sigea.pt\/en\/wp-json\/wp\/v2\/categories?post=2577"},{"taxonomy":"post_tag","embeddable":true,"href":"https:\/\/sigea.pt\/en\/wp-json\/wp\/v2\/tags?post=2577"}],"curies":[{"name":"wp","href":"https:\/\/api.w.org\/{rel}","templated":true}]}}