{"id":2006,"date":"2019-10-10T14:45:28","date_gmt":"2019-10-10T14:45:28","guid":{"rendered":"https:\/\/www.colegiosigea.pt\/?p=2006"},"modified":"2019-10-10T14:45:28","modified_gmt":"2019-10-10T14:45:28","slug":"educacao-e-sensibilizacao-ambiental","status":"publish","type":"post","link":"https:\/\/sigea.pt\/en\/2019\/10\/educacao-e-sensibilizacao-ambiental\/","title":{"rendered":"Educa\u00e7\u00e3o e Sensibiliza\u00e7\u00e3o Ambiental"},"content":{"rendered":"<p>Placerat duis ultricies lacus sed turpis tincidunt id. Mauris in aliquam sem fringilla ut. Ac odio tempor orci dapibus ultrices in iaculis nunc. Etiam tempor orci eu lobortis elementum nibh. Feugiat scelerisque varius morbi enim nunc faucibus a pellentesque sit. Magna fringilla urna porttitor rhoncus dolor. Eget arcu dictum varius duis.<\/p>","protected":false},"excerpt":{"rendered":"<p>Placerat duis ultricies lacus sed turpis tincidunt id. Mauris in aliquam sem fringilla ut. Ac odio tempor orci dapibus ultrices in iaculis nunc. Etiam tempor orci eu lobortis elementum nibh&#8230;.<\/p>","protected":false},"author":1,"featured_media":2007,"comment_status":"closed","ping_status":"closed","sticky":false,"template":"","format":"standard","meta":{"_acf_changed":false,"advgb_blocks_editor_width":"","advgb_blocks_columns_visual_guide":"","_joinchat":[],"footnotes":"","_links_to":"","_links_to_target":""},"categories":[6],"tags":[],"class_list":{"0":"post-2006","1":"post","2":"type-post","3":"status-publish","4":"format-standard","5":"has-post-thumbnail","7":"category-premios-e-projectos"},"acf":[],"yoast_head":"<!-- This site is optimized with the Yoast SEO plugin v26.2 - https:\/\/yoast.com\/wordpress\/plugins\/seo\/ -->\n<title>Col\u00e9gio SIGEA - Educa\u00e7\u00e3o e Sensibiliza\u00e7\u00e3o Ambiental<\/title>\n<meta name=\"robots\" content=\"index, follow, max-snippet:-1, max-image-preview:large, max-video-preview:-1\" \/>\n<link rel=\"canonical\" href=\"https:\/\/sigea.pt\/en\/2019\/10\/educacao-e-sensibilizacao-ambiental\/\" \/>\n<meta property=\"og:locale\" content=\"en_GB\" \/>\n<meta property=\"og:type\" content=\"article\" \/>\n<meta property=\"og:title\" content=\"Col\u00e9gio SIGEA - Educa\u00e7\u00e3o e Sensibiliza\u00e7\u00e3o Ambiental\" \/>\n<meta property=\"og:description\" content=\"Placerat duis ultricies lacus sed turpis tincidunt id. Mauris in aliquam sem fringilla ut. Ac odio tempor orci dapibus ultrices in iaculis nunc. Etiam tempor orci eu lobortis elementum nibh....\" \/>\n<meta property=\"og:url\" content=\"https:\/\/sigea.pt\/en\/2019\/10\/educacao-e-sensibilizacao-ambiental\/\" \/>\n<meta property=\"og:site_name\" content=\"Col\u00e9gio SIGEA\" \/>\n<meta property=\"article:publisher\" content=\"https:\/\/www.facebook.com\/clsigea\" \/>\n<meta property=\"article:published_time\" content=\"2019-10-10T14:45:28+00:00\" \/>\n<meta property=\"og:image\" content=\"https:\/\/sigea.pt\/wp-content\/uploads\/2019\/10\/enviorment.jpg\" \/>\n\t<meta property=\"og:image:width\" content=\"634\" \/>\n\t<meta property=\"og:image:height\" content=\"951\" \/>\n\t<meta property=\"og:image:type\" content=\"image\/jpeg\" \/>\n<meta name=\"author\" content=\"bastudio\" \/>\n<meta name=\"twitter:card\" content=\"summary_large_image\" \/>\n<meta name=\"twitter:label1\" content=\"Written by\" \/>\n\t<meta name=\"twitter:data1\" content=\"bastudio\" \/>\n<script type=\"application\/ld+json\" class=\"yoast-schema-graph\">{\"@context\":\"https:\/\/schema.org\",\"@graph\":[{\"@type\":\"Article\",\"@id\":\"https:\/\/sigea.pt\/2019\/10\/educacao-e-sensibilizacao-ambiental\/#article\",\"isPartOf\":{\"@id\":\"https:\/\/sigea.pt\/2019\/10\/educacao-e-sensibilizacao-ambiental\/\"},\"author\":{\"name\":\"bastudio\",\"@id\":\"https:\/\/sigea.pt\/#\/schema\/person\/4b244fc34cf0282140ad70e00854d0dd\"},\"headline\":\"Educa\u00e7\u00e3o e Sensibiliza\u00e7\u00e3o Ambiental\",\"datePublished\":\"2019-10-10T14:45:28+00:00\",\"mainEntityOfPage\":{\"@id\":\"https:\/\/sigea.pt\/2019\/10\/educacao-e-sensibilizacao-ambiental\/\"},\"wordCount\":57,\"publisher\":{\"@id\":\"https:\/\/sigea.pt\/#organization\"},\"image\":{\"@id\":\"https:\/\/sigea.pt\/2019\/10\/educacao-e-sensibilizacao-ambiental\/#primaryimage\"},\"thumbnailUrl\":\"https:\/\/sigea.pt\/wp-content\/uploads\/2019\/10\/enviorment.jpg\",\"articleSection\":[\"Pr\u00e9mios e Projectos\"],\"inLanguage\":\"en-GB\"},{\"@type\":\"WebPage\",\"@id\":\"https:\/\/sigea.pt\/2019\/10\/educacao-e-sensibilizacao-ambiental\/\",\"url\":\"https:\/\/sigea.pt\/2019\/10\/educacao-e-sensibilizacao-ambiental\/\",\"name\":\"Col\u00e9gio SIGEA - Educa\u00e7\u00e3o e Sensibiliza\u00e7\u00e3o Ambiental\",\"isPartOf\":{\"@id\":\"https:\/\/sigea.pt\/#website\"},\"primaryImageOfPage\":{\"@id\":\"https:\/\/sigea.pt\/2019\/10\/educacao-e-sensibilizacao-ambiental\/#primaryimage\"},\"image\":{\"@id\":\"https:\/\/sigea.pt\/2019\/10\/educacao-e-sensibilizacao-ambiental\/#primaryimage\"},\"thumbnailUrl\":\"https:\/\/sigea.pt\/wp-content\/uploads\/2019\/10\/enviorment.jpg\",\"datePublished\":\"2019-10-10T14:45:28+00:00\",\"breadcrumb\":{\"@id\":\"https:\/\/sigea.pt\/2019\/10\/educacao-e-sensibilizacao-ambiental\/#breadcrumb\"},\"inLanguage\":\"en-GB\",\"potentialAction\":[{\"@type\":\"ReadAction\",\"target\":[\"https:\/\/sigea.pt\/2019\/10\/educacao-e-sensibilizacao-ambiental\/\"]}]},{\"@type\":\"ImageObject\",\"inLanguage\":\"en-GB\",\"@id\":\"https:\/\/sigea.pt\/2019\/10\/educacao-e-sensibilizacao-ambiental\/#primaryimage\",\"url\":\"https:\/\/sigea.pt\/wp-content\/uploads\/2019\/10\/enviorment.jpg\",\"contentUrl\":\"https:\/\/sigea.pt\/wp-content\/uploads\/2019\/10\/enviorment.jpg\",\"width\":634,\"height\":951},{\"@type\":\"BreadcrumbList\",\"@id\":\"https:\/\/sigea.pt\/2019\/10\/educacao-e-sensibilizacao-ambiental\/#breadcrumb\",\"itemListElement\":[{\"@type\":\"ListItem\",\"position\":1,\"name\":\"In\u00edcio\",\"item\":\"https:\/\/sigea.pt\/\"},{\"@type\":\"ListItem\",\"position\":2,\"name\":\"Educa\u00e7\u00e3o e Sensibiliza\u00e7\u00e3o Ambiental\"}]},{\"@type\":\"WebSite\",\"@id\":\"https:\/\/sigea.pt\/#website\",\"url\":\"https:\/\/sigea.pt\/\",\"name\":\"Col\u00e9gio SIGEA\",\"description\":\"Educar o Futuro\",\"publisher\":{\"@id\":\"https:\/\/sigea.pt\/#organization\"},\"potentialAction\":[{\"@type\":\"SearchAction\",\"target\":{\"@type\":\"EntryPoint\",\"urlTemplate\":\"https:\/\/sigea.pt\/?s={search_term_string}\"},\"query-input\":{\"@type\":\"PropertyValueSpecification\",\"valueRequired\":true,\"valueName\":\"search_term_string\"}}],\"inLanguage\":\"en-GB\"},{\"@type\":\"Organization\",\"@id\":\"https:\/\/sigea.pt\/#organization\",\"name\":\"Col\u00e9gio Sigea\",\"url\":\"https:\/\/sigea.pt\/\",\"logo\":{\"@type\":\"ImageObject\",\"inLanguage\":\"en-GB\",\"@id\":\"https:\/\/sigea.pt\/#\/schema\/logo\/image\/\",\"url\":\"https:\/\/sigea.pt\/wp-content\/uploads\/2019\/04\/logo-blue.png\",\"contentUrl\":\"https:\/\/sigea.pt\/wp-content\/uploads\/2019\/04\/logo-blue.png\",\"width\":150,\"height\":150,\"caption\":\"Col\u00e9gio Sigea\"},\"image\":{\"@id\":\"https:\/\/sigea.pt\/#\/schema\/logo\/image\/\"},\"sameAs\":[\"https:\/\/www.facebook.com\/clsigea\"]},{\"@type\":\"Person\",\"@id\":\"https:\/\/sigea.pt\/#\/schema\/person\/4b244fc34cf0282140ad70e00854d0dd\",\"name\":\"bastudio\",\"image\":{\"@type\":\"ImageObject\",\"inLanguage\":\"en-GB\",\"@id\":\"https:\/\/sigea.pt\/#\/schema\/person\/image\/\",\"url\":\"https:\/\/secure.gravatar.com\/avatar\/cf0bebab52ccea4a70d011953180b33a529cc33fccd7a6b57a0a025d72156c18?s=96&d=mm&r=g\",\"contentUrl\":\"https:\/\/secure.gravatar.com\/avatar\/cf0bebab52ccea4a70d011953180b33a529cc33fccd7a6b57a0a025d72156c18?s=96&d=mm&r=g\",\"caption\":\"bastudio\"}}]}<\/script>\n<!-- \/ Yoast SEO plugin. -->","yoast_head_json":{"title":"Col\u00e9gio SIGEA - Educa\u00e7\u00e3o e Sensibiliza\u00e7\u00e3o Ambiental","robots":{"index":"index","follow":"follow","max-snippet":"max-snippet:-1","max-image-preview":"max-image-preview:large","max-video-preview":"max-video-preview:-1"},"canonical":"https:\/\/sigea.pt\/en\/2019\/10\/educacao-e-sensibilizacao-ambiental\/","og_locale":"en_GB","og_type":"article","og_title":"Col\u00e9gio SIGEA - Educa\u00e7\u00e3o e Sensibiliza\u00e7\u00e3o Ambiental","og_description":"Placerat duis ultricies lacus sed turpis tincidunt id. Mauris in aliquam sem fringilla ut. Ac odio tempor orci dapibus ultrices in iaculis nunc. Etiam tempor orci eu lobortis elementum nibh....","og_url":"https:\/\/sigea.pt\/en\/2019\/10\/educacao-e-sensibilizacao-ambiental\/","og_site_name":"Col\u00e9gio SIGEA","article_publisher":"https:\/\/www.facebook.com\/clsigea","article_published_time":"2019-10-10T14:45:28+00:00","og_image":[{"width":634,"height":951,"url":"https:\/\/sigea.pt\/wp-content\/uploads\/2019\/10\/enviorment.jpg","type":"image\/jpeg"}],"author":"bastudio","twitter_card":"summary_large_image","twitter_misc":{"Written by":"bastudio"},"schema":{"@context":"https:\/\/schema.org","@graph":[{"@type":"Article","@id":"https:\/\/sigea.pt\/2019\/10\/educacao-e-sensibilizacao-ambiental\/#article","isPartOf":{"@id":"https:\/\/sigea.pt\/2019\/10\/educacao-e-sensibilizacao-ambiental\/"},"author":{"name":"bastudio","@id":"https:\/\/sigea.pt\/#\/schema\/person\/4b244fc34cf0282140ad70e00854d0dd"},"headline":"Educa\u00e7\u00e3o e Sensibiliza\u00e7\u00e3o Ambiental","datePublished":"2019-10-10T14:45:28+00:00","mainEntityOfPage":{"@id":"https:\/\/sigea.pt\/2019\/10\/educacao-e-sensibilizacao-ambiental\/"},"wordCount":57,"publisher":{"@id":"https:\/\/sigea.pt\/#organization"},"image":{"@id":"https:\/\/sigea.pt\/2019\/10\/educacao-e-sensibilizacao-ambiental\/#primaryimage"},"thumbnailUrl":"https:\/\/sigea.pt\/wp-content\/uploads\/2019\/10\/enviorment.jpg","articleSection":["Pr\u00e9mios e Projectos"],"inLanguage":"en-GB"},{"@type":"WebPage","@id":"https:\/\/sigea.pt\/2019\/10\/educacao-e-sensibilizacao-ambiental\/","url":"https:\/\/sigea.pt\/2019\/10\/educacao-e-sensibilizacao-ambiental\/","name":"Col\u00e9gio SIGEA - Educa\u00e7\u00e3o e Sensibiliza\u00e7\u00e3o Ambiental","isPartOf":{"@id":"https:\/\/sigea.pt\/#website"},"primaryImageOfPage":{"@id":"https:\/\/sigea.pt\/2019\/10\/educacao-e-sensibilizacao-ambiental\/#primaryimage"},"image":{"@id":"https:\/\/sigea.pt\/2019\/10\/educacao-e-sensibilizacao-ambiental\/#primaryimage"},"thumbnailUrl":"https:\/\/sigea.pt\/wp-content\/uploads\/2019\/10\/enviorment.jpg","datePublished":"2019-10-10T14:45:28+00:00","breadcrumb":{"@id":"https:\/\/sigea.pt\/2019\/10\/educacao-e-sensibilizacao-ambiental\/#breadcrumb"},"inLanguage":"en-GB","potentialAction":[{"@type":"ReadAction","target":["https:\/\/sigea.pt\/2019\/10\/educacao-e-sensibilizacao-ambiental\/"]}]},{"@type":"ImageObject","inLanguage":"en-GB","@id":"https:\/\/sigea.pt\/2019\/10\/educacao-e-sensibilizacao-ambiental\/#primaryimage","url":"https:\/\/sigea.pt\/wp-content\/uploads\/2019\/10\/enviorment.jpg","contentUrl":"https:\/\/sigea.pt\/wp-content\/uploads\/2019\/10\/enviorment.jpg","width":634,"height":951},{"@type":"BreadcrumbList","@id":"https:\/\/sigea.pt\/2019\/10\/educacao-e-sensibilizacao-ambiental\/#breadcrumb","itemListElement":[{"@type":"ListItem","position":1,"name":"In\u00edcio","item":"https:\/\/sigea.pt\/"},{"@type":"ListItem","position":2,"name":"Educa\u00e7\u00e3o e Sensibiliza\u00e7\u00e3o Ambiental"}]},{"@type":"WebSite","@id":"https:\/\/sigea.pt\/#website","url":"https:\/\/sigea.pt\/","name":"Our School","description":"Educating the Future","publisher":{"@id":"https:\/\/sigea.pt\/#organization"},"potentialAction":[{"@type":"SearchAction","target":{"@type":"EntryPoint","urlTemplate":"https:\/\/sigea.pt\/?s={search_term_string}"},"query-input":{"@type":"PropertyValueSpecification","valueRequired":true,"valueName":"search_term_string"}}],"inLanguage":"en-GB"},{"@type":"Organization","@id":"https:\/\/sigea.pt\/#organization","name":"Col\u00e9gio Sigea","url":"https:\/\/sigea.pt\/","logo":{"@type":"ImageObject","inLanguage":"en-GB","@id":"https:\/\/sigea.pt\/#\/schema\/logo\/image\/","url":"https:\/\/sigea.pt\/wp-content\/uploads\/2019\/04\/logo-blue.png","contentUrl":"https:\/\/sigea.pt\/wp-content\/uploads\/2019\/04\/logo-blue.png","width":150,"height":150,"caption":"Col\u00e9gio Sigea"},"image":{"@id":"https:\/\/sigea.pt\/#\/schema\/logo\/image\/"},"sameAs":["https:\/\/www.facebook.com\/clsigea"]},{"@type":"Person","@id":"https:\/\/sigea.pt\/#\/schema\/person\/4b244fc34cf0282140ad70e00854d0dd","name":"bastudio","image":{"@type":"ImageObject","inLanguage":"en-GB","@id":"https:\/\/sigea.pt\/#\/schema\/person\/image\/","url":"https:\/\/secure.gravatar.com\/avatar\/cf0bebab52ccea4a70d011953180b33a529cc33fccd7a6b57a0a025d72156c18?s=96&d=mm&r=g","contentUrl":"https:\/\/secure.gravatar.com\/avatar\/cf0bebab52ccea4a70d011953180b33a529cc33fccd7a6b57a0a025d72156c18?s=96&d=mm&r=g","caption":"bastudio"}}]}},"author_meta":{"display_name":"bastudio","author_link":"https:\/\/sigea.pt\/en\/author\/bastudio\/"},"featured_img":"https:\/\/sigea.pt\/wp-content\/uploads\/2019\/10\/enviorment-200x300.jpg","coauthors":[],"tax_additional":{"categories":{"linked":["<a href=\"https:\/\/sigea.pt\/en\/category\/premios-e-projectos\/\" class=\"advgb-post-tax-term\">Pr\u00e9mios e Projectos<\/a>"],"unlinked":["<span class=\"advgb-post-tax-term\">Pr\u00e9mios e Projectos<\/span>"]}},"comment_count":"0","relative_dates":{"created":"Posted 7 years ago","modified":"Updated 7 years ago"},"absolute_dates":{"created":"Posted on 10\/10\/2019","modified":"Updated on 10\/10\/2019"},"absolute_dates_time":{"created":"Posted on 10\/10\/2019 14:45","modified":"Updated on 10\/10\/2019 14:45"},"featured_img_caption":"","series_order":"","_links":{"self":[{"href":"https:\/\/sigea.pt\/en\/wp-json\/wp\/v2\/posts\/2006","targetHints":{"allow":["GET"]}}],"collection":[{"href":"https:\/\/sigea.pt\/en\/wp-json\/wp\/v2\/posts"}],"about":[{"href":"https:\/\/sigea.pt\/en\/wp-json\/wp\/v2\/types\/post"}],"author":[{"embeddable":true,"href":"https:\/\/sigea.pt\/en\/wp-json\/wp\/v2\/users\/1"}],"replies":[{"embeddable":true,"href":"https:\/\/sigea.pt\/en\/wp-json\/wp\/v2\/comments?post=2006"}],"version-history":[{"count":0,"href":"https:\/\/sigea.pt\/en\/wp-json\/wp\/v2\/posts\/2006\/revisions"}],"wp:featuredmedia":[{"embeddable":true,"href":"https:\/\/sigea.pt\/en\/wp-json\/wp\/v2\/media\/2007"}],"wp:attachment":[{"href":"https:\/\/sigea.pt\/en\/wp-json\/wp\/v2\/media?parent=2006"}],"wp:term":[{"taxonomy":"category","embeddable":true,"href":"https:\/\/sigea.pt\/en\/wp-json\/wp\/v2\/categories?post=2006"},{"taxonomy":"post_tag","embeddable":true,"href":"https:\/\/sigea.pt\/en\/wp-json\/wp\/v2\/tags?post=2006"}],"curies":[{"name":"wp","href":"https:\/\/api.w.org\/{rel}","templated":true}]}}