{"id":1035,"date":"2019-07-04T10:59:33","date_gmt":"2019-07-04T10:59:33","guid":{"rendered":"https:\/\/sigea.pt\/2019\/07\/voluntariado-jovem\/"},"modified":"2019-07-04T10:59:33","modified_gmt":"2019-07-04T10:59:33","slug":"voluntariado-jovem","status":"publish","type":"post","link":"https:\/\/sigea.pt\/en\/2019\/07\/voluntariado-jovem\/","title":{"rendered":"Voluntariado Jovem"},"content":{"rendered":"<div>\n<div>\n<p>26 de abril a 3 de maio<\/p>\n<p><\/div>\n<\/div>\n<div><img decoding=\"async\" src=\"http:\/\/www.colegiosigea.pt\/wp-content\/uploads\/2019\/07\/IMG_20190430_095925.jpg\" ><\/div>\n<div>\n<div>\n<p>Teve lugar, entre os dias 26 de abril e 3 de maio, a X Semana do Voluntariado Jovem da Junta de Freguesia de Cascais e Estoril, iniciativa \u00e0 qual o nosso Col\u00e9gio se voltou a associar.<\/p>\n<p>Com efeito, todas as turmas do 1.\u00ba, 2.\u00ba e 3.\u00ba ciclos participaram na edi\u00e7\u00e3o deste ano da Semana do Voluntariado Jovem, desenvolvendo atividades em \u00e1reas t\u00e3o diversificadas como a seguran\u00e7a, o ambiente, a solidariedade ou a preserva\u00e7\u00e3o do patrim\u00f3nio.<\/p>\n<p>Assim, relativamente ao 1.\u00ba ciclo, as turmas do 1.\u00ba e 2.\u00ba anos receberam uma volunt\u00e1ria da Associa\u00e7\u00e3o Helpo &#8211; curiosamente, uma antiga aluna do Col\u00e9gio &#8211; para ouvir contar &#8220;A Hist\u00f3ria da Ancha&#8221;, enquanto as turmas do 3.\u00ba e 4.\u00ba anos se deslocaram \u00e0 Associa\u00e7\u00e3o de Moradores da Quinta da Carreira para realizem, respetivamente, uma aula de dan\u00e7as do Mundo e uma aula de capoeira.<\/p>\n<p>J\u00e1 no que diz respeito ao 2.\u00ba ciclo, os alunos do 5.\u00ba ano, em articula\u00e7\u00e3o com a Cascais Ambiente, realizaram uma a\u00e7\u00e3o de controlo de esp\u00e9cies ex\u00f3ticas com car\u00e1ter invasor na orla costeira, tendo a turma do 6.\u00ba ano feito uma visita aos Bombeiros do Estoril para melhor conhecer o trabalho desenvolvido por esta institui\u00e7\u00e3o.<\/p>\n<p>Quanto ao 3.\u00ba ciclo, \u00e9 de destacar que os alunos do 9.\u00ba ano participaram numa sess\u00e3o do Programa &#8220;Oh Gui &#8211; Rugby (adaptado) para Todos&#8221;, associando as \u00e1reas do desporto e da inclus\u00e3o. J\u00e1 o 8.\u00ba ano foi visitado, na sua sala de aula, por duas volunt\u00e1rias da Associa\u00e7\u00e3o Helpo, que dinamizaram uma sess\u00e3o intitulada &#8220;A minha escola Helpa &#8211; E a tua?&#8221;. Finalmente, e \u00c0 semelhan\u00e7a do que acontecera com uma turma do 2.\u00ba ciclo, o 7.\u00ba ano procedeu \u00e0 limpeza de res\u00edduos num tro\u00e7o de uma ribeira, sob a supervis\u00e3o da Cascais Ambiente.<\/p>\n<p>Tal como vem acontecendo h\u00e1 diversos anos, foi com grande orgulho e satisfa\u00e7\u00e3o que o Col\u00e9gio se voltou a associar a esta iniciativa da Junta de Freguesia de Cascais e Estoril, de modo a levar os alunos a tomarem consci\u00eancia da import\u00e2ncia, cada vez maior, de uma cultura de voluntariado aos mais diversos n\u00edveis.<\/p>\n<p><\/div>\n<\/div>\n<div><img decoding=\"async\" src=\"http:\/\/www.colegiosigea.pt\/wp-content\/uploads\/2019\/07\/20190430_141057.jpg\" ><img decoding=\"async\" src=\"http:\/\/www.colegiosigea.pt\/wp-content\/uploads\/2019\/07\/57414097_10219267507708300_3741439302530236416_n.jpg\" ><img decoding=\"async\" src=\"http:\/\/www.colegiosigea.pt\/wp-content\/uploads\/2019\/07\/58781524_2235873069836654_7992998154343546880_n.jpg\" ><img decoding=\"async\" src=\"http:\/\/www.colegiosigea.pt\/wp-content\/uploads\/2019\/07\/59362549_2462655923754213_2934106551780114432_n.jpg\" ><img decoding=\"async\" src=\"http:\/\/www.colegiosigea.pt\/wp-content\/uploads\/2019\/07\/59527477_2235873256503302_8101175156325482496_n.jpg\" ><img decoding=\"async\" src=\"http:\/\/www.colegiosigea.pt\/wp-content\/uploads\/2019\/07\/IMG_20190430_095925-4.jpg\" ><img decoding=\"async\" src=\"http:\/\/www.colegiosigea.pt\/wp-content\/uploads\/2019\/07\/IMG_20190430_101252-1-.jpg\" ><img decoding=\"async\" src=\"http:\/\/www.colegiosigea.pt\/wp-content\/uploads\/2019\/07\/IMG-20190504-WA0005.jpg\" ><img decoding=\"async\" src=\"http:\/\/www.colegiosigea.pt\/wp-content\/uploads\/2019\/07\/IMG-20190504-WA0007.jpg\" ><img decoding=\"async\" src=\"http:\/\/www.colegiosigea.pt\/wp-content\/uploads\/2019\/07\/IMG-20190506-WA0003.jpg\" ><\/div>","protected":false},"excerpt":{"rendered":"<p>26 de abril a 3 de maio Teve lugar, entre os dias 26 de abril e 3 de maio, a X Semana do Voluntariado Jovem da Junta de Freguesia de&#8230;<\/p>","protected":false},"author":1,"featured_media":1045,"comment_status":"closed","ping_status":"closed","sticky":false,"template":"","format":"standard","meta":{"_acf_changed":false,"advgb_blocks_editor_width":"","advgb_blocks_columns_visual_guide":"","_joinchat":[],"footnotes":"","_links_to":"","_links_to_target":""},"categories":[4],"tags":[],"class_list":{"0":"post-1035","1":"post","2":"type-post","3":"status-publish","4":"format-standard","5":"has-post-thumbnail","7":"category-noticias"},"acf":[],"yoast_head":"<!-- This site is optimized with the Yoast SEO plugin v26.2 - https:\/\/yoast.com\/wordpress\/plugins\/seo\/ -->\n<title>Col\u00e9gio SIGEA - Voluntariado Jovem<\/title>\n<meta name=\"robots\" content=\"index, follow, max-snippet:-1, max-image-preview:large, max-video-preview:-1\" \/>\n<link rel=\"canonical\" href=\"https:\/\/sigea.pt\/en\/2019\/07\/voluntariado-jovem\/\" \/>\n<meta property=\"og:locale\" content=\"en_GB\" \/>\n<meta property=\"og:type\" content=\"article\" \/>\n<meta property=\"og:title\" content=\"Col\u00e9gio SIGEA - Voluntariado Jovem\" \/>\n<meta property=\"og:description\" content=\"26 de abril a 3 de maio Teve lugar, entre os dias 26 de abril e 3 de maio, a X Semana do Voluntariado Jovem da Junta de Freguesia de...\" \/>\n<meta property=\"og:url\" content=\"https:\/\/sigea.pt\/en\/2019\/07\/voluntariado-jovem\/\" \/>\n<meta property=\"og:site_name\" content=\"Col\u00e9gio SIGEA\" \/>\n<meta property=\"article:publisher\" content=\"https:\/\/www.facebook.com\/clsigea\" \/>\n<meta property=\"article:published_time\" content=\"2019-07-04T10:59:33+00:00\" \/>\n<meta property=\"og:image\" content=\"https:\/\/sigea.pt\/wp-content\/uploads\/2019\/07\/IMG-20190504-WA0007.jpg\" \/>\n\t<meta property=\"og:image:width\" content=\"800\" \/>\n\t<meta property=\"og:image:height\" content=\"450\" \/>\n\t<meta property=\"og:image:type\" content=\"image\/jpeg\" \/>\n<meta name=\"author\" content=\"bastudio\" \/>\n<meta name=\"twitter:card\" content=\"summary_large_image\" \/>\n<meta name=\"twitter:label1\" content=\"Written by\" \/>\n\t<meta name=\"twitter:data1\" content=\"bastudio\" \/>\n\t<meta name=\"twitter:label2\" content=\"Estimated reading time\" \/>\n\t<meta name=\"twitter:data2\" content=\"2 minutes\" \/>\n<script type=\"application\/ld+json\" class=\"yoast-schema-graph\">{\"@context\":\"https:\/\/schema.org\",\"@graph\":[{\"@type\":\"Article\",\"@id\":\"https:\/\/sigea.pt\/2019\/07\/voluntariado-jovem\/#article\",\"isPartOf\":{\"@id\":\"https:\/\/sigea.pt\/2019\/07\/voluntariado-jovem\/\"},\"author\":{\"name\":\"bastudio\",\"@id\":\"https:\/\/sigea.pt\/#\/schema\/person\/4b244fc34cf0282140ad70e00854d0dd\"},\"headline\":\"Voluntariado Jovem\",\"datePublished\":\"2019-07-04T10:59:33+00:00\",\"mainEntityOfPage\":{\"@id\":\"https:\/\/sigea.pt\/2019\/07\/voluntariado-jovem\/\"},\"wordCount\":360,\"publisher\":{\"@id\":\"https:\/\/sigea.pt\/#organization\"},\"image\":{\"@id\":\"https:\/\/sigea.pt\/2019\/07\/voluntariado-jovem\/#primaryimage\"},\"thumbnailUrl\":\"https:\/\/sigea.pt\/wp-content\/uploads\/2019\/07\/IMG-20190504-WA0007.jpg\",\"articleSection\":[\"Not\u00edcias\"],\"inLanguage\":\"en-GB\"},{\"@type\":\"WebPage\",\"@id\":\"https:\/\/sigea.pt\/2019\/07\/voluntariado-jovem\/\",\"url\":\"https:\/\/sigea.pt\/2019\/07\/voluntariado-jovem\/\",\"name\":\"Col\u00e9gio SIGEA - Voluntariado Jovem\",\"isPartOf\":{\"@id\":\"https:\/\/sigea.pt\/#website\"},\"primaryImageOfPage\":{\"@id\":\"https:\/\/sigea.pt\/2019\/07\/voluntariado-jovem\/#primaryimage\"},\"image\":{\"@id\":\"https:\/\/sigea.pt\/2019\/07\/voluntariado-jovem\/#primaryimage\"},\"thumbnailUrl\":\"https:\/\/sigea.pt\/wp-content\/uploads\/2019\/07\/IMG-20190504-WA0007.jpg\",\"datePublished\":\"2019-07-04T10:59:33+00:00\",\"breadcrumb\":{\"@id\":\"https:\/\/sigea.pt\/2019\/07\/voluntariado-jovem\/#breadcrumb\"},\"inLanguage\":\"en-GB\",\"potentialAction\":[{\"@type\":\"ReadAction\",\"target\":[\"https:\/\/sigea.pt\/2019\/07\/voluntariado-jovem\/\"]}]},{\"@type\":\"ImageObject\",\"inLanguage\":\"en-GB\",\"@id\":\"https:\/\/sigea.pt\/2019\/07\/voluntariado-jovem\/#primaryimage\",\"url\":\"https:\/\/sigea.pt\/wp-content\/uploads\/2019\/07\/IMG-20190504-WA0007.jpg\",\"contentUrl\":\"https:\/\/sigea.pt\/wp-content\/uploads\/2019\/07\/IMG-20190504-WA0007.jpg\",\"width\":800,\"height\":450},{\"@type\":\"BreadcrumbList\",\"@id\":\"https:\/\/sigea.pt\/2019\/07\/voluntariado-jovem\/#breadcrumb\",\"itemListElement\":[{\"@type\":\"ListItem\",\"position\":1,\"name\":\"In\u00edcio\",\"item\":\"https:\/\/sigea.pt\/\"},{\"@type\":\"ListItem\",\"position\":2,\"name\":\"Voluntariado Jovem\"}]},{\"@type\":\"WebSite\",\"@id\":\"https:\/\/sigea.pt\/#website\",\"url\":\"https:\/\/sigea.pt\/\",\"name\":\"Col\u00e9gio SIGEA\",\"description\":\"Educar o Futuro\",\"publisher\":{\"@id\":\"https:\/\/sigea.pt\/#organization\"},\"potentialAction\":[{\"@type\":\"SearchAction\",\"target\":{\"@type\":\"EntryPoint\",\"urlTemplate\":\"https:\/\/sigea.pt\/?s={search_term_string}\"},\"query-input\":{\"@type\":\"PropertyValueSpecification\",\"valueRequired\":true,\"valueName\":\"search_term_string\"}}],\"inLanguage\":\"en-GB\"},{\"@type\":\"Organization\",\"@id\":\"https:\/\/sigea.pt\/#organization\",\"name\":\"Col\u00e9gio Sigea\",\"url\":\"https:\/\/sigea.pt\/\",\"logo\":{\"@type\":\"ImageObject\",\"inLanguage\":\"en-GB\",\"@id\":\"https:\/\/sigea.pt\/#\/schema\/logo\/image\/\",\"url\":\"https:\/\/sigea.pt\/wp-content\/uploads\/2019\/04\/logo-blue.png\",\"contentUrl\":\"https:\/\/sigea.pt\/wp-content\/uploads\/2019\/04\/logo-blue.png\",\"width\":150,\"height\":150,\"caption\":\"Col\u00e9gio Sigea\"},\"image\":{\"@id\":\"https:\/\/sigea.pt\/#\/schema\/logo\/image\/\"},\"sameAs\":[\"https:\/\/www.facebook.com\/clsigea\"]},{\"@type\":\"Person\",\"@id\":\"https:\/\/sigea.pt\/#\/schema\/person\/4b244fc34cf0282140ad70e00854d0dd\",\"name\":\"bastudio\",\"image\":{\"@type\":\"ImageObject\",\"inLanguage\":\"en-GB\",\"@id\":\"https:\/\/sigea.pt\/#\/schema\/person\/image\/\",\"url\":\"https:\/\/secure.gravatar.com\/avatar\/cf0bebab52ccea4a70d011953180b33a529cc33fccd7a6b57a0a025d72156c18?s=96&d=mm&r=g\",\"contentUrl\":\"https:\/\/secure.gravatar.com\/avatar\/cf0bebab52ccea4a70d011953180b33a529cc33fccd7a6b57a0a025d72156c18?s=96&d=mm&r=g\",\"caption\":\"bastudio\"}}]}<\/script>\n<!-- \/ Yoast SEO plugin. -->","yoast_head_json":{"title":"Col\u00e9gio SIGEA - Voluntariado Jovem","robots":{"index":"index","follow":"follow","max-snippet":"max-snippet:-1","max-image-preview":"max-image-preview:large","max-video-preview":"max-video-preview:-1"},"canonical":"https:\/\/sigea.pt\/en\/2019\/07\/voluntariado-jovem\/","og_locale":"en_GB","og_type":"article","og_title":"Col\u00e9gio SIGEA - Voluntariado Jovem","og_description":"26 de abril a 3 de maio Teve lugar, entre os dias 26 de abril e 3 de maio, a X Semana do Voluntariado Jovem da Junta de Freguesia de...","og_url":"https:\/\/sigea.pt\/en\/2019\/07\/voluntariado-jovem\/","og_site_name":"Col\u00e9gio SIGEA","article_publisher":"https:\/\/www.facebook.com\/clsigea","article_published_time":"2019-07-04T10:59:33+00:00","og_image":[{"width":800,"height":450,"url":"https:\/\/sigea.pt\/wp-content\/uploads\/2019\/07\/IMG-20190504-WA0007.jpg","type":"image\/jpeg"}],"author":"bastudio","twitter_card":"summary_large_image","twitter_misc":{"Written by":"bastudio","Estimated reading time":"2 minutes"},"schema":{"@context":"https:\/\/schema.org","@graph":[{"@type":"Article","@id":"https:\/\/sigea.pt\/2019\/07\/voluntariado-jovem\/#article","isPartOf":{"@id":"https:\/\/sigea.pt\/2019\/07\/voluntariado-jovem\/"},"author":{"name":"bastudio","@id":"https:\/\/sigea.pt\/#\/schema\/person\/4b244fc34cf0282140ad70e00854d0dd"},"headline":"Voluntariado Jovem","datePublished":"2019-07-04T10:59:33+00:00","mainEntityOfPage":{"@id":"https:\/\/sigea.pt\/2019\/07\/voluntariado-jovem\/"},"wordCount":360,"publisher":{"@id":"https:\/\/sigea.pt\/#organization"},"image":{"@id":"https:\/\/sigea.pt\/2019\/07\/voluntariado-jovem\/#primaryimage"},"thumbnailUrl":"https:\/\/sigea.pt\/wp-content\/uploads\/2019\/07\/IMG-20190504-WA0007.jpg","articleSection":["Not\u00edcias"],"inLanguage":"en-GB"},{"@type":"WebPage","@id":"https:\/\/sigea.pt\/2019\/07\/voluntariado-jovem\/","url":"https:\/\/sigea.pt\/2019\/07\/voluntariado-jovem\/","name":"Col\u00e9gio SIGEA - Voluntariado Jovem","isPartOf":{"@id":"https:\/\/sigea.pt\/#website"},"primaryImageOfPage":{"@id":"https:\/\/sigea.pt\/2019\/07\/voluntariado-jovem\/#primaryimage"},"image":{"@id":"https:\/\/sigea.pt\/2019\/07\/voluntariado-jovem\/#primaryimage"},"thumbnailUrl":"https:\/\/sigea.pt\/wp-content\/uploads\/2019\/07\/IMG-20190504-WA0007.jpg","datePublished":"2019-07-04T10:59:33+00:00","breadcrumb":{"@id":"https:\/\/sigea.pt\/2019\/07\/voluntariado-jovem\/#breadcrumb"},"inLanguage":"en-GB","potentialAction":[{"@type":"ReadAction","target":["https:\/\/sigea.pt\/2019\/07\/voluntariado-jovem\/"]}]},{"@type":"ImageObject","inLanguage":"en-GB","@id":"https:\/\/sigea.pt\/2019\/07\/voluntariado-jovem\/#primaryimage","url":"https:\/\/sigea.pt\/wp-content\/uploads\/2019\/07\/IMG-20190504-WA0007.jpg","contentUrl":"https:\/\/sigea.pt\/wp-content\/uploads\/2019\/07\/IMG-20190504-WA0007.jpg","width":800,"height":450},{"@type":"BreadcrumbList","@id":"https:\/\/sigea.pt\/2019\/07\/voluntariado-jovem\/#breadcrumb","itemListElement":[{"@type":"ListItem","position":1,"name":"In\u00edcio","item":"https:\/\/sigea.pt\/"},{"@type":"ListItem","position":2,"name":"Voluntariado Jovem"}]},{"@type":"WebSite","@id":"https:\/\/sigea.pt\/#website","url":"https:\/\/sigea.pt\/","name":"Our School","description":"Educating the Future","publisher":{"@id":"https:\/\/sigea.pt\/#organization"},"potentialAction":[{"@type":"SearchAction","target":{"@type":"EntryPoint","urlTemplate":"https:\/\/sigea.pt\/?s={search_term_string}"},"query-input":{"@type":"PropertyValueSpecification","valueRequired":true,"valueName":"search_term_string"}}],"inLanguage":"en-GB"},{"@type":"Organization","@id":"https:\/\/sigea.pt\/#organization","name":"Col\u00e9gio Sigea","url":"https:\/\/sigea.pt\/","logo":{"@type":"ImageObject","inLanguage":"en-GB","@id":"https:\/\/sigea.pt\/#\/schema\/logo\/image\/","url":"https:\/\/sigea.pt\/wp-content\/uploads\/2019\/04\/logo-blue.png","contentUrl":"https:\/\/sigea.pt\/wp-content\/uploads\/2019\/04\/logo-blue.png","width":150,"height":150,"caption":"Col\u00e9gio Sigea"},"image":{"@id":"https:\/\/sigea.pt\/#\/schema\/logo\/image\/"},"sameAs":["https:\/\/www.facebook.com\/clsigea"]},{"@type":"Person","@id":"https:\/\/sigea.pt\/#\/schema\/person\/4b244fc34cf0282140ad70e00854d0dd","name":"bastudio","image":{"@type":"ImageObject","inLanguage":"en-GB","@id":"https:\/\/sigea.pt\/#\/schema\/person\/image\/","url":"https:\/\/secure.gravatar.com\/avatar\/cf0bebab52ccea4a70d011953180b33a529cc33fccd7a6b57a0a025d72156c18?s=96&d=mm&r=g","contentUrl":"https:\/\/secure.gravatar.com\/avatar\/cf0bebab52ccea4a70d011953180b33a529cc33fccd7a6b57a0a025d72156c18?s=96&d=mm&r=g","caption":"bastudio"}}]}},"author_meta":{"display_name":"bastudio","author_link":"https:\/\/sigea.pt\/en\/author\/bastudio\/"},"featured_img":"https:\/\/sigea.pt\/wp-content\/uploads\/2019\/07\/IMG-20190504-WA0007-300x169.jpg","coauthors":[],"tax_additional":{"categories":{"linked":["<a href=\"https:\/\/sigea.pt\/en\/category\/noticias\/\" class=\"advgb-post-tax-term\">Not\u00edcias<\/a>"],"unlinked":["<span class=\"advgb-post-tax-term\">Not\u00edcias<\/span>"]}},"comment_count":"0","relative_dates":{"created":"Posted 7 years ago","modified":"Updated 7 years ago"},"absolute_dates":{"created":"Posted on 04\/07\/2019","modified":"Updated on 04\/07\/2019"},"absolute_dates_time":{"created":"Posted on 04\/07\/2019 10:59","modified":"Updated on 04\/07\/2019 10:59"},"featured_img_caption":"","series_order":"","_links":{"self":[{"href":"https:\/\/sigea.pt\/en\/wp-json\/wp\/v2\/posts\/1035","targetHints":{"allow":["GET"]}}],"collection":[{"href":"https:\/\/sigea.pt\/en\/wp-json\/wp\/v2\/posts"}],"about":[{"href":"https:\/\/sigea.pt\/en\/wp-json\/wp\/v2\/types\/post"}],"author":[{"embeddable":true,"href":"https:\/\/sigea.pt\/en\/wp-json\/wp\/v2\/users\/1"}],"replies":[{"embeddable":true,"href":"https:\/\/sigea.pt\/en\/wp-json\/wp\/v2\/comments?post=1035"}],"version-history":[{"count":0,"href":"https:\/\/sigea.pt\/en\/wp-json\/wp\/v2\/posts\/1035\/revisions"}],"wp:featuredmedia":[{"embeddable":true,"href":"https:\/\/sigea.pt\/en\/wp-json\/wp\/v2\/media\/1045"}],"wp:attachment":[{"href":"https:\/\/sigea.pt\/en\/wp-json\/wp\/v2\/media?parent=1035"}],"wp:term":[{"taxonomy":"category","embeddable":true,"href":"https:\/\/sigea.pt\/en\/wp-json\/wp\/v2\/categories?post=1035"},{"taxonomy":"post_tag","embeddable":true,"href":"https:\/\/sigea.pt\/en\/wp-json\/wp\/v2\/tags?post=1035"}],"curies":[{"name":"wp","href":"https:\/\/api.w.org\/{rel}","templated":true}]}}