{"id":1022,"date":"2019-07-04T10:52:07","date_gmt":"2019-07-04T10:52:07","guid":{"rendered":"https:\/\/sigea.pt\/2019\/07\/educar-para-a-cidadania\/"},"modified":"2019-07-04T10:52:07","modified_gmt":"2019-07-04T10:52:07","slug":"educar-para-a-cidadania","status":"publish","type":"post","link":"https:\/\/sigea.pt\/en\/2019\/07\/educar-para-a-cidadania\/","title":{"rendered":"Educar para a cidadania"},"content":{"rendered":"<div>\n<div>\n<p>5.\u00ba e 6. anos (Projeto desenvolvido no 3.\u00ba per\u00edodo)<\/p>\n<p><\/div>\n<\/div>\n<div><img decoding=\"async\" src=\"http:\/\/www.colegiosigea.pt\/wp-content\/uploads\/2019\/07\/IMG_3928.JPG\" ><\/div>\n<div>\n<div>\n<p>&nbsp;<\/p>\n<p>Ao longo do 3.\u00ba per\u00edodo, as turmas do 5.\u00ba e 6.\u00ba anos desenvolveram, nas aulas de EMRC, o programa &#8220;Educar para a Cidadania&#8221;, da responsabilidade do <strong>Banco Alimentar Contra a Fom<\/strong>e.<\/p>\n<p>O principal objetivo deste programa, dinamizado por volunt\u00e1rios da institui\u00e7\u00e3o, \u00e9 mostrar \u00e0s crian\u00e7as e jovens a import\u00e2ncia de viver com refer\u00eancia a valores universais, &#8220;semeando&#8221; a cidadania naqueles que ser\u00e3o a gera\u00e7\u00e3o futura.<\/p>\n<p>Em cada uma das seis sess\u00f5es que compunham o programa (realizadas com uma periodicidade semanal), os alunos realizaram atividades diversificadas, visando o desenvolvimento de valores como a liberdade, a toler\u00e2ncia ou a partilha.<\/p>\n<p>Ambas as turmas aderiram de uma forma muito positiva ao programa e \u00e0s atividades propostas, ficando o desejo de, no pr\u00f3ximo ano letivo, dar continuidade ao mesmo, uma vez que lhes permitiu que adquirissem compet\u00eancias fundamentais para viver melhor em comunidade.<\/p>\n<p><\/div>\n<\/div>\n<div><img decoding=\"async\" src=\"http:\/\/www.colegiosigea.pt\/wp-content\/uploads\/2019\/07\/20190426_120127.jpg\" ><img decoding=\"async\" src=\"http:\/\/www.colegiosigea.pt\/wp-content\/uploads\/2019\/07\/IMG_3925.JPG\" ><img decoding=\"async\" src=\"http:\/\/www.colegiosigea.pt\/wp-content\/uploads\/2019\/07\/IMG_3927.JPG\" ><img decoding=\"async\" src=\"http:\/\/www.colegiosigea.pt\/wp-content\/uploads\/2019\/07\/IMG_3928-0.JPG\" ><img decoding=\"async\" src=\"http:\/\/www.colegiosigea.pt\/wp-content\/uploads\/2019\/07\/IMG_3935.JPG\" ><\/div>","protected":false},"excerpt":{"rendered":"<p>5.\u00ba e 6. anos (Projeto desenvolvido no 3.\u00ba per\u00edodo) &nbsp; Ao longo do 3.\u00ba per\u00edodo, as turmas do 5.\u00ba e 6.\u00ba anos desenvolveram, nas aulas de EMRC, o programa &#8220;Educar&#8230;<\/p>","protected":false},"author":1,"featured_media":1023,"comment_status":"closed","ping_status":"closed","sticky":false,"template":"","format":"standard","meta":{"_acf_changed":false,"advgb_blocks_editor_width":"","advgb_blocks_columns_visual_guide":"","_joinchat":[],"footnotes":"","_links_to":"","_links_to_target":""},"categories":[4],"tags":[],"class_list":{"0":"post-1022","1":"post","2":"type-post","3":"status-publish","4":"format-standard","5":"has-post-thumbnail","7":"category-noticias"},"acf":[],"yoast_head":"<!-- This site is optimized with the Yoast SEO plugin v26.2 - https:\/\/yoast.com\/wordpress\/plugins\/seo\/ -->\n<title>Col\u00e9gio SIGEA - Educar para a cidadania<\/title>\n<meta name=\"robots\" content=\"index, follow, max-snippet:-1, max-image-preview:large, max-video-preview:-1\" \/>\n<link rel=\"canonical\" href=\"https:\/\/sigea.pt\/en\/2019\/07\/educar-para-a-cidadania\/\" \/>\n<meta property=\"og:locale\" content=\"en_GB\" \/>\n<meta property=\"og:type\" content=\"article\" \/>\n<meta property=\"og:title\" content=\"Col\u00e9gio SIGEA - Educar para a cidadania\" \/>\n<meta property=\"og:description\" content=\"5.\u00ba e 6. anos (Projeto desenvolvido no 3.\u00ba per\u00edodo) &nbsp; Ao longo do 3.\u00ba per\u00edodo, as turmas do 5.\u00ba e 6.\u00ba anos desenvolveram, nas aulas de EMRC, o programa &#8220;Educar...\" \/>\n<meta property=\"og:url\" content=\"https:\/\/sigea.pt\/en\/2019\/07\/educar-para-a-cidadania\/\" \/>\n<meta property=\"og:site_name\" content=\"Col\u00e9gio SIGEA\" \/>\n<meta property=\"article:publisher\" content=\"https:\/\/www.facebook.com\/clsigea\" \/>\n<meta property=\"article:published_time\" content=\"2019-07-04T10:52:07+00:00\" \/>\n<meta property=\"og:image\" content=\"https:\/\/sigea.pt\/wp-content\/uploads\/2019\/07\/IMG_3928.jpg\" \/>\n\t<meta property=\"og:image:width\" content=\"800\" \/>\n\t<meta property=\"og:image:height\" content=\"600\" \/>\n\t<meta property=\"og:image:type\" content=\"image\/jpeg\" \/>\n<meta name=\"author\" content=\"bastudio\" \/>\n<meta name=\"twitter:card\" content=\"summary_large_image\" \/>\n<meta name=\"twitter:label1\" content=\"Written by\" \/>\n\t<meta name=\"twitter:data1\" content=\"bastudio\" \/>\n\t<meta name=\"twitter:label2\" content=\"Estimated reading time\" \/>\n\t<meta name=\"twitter:data2\" content=\"1 minute\" \/>\n<script type=\"application\/ld+json\" class=\"yoast-schema-graph\">{\"@context\":\"https:\/\/schema.org\",\"@graph\":[{\"@type\":\"Article\",\"@id\":\"https:\/\/sigea.pt\/en\/2019\/07\/educar-para-a-cidadania\/#article\",\"isPartOf\":{\"@id\":\"https:\/\/sigea.pt\/en\/2019\/07\/educar-para-a-cidadania\/\"},\"author\":{\"name\":\"bastudio\",\"@id\":\"https:\/\/sigea.pt\/#\/schema\/person\/4b244fc34cf0282140ad70e00854d0dd\"},\"headline\":\"Educar para a cidadania\",\"datePublished\":\"2019-07-04T10:52:07+00:00\",\"mainEntityOfPage\":{\"@id\":\"https:\/\/sigea.pt\/en\/2019\/07\/educar-para-a-cidadania\/\"},\"wordCount\":159,\"publisher\":{\"@id\":\"https:\/\/sigea.pt\/#organization\"},\"image\":{\"@id\":\"https:\/\/sigea.pt\/en\/2019\/07\/educar-para-a-cidadania\/#primaryimage\"},\"thumbnailUrl\":\"https:\/\/sigea.pt\/wp-content\/uploads\/2019\/07\/IMG_3928.jpg\",\"articleSection\":[\"Not\u00edcias\"],\"inLanguage\":\"en-GB\"},{\"@type\":\"WebPage\",\"@id\":\"https:\/\/sigea.pt\/en\/2019\/07\/educar-para-a-cidadania\/\",\"url\":\"https:\/\/sigea.pt\/en\/2019\/07\/educar-para-a-cidadania\/\",\"name\":\"Col\u00e9gio SIGEA - Educar para a cidadania\",\"isPartOf\":{\"@id\":\"https:\/\/sigea.pt\/#website\"},\"primaryImageOfPage\":{\"@id\":\"https:\/\/sigea.pt\/en\/2019\/07\/educar-para-a-cidadania\/#primaryimage\"},\"image\":{\"@id\":\"https:\/\/sigea.pt\/en\/2019\/07\/educar-para-a-cidadania\/#primaryimage\"},\"thumbnailUrl\":\"https:\/\/sigea.pt\/wp-content\/uploads\/2019\/07\/IMG_3928.jpg\",\"datePublished\":\"2019-07-04T10:52:07+00:00\",\"breadcrumb\":{\"@id\":\"https:\/\/sigea.pt\/en\/2019\/07\/educar-para-a-cidadania\/#breadcrumb\"},\"inLanguage\":\"en-GB\",\"potentialAction\":[{\"@type\":\"ReadAction\",\"target\":[\"https:\/\/sigea.pt\/en\/2019\/07\/educar-para-a-cidadania\/\"]}]},{\"@type\":\"ImageObject\",\"inLanguage\":\"en-GB\",\"@id\":\"https:\/\/sigea.pt\/en\/2019\/07\/educar-para-a-cidadania\/#primaryimage\",\"url\":\"https:\/\/sigea.pt\/wp-content\/uploads\/2019\/07\/IMG_3928.jpg\",\"contentUrl\":\"https:\/\/sigea.pt\/wp-content\/uploads\/2019\/07\/IMG_3928.jpg\",\"width\":800,\"height\":600},{\"@type\":\"BreadcrumbList\",\"@id\":\"https:\/\/sigea.pt\/en\/2019\/07\/educar-para-a-cidadania\/#breadcrumb\",\"itemListElement\":[{\"@type\":\"ListItem\",\"position\":1,\"name\":\"In\u00edcio\",\"item\":\"https:\/\/sigea.pt\/\"},{\"@type\":\"ListItem\",\"position\":2,\"name\":\"Educar para a cidadania\"}]},{\"@type\":\"WebSite\",\"@id\":\"https:\/\/sigea.pt\/#website\",\"url\":\"https:\/\/sigea.pt\/\",\"name\":\"Col\u00e9gio SIGEA\",\"description\":\"Educar o Futuro\",\"publisher\":{\"@id\":\"https:\/\/sigea.pt\/#organization\"},\"potentialAction\":[{\"@type\":\"SearchAction\",\"target\":{\"@type\":\"EntryPoint\",\"urlTemplate\":\"https:\/\/sigea.pt\/?s={search_term_string}\"},\"query-input\":{\"@type\":\"PropertyValueSpecification\",\"valueRequired\":true,\"valueName\":\"search_term_string\"}}],\"inLanguage\":\"en-GB\"},{\"@type\":\"Organization\",\"@id\":\"https:\/\/sigea.pt\/#organization\",\"name\":\"Col\u00e9gio Sigea\",\"url\":\"https:\/\/sigea.pt\/\",\"logo\":{\"@type\":\"ImageObject\",\"inLanguage\":\"en-GB\",\"@id\":\"https:\/\/sigea.pt\/#\/schema\/logo\/image\/\",\"url\":\"https:\/\/sigea.pt\/wp-content\/uploads\/2019\/04\/logo-blue.png\",\"contentUrl\":\"https:\/\/sigea.pt\/wp-content\/uploads\/2019\/04\/logo-blue.png\",\"width\":150,\"height\":150,\"caption\":\"Col\u00e9gio Sigea\"},\"image\":{\"@id\":\"https:\/\/sigea.pt\/#\/schema\/logo\/image\/\"},\"sameAs\":[\"https:\/\/www.facebook.com\/clsigea\"]},{\"@type\":\"Person\",\"@id\":\"https:\/\/sigea.pt\/#\/schema\/person\/4b244fc34cf0282140ad70e00854d0dd\",\"name\":\"bastudio\",\"image\":{\"@type\":\"ImageObject\",\"inLanguage\":\"en-GB\",\"@id\":\"https:\/\/sigea.pt\/#\/schema\/person\/image\/\",\"url\":\"https:\/\/secure.gravatar.com\/avatar\/cf0bebab52ccea4a70d011953180b33a529cc33fccd7a6b57a0a025d72156c18?s=96&d=mm&r=g\",\"contentUrl\":\"https:\/\/secure.gravatar.com\/avatar\/cf0bebab52ccea4a70d011953180b33a529cc33fccd7a6b57a0a025d72156c18?s=96&d=mm&r=g\",\"caption\":\"bastudio\"}}]}<\/script>\n<!-- \/ Yoast SEO plugin. -->","yoast_head_json":{"title":"Col\u00e9gio SIGEA - Educar para a cidadania","robots":{"index":"index","follow":"follow","max-snippet":"max-snippet:-1","max-image-preview":"max-image-preview:large","max-video-preview":"max-video-preview:-1"},"canonical":"https:\/\/sigea.pt\/en\/2019\/07\/educar-para-a-cidadania\/","og_locale":"en_GB","og_type":"article","og_title":"Col\u00e9gio SIGEA - Educar para a cidadania","og_description":"5.\u00ba e 6. anos (Projeto desenvolvido no 3.\u00ba per\u00edodo) &nbsp; Ao longo do 3.\u00ba per\u00edodo, as turmas do 5.\u00ba e 6.\u00ba anos desenvolveram, nas aulas de EMRC, o programa &#8220;Educar...","og_url":"https:\/\/sigea.pt\/en\/2019\/07\/educar-para-a-cidadania\/","og_site_name":"Col\u00e9gio SIGEA","article_publisher":"https:\/\/www.facebook.com\/clsigea","article_published_time":"2019-07-04T10:52:07+00:00","og_image":[{"width":800,"height":600,"url":"https:\/\/sigea.pt\/wp-content\/uploads\/2019\/07\/IMG_3928.jpg","type":"image\/jpeg"}],"author":"bastudio","twitter_card":"summary_large_image","twitter_misc":{"Written by":"bastudio","Estimated reading time":"1 minute"},"schema":{"@context":"https:\/\/schema.org","@graph":[{"@type":"Article","@id":"https:\/\/sigea.pt\/en\/2019\/07\/educar-para-a-cidadania\/#article","isPartOf":{"@id":"https:\/\/sigea.pt\/en\/2019\/07\/educar-para-a-cidadania\/"},"author":{"name":"bastudio","@id":"https:\/\/sigea.pt\/#\/schema\/person\/4b244fc34cf0282140ad70e00854d0dd"},"headline":"Educar para a cidadania","datePublished":"2019-07-04T10:52:07+00:00","mainEntityOfPage":{"@id":"https:\/\/sigea.pt\/en\/2019\/07\/educar-para-a-cidadania\/"},"wordCount":159,"publisher":{"@id":"https:\/\/sigea.pt\/#organization"},"image":{"@id":"https:\/\/sigea.pt\/en\/2019\/07\/educar-para-a-cidadania\/#primaryimage"},"thumbnailUrl":"https:\/\/sigea.pt\/wp-content\/uploads\/2019\/07\/IMG_3928.jpg","articleSection":["Not\u00edcias"],"inLanguage":"en-GB"},{"@type":"WebPage","@id":"https:\/\/sigea.pt\/en\/2019\/07\/educar-para-a-cidadania\/","url":"https:\/\/sigea.pt\/en\/2019\/07\/educar-para-a-cidadania\/","name":"Col\u00e9gio SIGEA - Educar para a cidadania","isPartOf":{"@id":"https:\/\/sigea.pt\/#website"},"primaryImageOfPage":{"@id":"https:\/\/sigea.pt\/en\/2019\/07\/educar-para-a-cidadania\/#primaryimage"},"image":{"@id":"https:\/\/sigea.pt\/en\/2019\/07\/educar-para-a-cidadania\/#primaryimage"},"thumbnailUrl":"https:\/\/sigea.pt\/wp-content\/uploads\/2019\/07\/IMG_3928.jpg","datePublished":"2019-07-04T10:52:07+00:00","breadcrumb":{"@id":"https:\/\/sigea.pt\/en\/2019\/07\/educar-para-a-cidadania\/#breadcrumb"},"inLanguage":"en-GB","potentialAction":[{"@type":"ReadAction","target":["https:\/\/sigea.pt\/en\/2019\/07\/educar-para-a-cidadania\/"]}]},{"@type":"ImageObject","inLanguage":"en-GB","@id":"https:\/\/sigea.pt\/en\/2019\/07\/educar-para-a-cidadania\/#primaryimage","url":"https:\/\/sigea.pt\/wp-content\/uploads\/2019\/07\/IMG_3928.jpg","contentUrl":"https:\/\/sigea.pt\/wp-content\/uploads\/2019\/07\/IMG_3928.jpg","width":800,"height":600},{"@type":"BreadcrumbList","@id":"https:\/\/sigea.pt\/en\/2019\/07\/educar-para-a-cidadania\/#breadcrumb","itemListElement":[{"@type":"ListItem","position":1,"name":"In\u00edcio","item":"https:\/\/sigea.pt\/"},{"@type":"ListItem","position":2,"name":"Educar para a cidadania"}]},{"@type":"WebSite","@id":"https:\/\/sigea.pt\/#website","url":"https:\/\/sigea.pt\/","name":"Our School","description":"Educating the Future","publisher":{"@id":"https:\/\/sigea.pt\/#organization"},"potentialAction":[{"@type":"SearchAction","target":{"@type":"EntryPoint","urlTemplate":"https:\/\/sigea.pt\/?s={search_term_string}"},"query-input":{"@type":"PropertyValueSpecification","valueRequired":true,"valueName":"search_term_string"}}],"inLanguage":"en-GB"},{"@type":"Organization","@id":"https:\/\/sigea.pt\/#organization","name":"Col\u00e9gio Sigea","url":"https:\/\/sigea.pt\/","logo":{"@type":"ImageObject","inLanguage":"en-GB","@id":"https:\/\/sigea.pt\/#\/schema\/logo\/image\/","url":"https:\/\/sigea.pt\/wp-content\/uploads\/2019\/04\/logo-blue.png","contentUrl":"https:\/\/sigea.pt\/wp-content\/uploads\/2019\/04\/logo-blue.png","width":150,"height":150,"caption":"Col\u00e9gio Sigea"},"image":{"@id":"https:\/\/sigea.pt\/#\/schema\/logo\/image\/"},"sameAs":["https:\/\/www.facebook.com\/clsigea"]},{"@type":"Person","@id":"https:\/\/sigea.pt\/#\/schema\/person\/4b244fc34cf0282140ad70e00854d0dd","name":"bastudio","image":{"@type":"ImageObject","inLanguage":"en-GB","@id":"https:\/\/sigea.pt\/#\/schema\/person\/image\/","url":"https:\/\/secure.gravatar.com\/avatar\/cf0bebab52ccea4a70d011953180b33a529cc33fccd7a6b57a0a025d72156c18?s=96&d=mm&r=g","contentUrl":"https:\/\/secure.gravatar.com\/avatar\/cf0bebab52ccea4a70d011953180b33a529cc33fccd7a6b57a0a025d72156c18?s=96&d=mm&r=g","caption":"bastudio"}}]}},"author_meta":{"display_name":"bastudio","author_link":"https:\/\/sigea.pt\/en\/author\/bastudio\/"},"featured_img":"https:\/\/sigea.pt\/wp-content\/uploads\/2019\/07\/IMG_3928-300x225.jpg","coauthors":[],"tax_additional":{"categories":{"linked":["<a href=\"https:\/\/sigea.pt\/en\/category\/noticias\/\" class=\"advgb-post-tax-term\">Not\u00edcias<\/a>"],"unlinked":["<span class=\"advgb-post-tax-term\">Not\u00edcias<\/span>"]}},"comment_count":"0","relative_dates":{"created":"Posted 7 years ago","modified":"Updated 7 years ago"},"absolute_dates":{"created":"Posted on 04\/07\/2019","modified":"Updated on 04\/07\/2019"},"absolute_dates_time":{"created":"Posted on 04\/07\/2019 10:52","modified":"Updated on 04\/07\/2019 10:52"},"featured_img_caption":"","series_order":"","_links":{"self":[{"href":"https:\/\/sigea.pt\/en\/wp-json\/wp\/v2\/posts\/1022","targetHints":{"allow":["GET"]}}],"collection":[{"href":"https:\/\/sigea.pt\/en\/wp-json\/wp\/v2\/posts"}],"about":[{"href":"https:\/\/sigea.pt\/en\/wp-json\/wp\/v2\/types\/post"}],"author":[{"embeddable":true,"href":"https:\/\/sigea.pt\/en\/wp-json\/wp\/v2\/users\/1"}],"replies":[{"embeddable":true,"href":"https:\/\/sigea.pt\/en\/wp-json\/wp\/v2\/comments?post=1022"}],"version-history":[{"count":0,"href":"https:\/\/sigea.pt\/en\/wp-json\/wp\/v2\/posts\/1022\/revisions"}],"wp:featuredmedia":[{"embeddable":true,"href":"https:\/\/sigea.pt\/en\/wp-json\/wp\/v2\/media\/1023"}],"wp:attachment":[{"href":"https:\/\/sigea.pt\/en\/wp-json\/wp\/v2\/media?parent=1022"}],"wp:term":[{"taxonomy":"category","embeddable":true,"href":"https:\/\/sigea.pt\/en\/wp-json\/wp\/v2\/categories?post=1022"},{"taxonomy":"post_tag","embeddable":true,"href":"https:\/\/sigea.pt\/en\/wp-json\/wp\/v2\/tags?post=1022"}],"curies":[{"name":"wp","href":"https:\/\/api.w.org\/{rel}","templated":true}]}}