{"id":1009,"date":"2019-07-04T08:27:34","date_gmt":"2019-07-04T08:27:34","guid":{"rendered":"https:\/\/sigea.pt\/2019\/07\/sigea-fora-de-horas\/"},"modified":"2019-07-04T08:27:34","modified_gmt":"2019-07-04T08:27:34","slug":"sigea-fora-de-horas","status":"publish","type":"post","link":"https:\/\/sigea.pt\/en\/2019\/07\/sigea-fora-de-horas\/","title":{"rendered":"Sigea fora de horas"},"content":{"rendered":"<div>\n<div>\n<p>Conversas Sigea &#8211; Balan\u00e7o do 3.\u00ba ciclo<\/p>\n<p><\/div>\n<\/div>\n<div><img decoding=\"async\" src=\"http:\/\/www.colegiosigea.pt\/wp-content\/uploads\/2019\/07\/Imagem 1.png\" ><\/div>\n<div>\n<div>\n<p>Pais e professores reunidos \u00e0 noite no Col\u00e9gio?! Alunos tamb\u00e9m presentes?! E participantes vindos de fora?!<\/p>\n<p>Que situa\u00e7\u00e3o t\u00e3o grave ter\u00e1 ocorrido que justifique esta mobiliza\u00e7\u00e3o?<\/p>\n<p>Nada de preocupante! Foi dia de \u201cCONVERSAS SIGEA\u201d<\/p>\n<p>O convite \u00e9 simples, mas cativante: um orador convidado, professores e outros colaboradores do Sigea, pais, familiares (por vezes alunos) e tamb\u00e9m, nalgumas sess\u00f5es, agentes educativos da nossa envolvente geogr\u00e1fica; duas horas de encontro, uma introdu\u00e7\u00e3o inicial e tempo para perguntas e debate.<\/p>\n<p>Ao longo dos tr\u00eas \u00faltimos anos letivos, a uma cad\u00eancia aproximada de um encontro cada dois meses, nasceu CONVERSA a partir de temas que nos interpelam enquanto educadores e cidad\u00e3os ativos e conscientes: \u201cA escola e os jovens hoje: desafios e caminhos\u201d (2016\/17), \u201cJuventude em a\u00e7\u00e3o, futuro de uma gera\u00e7\u00e3o\u201d (2017\/18) e \u201cEducar no s\u00e9culo XXI: cruzar saberes, desvendar talentos, formar cidad\u00e3os\u201d (2018\/19).<\/p>\n<p>A introduzir e motivar a conversa, encontr\u00e1mos respons\u00e1veis pol\u00edticos (passados e atuais), personalidades de distintas forma\u00e7\u00f5es e quadrantes, habituadas a pensar a Educa\u00e7\u00e3o, mas tamb\u00e9m profissionais de diferentes \u00e1reas (alguns deles bem jovens) com uma vis\u00e3o muito pr\u00f3pria sobre Escola e Ensino e a sua intera\u00e7\u00e3o com a sociedade e o mundo do trabalho.<\/p>\n<p>Apesar de o dia seguinte ser de levantar cedo, v\u00e1rias vezes o hor\u00e1rio de fecho da sess\u00e3o teve de ser \u201cflexibilizado\u201d, t\u00e3o animada seguia a fase de perguntas e respostas, e em quase todas as CONVERSAS ficou a vontade de mais, ou que a pr\u00f3xima viesse r\u00e1pido.<\/p>\n<p>Nalguns encontros, o tema ou o orador motivariam mais uns do que outros, mas creio que em todas as ocasi\u00f5es os participantes sa\u00edram mais enriquecidos e com o sentimento de terem aproveitado bem aquelas horas retiradas ao seu tempo de descanso.<\/p>\n<p>Uma vez mais o SIGEA marcou a diferen\u00e7a, mostrando que a Escola n\u00e3o se limita aos Professores, outros Colaboradores e Alunos, e aos hor\u00e1rios letivos, mas convoca e contribui para a Forma\u00e7\u00e3o e Educa\u00e7\u00e3o da comunidade que a envolve, muito particularmente, os Pais e Fam\u00edlias.<\/p>\n<p>FAMILIA SIGEA n\u00e3o \u00e9 assim um slogan ou conceito abstrato, mas uma forma muito especial de viver o nosso Col\u00e9gio!<\/p>\n<p>A sala esteve regularmente cheia, mas acredito que sempre se encontrar\u00e1 forma de colocar mais umas cadeiras.<\/p>\n<p>Venham mais CONVERSAS SIGEA, que aqui estaremos para participar!<\/p>\n<p class=\"rteright\">Pedro Almeida Gon\u00e7alves in <em>Gazeteiro<\/em>, n.\u00ba 56<\/p>\n<p>&nbsp;<\/p>\n<p><\/div>\n<\/div>\n<div><img decoding=\"async\" src=\"http:\/\/www.colegiosigea.pt\/wp-content\/uploads\/2019\/07\/Imagem 1-0.png\" ><img decoding=\"async\" src=\"http:\/\/www.colegiosigea.pt\/wp-content\/uploads\/2019\/07\/Imagem 2.png\" ><img decoding=\"async\" src=\"http:\/\/www.colegiosigea.pt\/wp-content\/uploads\/2019\/07\/Imagem 3.png\" ><img decoding=\"async\" src=\"http:\/\/www.colegiosigea.pt\/wp-content\/uploads\/2019\/07\/Imagem 4.png\" ><img decoding=\"async\" src=\"http:\/\/www.colegiosigea.pt\/wp-content\/uploads\/2019\/07\/Imagem 5.png\" ><\/div>","protected":false},"excerpt":{"rendered":"<p>Conversas Sigea &#8211; Balan\u00e7o do 3.\u00ba ciclo Pais e professores reunidos \u00e0 noite no Col\u00e9gio?! Alunos tamb\u00e9m presentes?! E participantes vindos de fora?! Que situa\u00e7\u00e3o t\u00e3o grave ter\u00e1 ocorrido que&#8230;<\/p>","protected":false},"author":1,"featured_media":1010,"comment_status":"closed","ping_status":"closed","sticky":false,"template":"","format":"standard","meta":{"_acf_changed":false,"advgb_blocks_editor_width":"","advgb_blocks_columns_visual_guide":"","_joinchat":[],"footnotes":"","_links_to":"","_links_to_target":""},"categories":[4],"tags":[],"class_list":{"0":"post-1009","1":"post","2":"type-post","3":"status-publish","4":"format-standard","5":"has-post-thumbnail","7":"category-noticias"},"acf":[],"yoast_head":"<!-- This site is optimized with the Yoast SEO plugin v26.2 - https:\/\/yoast.com\/wordpress\/plugins\/seo\/ -->\n<title>Col\u00e9gio SIGEA - Sigea fora de horas<\/title>\n<meta name=\"robots\" content=\"index, follow, max-snippet:-1, max-image-preview:large, max-video-preview:-1\" \/>\n<link rel=\"canonical\" href=\"https:\/\/sigea.pt\/en\/2019\/07\/sigea-fora-de-horas\/\" \/>\n<meta property=\"og:locale\" content=\"en_GB\" \/>\n<meta property=\"og:type\" content=\"article\" \/>\n<meta property=\"og:title\" content=\"Col\u00e9gio SIGEA - Sigea fora de horas\" \/>\n<meta property=\"og:description\" content=\"Conversas Sigea &#8211; Balan\u00e7o do 3.\u00ba ciclo Pais e professores reunidos \u00e0 noite no Col\u00e9gio?! Alunos tamb\u00e9m presentes?! E participantes vindos de fora?! Que situa\u00e7\u00e3o t\u00e3o grave ter\u00e1 ocorrido que...\" \/>\n<meta property=\"og:url\" content=\"https:\/\/sigea.pt\/en\/2019\/07\/sigea-fora-de-horas\/\" \/>\n<meta property=\"og:site_name\" content=\"Col\u00e9gio SIGEA\" \/>\n<meta property=\"article:publisher\" content=\"https:\/\/www.facebook.com\/clsigea\" \/>\n<meta property=\"article:published_time\" content=\"2019-07-04T08:27:34+00:00\" \/>\n<meta property=\"og:image\" content=\"https:\/\/sigea.pt\/wp-content\/uploads\/2019\/07\/Imagem-1.png\" \/>\n\t<meta property=\"og:image:width\" content=\"1139\" \/>\n\t<meta property=\"og:image:height\" content=\"632\" \/>\n\t<meta property=\"og:image:type\" content=\"image\/png\" \/>\n<meta name=\"author\" content=\"bastudio\" \/>\n<meta name=\"twitter:card\" content=\"summary_large_image\" \/>\n<meta name=\"twitter:label1\" content=\"Written by\" \/>\n\t<meta name=\"twitter:data1\" content=\"bastudio\" \/>\n\t<meta name=\"twitter:label2\" content=\"Estimated reading time\" \/>\n\t<meta name=\"twitter:data2\" content=\"2 minutes\" \/>\n<script type=\"application\/ld+json\" class=\"yoast-schema-graph\">{\"@context\":\"https:\/\/schema.org\",\"@graph\":[{\"@type\":\"Article\",\"@id\":\"https:\/\/sigea.pt\/en\/2019\/07\/sigea-fora-de-horas\/#article\",\"isPartOf\":{\"@id\":\"https:\/\/sigea.pt\/en\/2019\/07\/sigea-fora-de-horas\/\"},\"author\":{\"name\":\"bastudio\",\"@id\":\"https:\/\/sigea.pt\/#\/schema\/person\/4b244fc34cf0282140ad70e00854d0dd\"},\"headline\":\"Sigea fora de horas\",\"datePublished\":\"2019-07-04T08:27:34+00:00\",\"mainEntityOfPage\":{\"@id\":\"https:\/\/sigea.pt\/en\/2019\/07\/sigea-fora-de-horas\/\"},\"wordCount\":427,\"publisher\":{\"@id\":\"https:\/\/sigea.pt\/#organization\"},\"image\":{\"@id\":\"https:\/\/sigea.pt\/en\/2019\/07\/sigea-fora-de-horas\/#primaryimage\"},\"thumbnailUrl\":\"https:\/\/sigea.pt\/wp-content\/uploads\/2019\/07\/Imagem-1.png\",\"articleSection\":[\"Not\u00edcias\"],\"inLanguage\":\"en-GB\"},{\"@type\":\"WebPage\",\"@id\":\"https:\/\/sigea.pt\/en\/2019\/07\/sigea-fora-de-horas\/\",\"url\":\"https:\/\/sigea.pt\/en\/2019\/07\/sigea-fora-de-horas\/\",\"name\":\"Col\u00e9gio SIGEA - Sigea fora de horas\",\"isPartOf\":{\"@id\":\"https:\/\/sigea.pt\/#website\"},\"primaryImageOfPage\":{\"@id\":\"https:\/\/sigea.pt\/en\/2019\/07\/sigea-fora-de-horas\/#primaryimage\"},\"image\":{\"@id\":\"https:\/\/sigea.pt\/en\/2019\/07\/sigea-fora-de-horas\/#primaryimage\"},\"thumbnailUrl\":\"https:\/\/sigea.pt\/wp-content\/uploads\/2019\/07\/Imagem-1.png\",\"datePublished\":\"2019-07-04T08:27:34+00:00\",\"breadcrumb\":{\"@id\":\"https:\/\/sigea.pt\/en\/2019\/07\/sigea-fora-de-horas\/#breadcrumb\"},\"inLanguage\":\"en-GB\",\"potentialAction\":[{\"@type\":\"ReadAction\",\"target\":[\"https:\/\/sigea.pt\/en\/2019\/07\/sigea-fora-de-horas\/\"]}]},{\"@type\":\"ImageObject\",\"inLanguage\":\"en-GB\",\"@id\":\"https:\/\/sigea.pt\/en\/2019\/07\/sigea-fora-de-horas\/#primaryimage\",\"url\":\"https:\/\/sigea.pt\/wp-content\/uploads\/2019\/07\/Imagem-1.png\",\"contentUrl\":\"https:\/\/sigea.pt\/wp-content\/uploads\/2019\/07\/Imagem-1.png\",\"width\":1139,\"height\":632},{\"@type\":\"BreadcrumbList\",\"@id\":\"https:\/\/sigea.pt\/en\/2019\/07\/sigea-fora-de-horas\/#breadcrumb\",\"itemListElement\":[{\"@type\":\"ListItem\",\"position\":1,\"name\":\"In\u00edcio\",\"item\":\"https:\/\/sigea.pt\/\"},{\"@type\":\"ListItem\",\"position\":2,\"name\":\"Sigea fora de horas\"}]},{\"@type\":\"WebSite\",\"@id\":\"https:\/\/sigea.pt\/#website\",\"url\":\"https:\/\/sigea.pt\/\",\"name\":\"Col\u00e9gio SIGEA\",\"description\":\"Educar o Futuro\",\"publisher\":{\"@id\":\"https:\/\/sigea.pt\/#organization\"},\"potentialAction\":[{\"@type\":\"SearchAction\",\"target\":{\"@type\":\"EntryPoint\",\"urlTemplate\":\"https:\/\/sigea.pt\/?s={search_term_string}\"},\"query-input\":{\"@type\":\"PropertyValueSpecification\",\"valueRequired\":true,\"valueName\":\"search_term_string\"}}],\"inLanguage\":\"en-GB\"},{\"@type\":\"Organization\",\"@id\":\"https:\/\/sigea.pt\/#organization\",\"name\":\"Col\u00e9gio Sigea\",\"url\":\"https:\/\/sigea.pt\/\",\"logo\":{\"@type\":\"ImageObject\",\"inLanguage\":\"en-GB\",\"@id\":\"https:\/\/sigea.pt\/#\/schema\/logo\/image\/\",\"url\":\"https:\/\/sigea.pt\/wp-content\/uploads\/2019\/04\/logo-blue.png\",\"contentUrl\":\"https:\/\/sigea.pt\/wp-content\/uploads\/2019\/04\/logo-blue.png\",\"width\":150,\"height\":150,\"caption\":\"Col\u00e9gio Sigea\"},\"image\":{\"@id\":\"https:\/\/sigea.pt\/#\/schema\/logo\/image\/\"},\"sameAs\":[\"https:\/\/www.facebook.com\/clsigea\"]},{\"@type\":\"Person\",\"@id\":\"https:\/\/sigea.pt\/#\/schema\/person\/4b244fc34cf0282140ad70e00854d0dd\",\"name\":\"bastudio\",\"image\":{\"@type\":\"ImageObject\",\"inLanguage\":\"en-GB\",\"@id\":\"https:\/\/sigea.pt\/#\/schema\/person\/image\/\",\"url\":\"https:\/\/secure.gravatar.com\/avatar\/cf0bebab52ccea4a70d011953180b33a529cc33fccd7a6b57a0a025d72156c18?s=96&d=mm&r=g\",\"contentUrl\":\"https:\/\/secure.gravatar.com\/avatar\/cf0bebab52ccea4a70d011953180b33a529cc33fccd7a6b57a0a025d72156c18?s=96&d=mm&r=g\",\"caption\":\"bastudio\"}}]}<\/script>\n<!-- \/ Yoast SEO plugin. -->","yoast_head_json":{"title":"Col\u00e9gio SIGEA - Sigea fora de horas","robots":{"index":"index","follow":"follow","max-snippet":"max-snippet:-1","max-image-preview":"max-image-preview:large","max-video-preview":"max-video-preview:-1"},"canonical":"https:\/\/sigea.pt\/en\/2019\/07\/sigea-fora-de-horas\/","og_locale":"en_GB","og_type":"article","og_title":"Col\u00e9gio SIGEA - Sigea fora de horas","og_description":"Conversas Sigea &#8211; Balan\u00e7o do 3.\u00ba ciclo Pais e professores reunidos \u00e0 noite no Col\u00e9gio?! Alunos tamb\u00e9m presentes?! E participantes vindos de fora?! Que situa\u00e7\u00e3o t\u00e3o grave ter\u00e1 ocorrido que...","og_url":"https:\/\/sigea.pt\/en\/2019\/07\/sigea-fora-de-horas\/","og_site_name":"Col\u00e9gio SIGEA","article_publisher":"https:\/\/www.facebook.com\/clsigea","article_published_time":"2019-07-04T08:27:34+00:00","og_image":[{"width":1139,"height":632,"url":"https:\/\/sigea.pt\/wp-content\/uploads\/2019\/07\/Imagem-1.png","type":"image\/png"}],"author":"bastudio","twitter_card":"summary_large_image","twitter_misc":{"Written by":"bastudio","Estimated reading time":"2 minutes"},"schema":{"@context":"https:\/\/schema.org","@graph":[{"@type":"Article","@id":"https:\/\/sigea.pt\/en\/2019\/07\/sigea-fora-de-horas\/#article","isPartOf":{"@id":"https:\/\/sigea.pt\/en\/2019\/07\/sigea-fora-de-horas\/"},"author":{"name":"bastudio","@id":"https:\/\/sigea.pt\/#\/schema\/person\/4b244fc34cf0282140ad70e00854d0dd"},"headline":"Sigea fora de horas","datePublished":"2019-07-04T08:27:34+00:00","mainEntityOfPage":{"@id":"https:\/\/sigea.pt\/en\/2019\/07\/sigea-fora-de-horas\/"},"wordCount":427,"publisher":{"@id":"https:\/\/sigea.pt\/#organization"},"image":{"@id":"https:\/\/sigea.pt\/en\/2019\/07\/sigea-fora-de-horas\/#primaryimage"},"thumbnailUrl":"https:\/\/sigea.pt\/wp-content\/uploads\/2019\/07\/Imagem-1.png","articleSection":["Not\u00edcias"],"inLanguage":"en-GB"},{"@type":"WebPage","@id":"https:\/\/sigea.pt\/en\/2019\/07\/sigea-fora-de-horas\/","url":"https:\/\/sigea.pt\/en\/2019\/07\/sigea-fora-de-horas\/","name":"Col\u00e9gio SIGEA - Sigea fora de horas","isPartOf":{"@id":"https:\/\/sigea.pt\/#website"},"primaryImageOfPage":{"@id":"https:\/\/sigea.pt\/en\/2019\/07\/sigea-fora-de-horas\/#primaryimage"},"image":{"@id":"https:\/\/sigea.pt\/en\/2019\/07\/sigea-fora-de-horas\/#primaryimage"},"thumbnailUrl":"https:\/\/sigea.pt\/wp-content\/uploads\/2019\/07\/Imagem-1.png","datePublished":"2019-07-04T08:27:34+00:00","breadcrumb":{"@id":"https:\/\/sigea.pt\/en\/2019\/07\/sigea-fora-de-horas\/#breadcrumb"},"inLanguage":"en-GB","potentialAction":[{"@type":"ReadAction","target":["https:\/\/sigea.pt\/en\/2019\/07\/sigea-fora-de-horas\/"]}]},{"@type":"ImageObject","inLanguage":"en-GB","@id":"https:\/\/sigea.pt\/en\/2019\/07\/sigea-fora-de-horas\/#primaryimage","url":"https:\/\/sigea.pt\/wp-content\/uploads\/2019\/07\/Imagem-1.png","contentUrl":"https:\/\/sigea.pt\/wp-content\/uploads\/2019\/07\/Imagem-1.png","width":1139,"height":632},{"@type":"BreadcrumbList","@id":"https:\/\/sigea.pt\/en\/2019\/07\/sigea-fora-de-horas\/#breadcrumb","itemListElement":[{"@type":"ListItem","position":1,"name":"In\u00edcio","item":"https:\/\/sigea.pt\/"},{"@type":"ListItem","position":2,"name":"Sigea fora de horas"}]},{"@type":"WebSite","@id":"https:\/\/sigea.pt\/#website","url":"https:\/\/sigea.pt\/","name":"Our School","description":"Educating the Future","publisher":{"@id":"https:\/\/sigea.pt\/#organization"},"potentialAction":[{"@type":"SearchAction","target":{"@type":"EntryPoint","urlTemplate":"https:\/\/sigea.pt\/?s={search_term_string}"},"query-input":{"@type":"PropertyValueSpecification","valueRequired":true,"valueName":"search_term_string"}}],"inLanguage":"en-GB"},{"@type":"Organization","@id":"https:\/\/sigea.pt\/#organization","name":"Col\u00e9gio Sigea","url":"https:\/\/sigea.pt\/","logo":{"@type":"ImageObject","inLanguage":"en-GB","@id":"https:\/\/sigea.pt\/#\/schema\/logo\/image\/","url":"https:\/\/sigea.pt\/wp-content\/uploads\/2019\/04\/logo-blue.png","contentUrl":"https:\/\/sigea.pt\/wp-content\/uploads\/2019\/04\/logo-blue.png","width":150,"height":150,"caption":"Col\u00e9gio Sigea"},"image":{"@id":"https:\/\/sigea.pt\/#\/schema\/logo\/image\/"},"sameAs":["https:\/\/www.facebook.com\/clsigea"]},{"@type":"Person","@id":"https:\/\/sigea.pt\/#\/schema\/person\/4b244fc34cf0282140ad70e00854d0dd","name":"bastudio","image":{"@type":"ImageObject","inLanguage":"en-GB","@id":"https:\/\/sigea.pt\/#\/schema\/person\/image\/","url":"https:\/\/secure.gravatar.com\/avatar\/cf0bebab52ccea4a70d011953180b33a529cc33fccd7a6b57a0a025d72156c18?s=96&d=mm&r=g","contentUrl":"https:\/\/secure.gravatar.com\/avatar\/cf0bebab52ccea4a70d011953180b33a529cc33fccd7a6b57a0a025d72156c18?s=96&d=mm&r=g","caption":"bastudio"}}]}},"author_meta":{"display_name":"bastudio","author_link":"https:\/\/sigea.pt\/en\/author\/bastudio\/"},"featured_img":"https:\/\/sigea.pt\/wp-content\/uploads\/2019\/07\/Imagem-1-300x166.png","coauthors":[],"tax_additional":{"categories":{"linked":["<a href=\"https:\/\/sigea.pt\/en\/category\/noticias\/\" class=\"advgb-post-tax-term\">Not\u00edcias<\/a>"],"unlinked":["<span class=\"advgb-post-tax-term\">Not\u00edcias<\/span>"]}},"comment_count":"0","relative_dates":{"created":"Posted 7 years ago","modified":"Updated 7 years ago"},"absolute_dates":{"created":"Posted on 04\/07\/2019","modified":"Updated on 04\/07\/2019"},"absolute_dates_time":{"created":"Posted on 04\/07\/2019 8:27","modified":"Updated on 04\/07\/2019 8:27"},"featured_img_caption":"","series_order":"","_links":{"self":[{"href":"https:\/\/sigea.pt\/en\/wp-json\/wp\/v2\/posts\/1009","targetHints":{"allow":["GET"]}}],"collection":[{"href":"https:\/\/sigea.pt\/en\/wp-json\/wp\/v2\/posts"}],"about":[{"href":"https:\/\/sigea.pt\/en\/wp-json\/wp\/v2\/types\/post"}],"author":[{"embeddable":true,"href":"https:\/\/sigea.pt\/en\/wp-json\/wp\/v2\/users\/1"}],"replies":[{"embeddable":true,"href":"https:\/\/sigea.pt\/en\/wp-json\/wp\/v2\/comments?post=1009"}],"version-history":[{"count":0,"href":"https:\/\/sigea.pt\/en\/wp-json\/wp\/v2\/posts\/1009\/revisions"}],"wp:featuredmedia":[{"embeddable":true,"href":"https:\/\/sigea.pt\/en\/wp-json\/wp\/v2\/media\/1010"}],"wp:attachment":[{"href":"https:\/\/sigea.pt\/en\/wp-json\/wp\/v2\/media?parent=1009"}],"wp:term":[{"taxonomy":"category","embeddable":true,"href":"https:\/\/sigea.pt\/en\/wp-json\/wp\/v2\/categories?post=1009"},{"taxonomy":"post_tag","embeddable":true,"href":"https:\/\/sigea.pt\/en\/wp-json\/wp\/v2\/tags?post=1009"}],"curies":[{"name":"wp","href":"https:\/\/api.w.org\/{rel}","templated":true}]}}